{"id":10060,"date":"2017-01-07T19:59:15","date_gmt":"2017-01-07T19:59:15","guid":{"rendered":"http:\/\/liceofrancestenerife.es\/mes-diciembre-los-psa\/"},"modified":"2017-02-24T08:13:53","modified_gmt":"2017-02-24T08:13:53","slug":"mes-diciembre-los-psa-2","status":"publish","type":"post","link":"https:\/\/liceofrancestenerife.es\/fr\/mes-diciembre-los-psa-2\/","title":{"rendered":"Le mois de d\u00e9cembre des PSA"},"content":{"rendered":"<p>Durant le mois de D\u00e9cembre les \u00e9l\u00e8ves de PSA ont travaill\u00e9 sur le th\u00e8me de No\u00ebl. Pour apprendre le nouveau vocabulaire, Samuel nous a lu des histoires de No\u00ebl et nous avons jou\u00e9 \u00e0 divers jeux tel que le loto. Nous avons \u00e9galement continu\u00e9 notre travail de reconnaissance des lettres en \u00e9crivant des mots avec des lettres mobiles. Nous avons travaill\u00e9 le graphisme afin d&#8217;am\u00e9liorer la tenue du feutre et d&#8217;\u00eatre plus pr\u00e9cis. Nous avons r\u00e9alis\u00e9 des sapins de no\u00ebl avec des bandes de papier de tailles diff\u00e9rentes et des gommettes; cela nous a permis de classer du plus grand au plus petit et de travailler les algorythmes. Nous avons utilis\u00e9 les tablettes de la maternelle pour travailler les puzzles.<\/p>\n<p>Pour le march\u00e9 de No\u00ebl, nous avons fabriqu\u00e9 deux cadeaux. Le premier est une d\u00e9coration en argile peinte \u00e0 accrocher dans le sapin. La deuxi\u00e8me est un bougeoir en verre d\u00e9corer de papiers color\u00e9s. Nous avons \u00e9galement peint un sapin de no\u00ebl pour d\u00e9corer la cour de r\u00e9cr\u00e9ation lors du march\u00e9 de no\u00ebl. En d\u00e9cembre nous avons appris trois nouvelles chansons que nous avons chant\u00e9 lors du spectacle avec les autres classes de maternelle.<\/p>\n<p>Comme cadeau \u00e0 emporter \u00e0 la maison, nous avons r\u00e9alis\u00e9 une sc\u00e8ne de la nuit de no\u00ebl en d\u00e9corant une boite de chaussures.<\/p>\n<p>Ce mois-ci, nous n&#8217;avons pas oubli\u00e9 de f\u00eater les anniversaires de Bruno L\u00f3pez et de Gonzalo qui ont eu trois ans.<\/p>\n<p>&nbsp;<\/p>\n<p><strong>\u00a0Le loto pour apprendre le nouveau vocabulaire :\u00a0<\/strong><\/p>\n\n\t\t<style type=\"text\/css\">\n\t\t\t#gallery-1 {\n\t\t\t\tmargin: auto;\n\t\t\t}\n\t\t\t#gallery-1 .gallery-item {\n\t\t\t\tfloat: left;\n\t\t\t\tmargin-top: 10px;\n\t\t\t\ttext-align: center;\n\t\t\t\twidth: 33%;\n\t\t\t}\n\t\t\t#gallery-1 img {\n\t\t\t\tborder: 2px solid #cfcfcf;\n\t\t\t}\n\t\t\t#gallery-1 .gallery-caption {\n\t\t\t\tmargin-left: 0;\n\t\t\t}\n\t\t\t\/* see gallery_shortcode() in wp-includes\/media.php *\/\n\t\t<\/style>\n\t\t<div id='gallery-1' class='gallery galleryid-10060 gallery-columns-3 gallery-size-large'><dl class='gallery-item'>\n\t\t\t<dt class='gallery-icon portrait'>\n\t\t\t\t<a data-rel=\"iLightbox[postimages]\" data-title=\"IMG_2024-e1483807658782\" data-caption=\"\" href='https:\/\/liceofrancestenerife.es\/fr\/mes-diciembre-los-psa-2\/img_2024-e1483807658782\/'><img decoding=\"async\" width=\"768\" height=\"1024\" src=\"https:\/\/liceofrancestenerife.es\/nuevaweb\/wp-content\/uploads\/2017\/01\/IMG_2024-e1483807658782-768x1024.jpg\" class=\"attachment-large size-large lazyload\" alt=\"\" srcset=\"data:image\/svg+xml,%3Csvg%20xmlns%3D%27http%3A%2F%2Fwww.w3.org%2F2000%2Fsvg%27%20width%3D%271125%27%20height%3D%271500%27%20viewBox%3D%270%200%201125%201500%27%3E%3Crect%20width%3D%271125%27%20height%3D%271500%27%20fill-opacity%3D%220%22%2F%3E%3C%2Fsvg%3E\" data-orig-src=\"https:\/\/liceofrancestenerife.es\/nuevaweb\/wp-content\/uploads\/2017\/01\/IMG_2024-e1483807658782-768x1024.jpg\" data-srcset=\"https:\/\/liceofrancestenerife.es\/nuevaweb\/wp-content\/uploads\/2017\/01\/IMG_2024-e1483807658782-200x267.jpg 200w, https:\/\/liceofrancestenerife.es\/nuevaweb\/wp-content\/uploads\/2017\/01\/IMG_2024-e1483807658782-225x300.jpg 225w, https:\/\/liceofrancestenerife.es\/nuevaweb\/wp-content\/uploads\/2017\/01\/IMG_2024-e1483807658782-400x533.jpg 400w, https:\/\/liceofrancestenerife.es\/nuevaweb\/wp-content\/uploads\/2017\/01\/IMG_2024-e1483807658782-600x800.jpg 600w, https:\/\/liceofrancestenerife.es\/nuevaweb\/wp-content\/uploads\/2017\/01\/IMG_2024-e1483807658782-768x1024.jpg 768w, https:\/\/liceofrancestenerife.es\/nuevaweb\/wp-content\/uploads\/2017\/01\/IMG_2024-e1483807658782-800x1066.jpg 800w, https:\/\/liceofrancestenerife.es\/nuevaweb\/wp-content\/uploads\/2017\/01\/IMG_2024-e1483807658782.jpg 1125w, https:\/\/liceofrancestenerife.es\/nuevaweb\/wp-content\/uploads\/2017\/01\/IMG_2024-e1483807658782-1200x1600.jpg 1200w\" data-sizes=\"auto\" \/><\/a>\n\t\t\t<\/dt><\/dl><dl class='gallery-item'>\n\t\t\t<dt class='gallery-icon portrait'>\n\t\t\t\t<a data-rel=\"iLightbox[postimages]\" data-title=\"IMG_2025-e1483807688368\" data-caption=\"\" href='https:\/\/liceofrancestenerife.es\/fr\/mes-diciembre-los-psa-2\/img_2025-e1483807688368\/'><img decoding=\"async\" width=\"768\" height=\"1024\" src=\"https:\/\/liceofrancestenerife.es\/nuevaweb\/wp-content\/uploads\/2017\/01\/IMG_2025-e1483807688368-768x1024.jpg\" class=\"attachment-large size-large lazyload\" alt=\"\" srcset=\"data:image\/svg+xml,%3Csvg%20xmlns%3D%27http%3A%2F%2Fwww.w3.org%2F2000%2Fsvg%27%20width%3D%271125%27%20height%3D%271500%27%20viewBox%3D%270%200%201125%201500%27%3E%3Crect%20width%3D%271125%27%20height%3D%271500%27%20fill-opacity%3D%220%22%2F%3E%3C%2Fsvg%3E\" data-orig-src=\"https:\/\/liceofrancestenerife.es\/nuevaweb\/wp-content\/uploads\/2017\/01\/IMG_2025-e1483807688368-768x1024.jpg\" data-srcset=\"https:\/\/liceofrancestenerife.es\/nuevaweb\/wp-content\/uploads\/2017\/01\/IMG_2025-e1483807688368-200x267.jpg 200w, https:\/\/liceofrancestenerife.es\/nuevaweb\/wp-content\/uploads\/2017\/01\/IMG_2025-e1483807688368-225x300.jpg 225w, https:\/\/liceofrancestenerife.es\/nuevaweb\/wp-content\/uploads\/2017\/01\/IMG_2025-e1483807688368-400x533.jpg 400w, https:\/\/liceofrancestenerife.es\/nuevaweb\/wp-content\/uploads\/2017\/01\/IMG_2025-e1483807688368-600x800.jpg 600w, https:\/\/liceofrancestenerife.es\/nuevaweb\/wp-content\/uploads\/2017\/01\/IMG_2025-e1483807688368-768x1024.jpg 768w, https:\/\/liceofrancestenerife.es\/nuevaweb\/wp-content\/uploads\/2017\/01\/IMG_2025-e1483807688368-800x1066.jpg 800w, https:\/\/liceofrancestenerife.es\/nuevaweb\/wp-content\/uploads\/2017\/01\/IMG_2025-e1483807688368.jpg 1125w, https:\/\/liceofrancestenerife.es\/nuevaweb\/wp-content\/uploads\/2017\/01\/IMG_2025-e1483807688368-1200x1600.jpg 1200w\" data-sizes=\"auto\" \/><\/a>\n\t\t\t<\/dt><\/dl><dl class='gallery-item'>\n\t\t\t<dt class='gallery-icon portrait'>\n\t\t\t\t<a data-rel=\"iLightbox[postimages]\" data-title=\"IMG_2028-e1483807742942\" data-caption=\"\" href='https:\/\/liceofrancestenerife.es\/fr\/mes-diciembre-los-psa-2\/img_2028-e1483807742942\/'><img decoding=\"async\" width=\"768\" height=\"1024\" src=\"https:\/\/liceofrancestenerife.es\/nuevaweb\/wp-content\/uploads\/2017\/01\/IMG_2028-e1483807742942-768x1024.jpg\" class=\"attachment-large size-large lazyload\" alt=\"\" srcset=\"data:image\/svg+xml,%3Csvg%20xmlns%3D%27http%3A%2F%2Fwww.w3.org%2F2000%2Fsvg%27%20width%3D%271125%27%20height%3D%271500%27%20viewBox%3D%270%200%201125%201500%27%3E%3Crect%20width%3D%271125%27%20height%3D%271500%27%20fill-opacity%3D%220%22%2F%3E%3C%2Fsvg%3E\" data-orig-src=\"https:\/\/liceofrancestenerife.es\/nuevaweb\/wp-content\/uploads\/2017\/01\/IMG_2028-e1483807742942-768x1024.jpg\" data-srcset=\"https:\/\/liceofrancestenerife.es\/nuevaweb\/wp-content\/uploads\/2017\/01\/IMG_2028-e1483807742942-200x267.jpg 200w, https:\/\/liceofrancestenerife.es\/nuevaweb\/wp-content\/uploads\/2017\/01\/IMG_2028-e1483807742942-225x300.jpg 225w, https:\/\/liceofrancestenerife.es\/nuevaweb\/wp-content\/uploads\/2017\/01\/IMG_2028-e1483807742942-400x533.jpg 400w, https:\/\/liceofrancestenerife.es\/nuevaweb\/wp-content\/uploads\/2017\/01\/IMG_2028-e1483807742942-600x800.jpg 600w, https:\/\/liceofrancestenerife.es\/nuevaweb\/wp-content\/uploads\/2017\/01\/IMG_2028-e1483807742942-768x1024.jpg 768w, https:\/\/liceofrancestenerife.es\/nuevaweb\/wp-content\/uploads\/2017\/01\/IMG_2028-e1483807742942-800x1066.jpg 800w, https:\/\/liceofrancestenerife.es\/nuevaweb\/wp-content\/uploads\/2017\/01\/IMG_2028-e1483807742942.jpg 1125w, https:\/\/liceofrancestenerife.es\/nuevaweb\/wp-content\/uploads\/2017\/01\/IMG_2028-e1483807742942-1200x1600.jpg 1200w\" data-sizes=\"auto\" \/><\/a>\n\t\t\t<\/dt><\/dl><br style=\"clear: both\" \/><dl class='gallery-item'>\n\t\t\t<dt class='gallery-icon portrait'>\n\t\t\t\t<a data-rel=\"iLightbox[postimages]\" data-title=\"IMG_2030-e1483807803106\" data-caption=\"\" href='https:\/\/liceofrancestenerife.es\/fr\/mes-diciembre-los-psa-2\/img_2030-e1483807803106\/'><img decoding=\"async\" width=\"768\" height=\"1024\" src=\"https:\/\/liceofrancestenerife.es\/nuevaweb\/wp-content\/uploads\/2017\/01\/IMG_2030-e1483807803106-768x1024.jpg\" class=\"attachment-large size-large lazyload\" alt=\"\" srcset=\"data:image\/svg+xml,%3Csvg%20xmlns%3D%27http%3A%2F%2Fwww.w3.org%2F2000%2Fsvg%27%20width%3D%271125%27%20height%3D%271500%27%20viewBox%3D%270%200%201125%201500%27%3E%3Crect%20width%3D%271125%27%20height%3D%271500%27%20fill-opacity%3D%220%22%2F%3E%3C%2Fsvg%3E\" data-orig-src=\"https:\/\/liceofrancestenerife.es\/nuevaweb\/wp-content\/uploads\/2017\/01\/IMG_2030-e1483807803106-768x1024.jpg\" data-srcset=\"https:\/\/liceofrancestenerife.es\/nuevaweb\/wp-content\/uploads\/2017\/01\/IMG_2030-e1483807803106-200x267.jpg 200w, https:\/\/liceofrancestenerife.es\/nuevaweb\/wp-content\/uploads\/2017\/01\/IMG_2030-e1483807803106-225x300.jpg 225w, https:\/\/liceofrancestenerife.es\/nuevaweb\/wp-content\/uploads\/2017\/01\/IMG_2030-e1483807803106-400x533.jpg 400w, https:\/\/liceofrancestenerife.es\/nuevaweb\/wp-content\/uploads\/2017\/01\/IMG_2030-e1483807803106-600x800.jpg 600w, https:\/\/liceofrancestenerife.es\/nuevaweb\/wp-content\/uploads\/2017\/01\/IMG_2030-e1483807803106-768x1024.jpg 768w, https:\/\/liceofrancestenerife.es\/nuevaweb\/wp-content\/uploads\/2017\/01\/IMG_2030-e1483807803106-800x1066.jpg 800w, https:\/\/liceofrancestenerife.es\/nuevaweb\/wp-content\/uploads\/2017\/01\/IMG_2030-e1483807803106.jpg 1125w, https:\/\/liceofrancestenerife.es\/nuevaweb\/wp-content\/uploads\/2017\/01\/IMG_2030-e1483807803106-1200x1600.jpg 1200w\" data-sizes=\"auto\" \/><\/a>\n\t\t\t<\/dt><\/dl><dl class='gallery-item'>\n\t\t\t<dt class='gallery-icon portrait'>\n\t\t\t\t<a data-rel=\"iLightbox[postimages]\" data-title=\"IMG_2031-e1483807924240\" data-caption=\"\" href='https:\/\/liceofrancestenerife.es\/fr\/mes-diciembre-los-psa-2\/img_2031-e1483807924240\/'><img decoding=\"async\" width=\"768\" height=\"1024\" src=\"https:\/\/liceofrancestenerife.es\/nuevaweb\/wp-content\/uploads\/2017\/01\/IMG_2031-e1483807924240-768x1024.jpg\" class=\"attachment-large size-large lazyload\" alt=\"\" srcset=\"data:image\/svg+xml,%3Csvg%20xmlns%3D%27http%3A%2F%2Fwww.w3.org%2F2000%2Fsvg%27%20width%3D%271125%27%20height%3D%271500%27%20viewBox%3D%270%200%201125%201500%27%3E%3Crect%20width%3D%271125%27%20height%3D%271500%27%20fill-opacity%3D%220%22%2F%3E%3C%2Fsvg%3E\" data-orig-src=\"https:\/\/liceofrancestenerife.es\/nuevaweb\/wp-content\/uploads\/2017\/01\/IMG_2031-e1483807924240-768x1024.jpg\" data-srcset=\"https:\/\/liceofrancestenerife.es\/nuevaweb\/wp-content\/uploads\/2017\/01\/IMG_2031-e1483807924240-200x267.jpg 200w, https:\/\/liceofrancestenerife.es\/nuevaweb\/wp-content\/uploads\/2017\/01\/IMG_2031-e1483807924240-225x300.jpg 225w, https:\/\/liceofrancestenerife.es\/nuevaweb\/wp-content\/uploads\/2017\/01\/IMG_2031-e1483807924240-400x533.jpg 400w, https:\/\/liceofrancestenerife.es\/nuevaweb\/wp-content\/uploads\/2017\/01\/IMG_2031-e1483807924240-600x800.jpg 600w, https:\/\/liceofrancestenerife.es\/nuevaweb\/wp-content\/uploads\/2017\/01\/IMG_2031-e1483807924240-768x1024.jpg 768w, https:\/\/liceofrancestenerife.es\/nuevaweb\/wp-content\/uploads\/2017\/01\/IMG_2031-e1483807924240-800x1066.jpg 800w, https:\/\/liceofrancestenerife.es\/nuevaweb\/wp-content\/uploads\/2017\/01\/IMG_2031-e1483807924240.jpg 1125w, https:\/\/liceofrancestenerife.es\/nuevaweb\/wp-content\/uploads\/2017\/01\/IMG_2031-e1483807924240-1200x1600.jpg 1200w\" data-sizes=\"auto\" \/><\/a>\n\t\t\t<\/dt><\/dl><dl class='gallery-item'>\n\t\t\t<dt class='gallery-icon portrait'>\n\t\t\t\t<a data-rel=\"iLightbox[postimages]\" data-title=\"IMG_2034-e1483807981256\" data-caption=\"\" href='https:\/\/liceofrancestenerife.es\/fr\/mes-diciembre-los-psa-2\/img_2034-e1483807981256\/'><img decoding=\"async\" width=\"768\" height=\"1024\" src=\"https:\/\/liceofrancestenerife.es\/nuevaweb\/wp-content\/uploads\/2017\/01\/IMG_2034-e1483807981256-768x1024.jpg\" class=\"attachment-large size-large lazyload\" alt=\"\" srcset=\"data:image\/svg+xml,%3Csvg%20xmlns%3D%27http%3A%2F%2Fwww.w3.org%2F2000%2Fsvg%27%20width%3D%271125%27%20height%3D%271500%27%20viewBox%3D%270%200%201125%201500%27%3E%3Crect%20width%3D%271125%27%20height%3D%271500%27%20fill-opacity%3D%220%22%2F%3E%3C%2Fsvg%3E\" data-orig-src=\"https:\/\/liceofrancestenerife.es\/nuevaweb\/wp-content\/uploads\/2017\/01\/IMG_2034-e1483807981256-768x1024.jpg\" data-srcset=\"https:\/\/liceofrancestenerife.es\/nuevaweb\/wp-content\/uploads\/2017\/01\/IMG_2034-e1483807981256-200x267.jpg 200w, https:\/\/liceofrancestenerife.es\/nuevaweb\/wp-content\/uploads\/2017\/01\/IMG_2034-e1483807981256-225x300.jpg 225w, https:\/\/liceofrancestenerife.es\/nuevaweb\/wp-content\/uploads\/2017\/01\/IMG_2034-e1483807981256-400x533.jpg 400w, https:\/\/liceofrancestenerife.es\/nuevaweb\/wp-content\/uploads\/2017\/01\/IMG_2034-e1483807981256-600x800.jpg 600w, https:\/\/liceofrancestenerife.es\/nuevaweb\/wp-content\/uploads\/2017\/01\/IMG_2034-e1483807981256-768x1024.jpg 768w, https:\/\/liceofrancestenerife.es\/nuevaweb\/wp-content\/uploads\/2017\/01\/IMG_2034-e1483807981256-800x1066.jpg 800w, https:\/\/liceofrancestenerife.es\/nuevaweb\/wp-content\/uploads\/2017\/01\/IMG_2034-e1483807981256.jpg 1125w, https:\/\/liceofrancestenerife.es\/nuevaweb\/wp-content\/uploads\/2017\/01\/IMG_2034-e1483807981256-1200x1600.jpg 1200w\" data-sizes=\"auto\" \/><\/a>\n\t\t\t<\/dt><\/dl><br style=\"clear: both\" \/>\n\t\t<\/div>\n\n<p><strong>Le travail des lettres :\u00a0<\/strong><\/p>\n\n\t\t<style type=\"text\/css\">\n\t\t\t#gallery-2 {\n\t\t\t\tmargin: auto;\n\t\t\t}\n\t\t\t#gallery-2 .gallery-item {\n\t\t\t\tfloat: left;\n\t\t\t\tmargin-top: 10px;\n\t\t\t\ttext-align: center;\n\t\t\t\twidth: 33%;\n\t\t\t}\n\t\t\t#gallery-2 img {\n\t\t\t\tborder: 2px solid #cfcfcf;\n\t\t\t}\n\t\t\t#gallery-2 .gallery-caption {\n\t\t\t\tmargin-left: 0;\n\t\t\t}\n\t\t\t\/* see gallery_shortcode() in wp-includes\/media.php *\/\n\t\t<\/style>\n\t\t<div id='gallery-2' class='gallery galleryid-10060 gallery-columns-3 gallery-size-large'><dl class='gallery-item'>\n\t\t\t<dt class='gallery-icon portrait'>\n\t\t\t\t<a data-rel=\"iLightbox[postimages]\" data-title=\"IMG_2020-e1483808263767\" data-caption=\"\" href='https:\/\/liceofrancestenerife.es\/fr\/mes-diciembre-los-psa-2\/img_2020-e1483808263767\/'><img decoding=\"async\" width=\"768\" height=\"1024\" src=\"https:\/\/liceofrancestenerife.es\/nuevaweb\/wp-content\/uploads\/2017\/01\/IMG_2020-e1483808263767-768x1024.jpg\" class=\"attachment-large size-large lazyload\" alt=\"\" srcset=\"data:image\/svg+xml,%3Csvg%20xmlns%3D%27http%3A%2F%2Fwww.w3.org%2F2000%2Fsvg%27%20width%3D%271125%27%20height%3D%271500%27%20viewBox%3D%270%200%201125%201500%27%3E%3Crect%20width%3D%271125%27%20height%3D%271500%27%20fill-opacity%3D%220%22%2F%3E%3C%2Fsvg%3E\" data-orig-src=\"https:\/\/liceofrancestenerife.es\/nuevaweb\/wp-content\/uploads\/2017\/01\/IMG_2020-e1483808263767-768x1024.jpg\" data-srcset=\"https:\/\/liceofrancestenerife.es\/nuevaweb\/wp-content\/uploads\/2017\/01\/IMG_2020-e1483808263767-200x267.jpg 200w, https:\/\/liceofrancestenerife.es\/nuevaweb\/wp-content\/uploads\/2017\/01\/IMG_2020-e1483808263767-225x300.jpg 225w, https:\/\/liceofrancestenerife.es\/nuevaweb\/wp-content\/uploads\/2017\/01\/IMG_2020-e1483808263767-400x533.jpg 400w, https:\/\/liceofrancestenerife.es\/nuevaweb\/wp-content\/uploads\/2017\/01\/IMG_2020-e1483808263767-600x800.jpg 600w, https:\/\/liceofrancestenerife.es\/nuevaweb\/wp-content\/uploads\/2017\/01\/IMG_2020-e1483808263767-768x1024.jpg 768w, https:\/\/liceofrancestenerife.es\/nuevaweb\/wp-content\/uploads\/2017\/01\/IMG_2020-e1483808263767-800x1066.jpg 800w, https:\/\/liceofrancestenerife.es\/nuevaweb\/wp-content\/uploads\/2017\/01\/IMG_2020-e1483808263767.jpg 1125w, https:\/\/liceofrancestenerife.es\/nuevaweb\/wp-content\/uploads\/2017\/01\/IMG_2020-e1483808263767-1200x1600.jpg 1200w\" data-sizes=\"auto\" \/><\/a>\n\t\t\t<\/dt><\/dl><dl class='gallery-item'>\n\t\t\t<dt class='gallery-icon portrait'>\n\t\t\t\t<a data-rel=\"iLightbox[postimages]\" data-title=\"IMG_1723-e1483808352798\" data-caption=\"\" href='https:\/\/liceofrancestenerife.es\/fr\/mes-diciembre-los-psa-2\/img_1723-e1483808352798\/'><img decoding=\"async\" width=\"768\" height=\"1024\" src=\"https:\/\/liceofrancestenerife.es\/nuevaweb\/wp-content\/uploads\/2017\/01\/IMG_1723-e1483808352798-768x1024.jpg\" class=\"attachment-large size-large lazyload\" alt=\"\" srcset=\"data:image\/svg+xml,%3Csvg%20xmlns%3D%27http%3A%2F%2Fwww.w3.org%2F2000%2Fsvg%27%20width%3D%271125%27%20height%3D%271500%27%20viewBox%3D%270%200%201125%201500%27%3E%3Crect%20width%3D%271125%27%20height%3D%271500%27%20fill-opacity%3D%220%22%2F%3E%3C%2Fsvg%3E\" data-orig-src=\"https:\/\/liceofrancestenerife.es\/nuevaweb\/wp-content\/uploads\/2017\/01\/IMG_1723-e1483808352798-768x1024.jpg\" data-srcset=\"https:\/\/liceofrancestenerife.es\/nuevaweb\/wp-content\/uploads\/2017\/01\/IMG_1723-e1483808352798-200x267.jpg 200w, https:\/\/liceofrancestenerife.es\/nuevaweb\/wp-content\/uploads\/2017\/01\/IMG_1723-e1483808352798-225x300.jpg 225w, https:\/\/liceofrancestenerife.es\/nuevaweb\/wp-content\/uploads\/2017\/01\/IMG_1723-e1483808352798-400x533.jpg 400w, https:\/\/liceofrancestenerife.es\/nuevaweb\/wp-content\/uploads\/2017\/01\/IMG_1723-e1483808352798-600x800.jpg 600w, https:\/\/liceofrancestenerife.es\/nuevaweb\/wp-content\/uploads\/2017\/01\/IMG_1723-e1483808352798-768x1024.jpg 768w, https:\/\/liceofrancestenerife.es\/nuevaweb\/wp-content\/uploads\/2017\/01\/IMG_1723-e1483808352798-800x1066.jpg 800w, https:\/\/liceofrancestenerife.es\/nuevaweb\/wp-content\/uploads\/2017\/01\/IMG_1723-e1483808352798.jpg 1125w, https:\/\/liceofrancestenerife.es\/nuevaweb\/wp-content\/uploads\/2017\/01\/IMG_1723-e1483808352798-1200x1600.jpg 1200w\" data-sizes=\"auto\" \/><\/a>\n\t\t\t<\/dt><\/dl><dl class='gallery-item'>\n\t\t\t<dt class='gallery-icon portrait'>\n\t\t\t\t<a data-rel=\"iLightbox[postimages]\" data-title=\"IMG_1725-e1483808389554\" data-caption=\"\" href='https:\/\/liceofrancestenerife.es\/fr\/mes-diciembre-los-psa-2\/img_1725-e1483808389554\/'><img decoding=\"async\" width=\"768\" height=\"1024\" src=\"https:\/\/liceofrancestenerife.es\/nuevaweb\/wp-content\/uploads\/2017\/01\/IMG_1725-e1483808389554-768x1024.jpg\" class=\"attachment-large size-large lazyload\" alt=\"\" srcset=\"data:image\/svg+xml,%3Csvg%20xmlns%3D%27http%3A%2F%2Fwww.w3.org%2F2000%2Fsvg%27%20width%3D%271125%27%20height%3D%271500%27%20viewBox%3D%270%200%201125%201500%27%3E%3Crect%20width%3D%271125%27%20height%3D%271500%27%20fill-opacity%3D%220%22%2F%3E%3C%2Fsvg%3E\" data-orig-src=\"https:\/\/liceofrancestenerife.es\/nuevaweb\/wp-content\/uploads\/2017\/01\/IMG_1725-e1483808389554-768x1024.jpg\" data-srcset=\"https:\/\/liceofrancestenerife.es\/nuevaweb\/wp-content\/uploads\/2017\/01\/IMG_1725-e1483808389554-200x267.jpg 200w, https:\/\/liceofrancestenerife.es\/nuevaweb\/wp-content\/uploads\/2017\/01\/IMG_1725-e1483808389554-225x300.jpg 225w, https:\/\/liceofrancestenerife.es\/nuevaweb\/wp-content\/uploads\/2017\/01\/IMG_1725-e1483808389554-400x533.jpg 400w, https:\/\/liceofrancestenerife.es\/nuevaweb\/wp-content\/uploads\/2017\/01\/IMG_1725-e1483808389554-600x800.jpg 600w, https:\/\/liceofrancestenerife.es\/nuevaweb\/wp-content\/uploads\/2017\/01\/IMG_1725-e1483808389554-768x1024.jpg 768w, https:\/\/liceofrancestenerife.es\/nuevaweb\/wp-content\/uploads\/2017\/01\/IMG_1725-e1483808389554-800x1066.jpg 800w, https:\/\/liceofrancestenerife.es\/nuevaweb\/wp-content\/uploads\/2017\/01\/IMG_1725-e1483808389554.jpg 1125w, https:\/\/liceofrancestenerife.es\/nuevaweb\/wp-content\/uploads\/2017\/01\/IMG_1725-e1483808389554-1200x1600.jpg 1200w\" data-sizes=\"auto\" \/><\/a>\n\t\t\t<\/dt><\/dl><br style=\"clear: both\" \/>\n\t\t<\/div>\n\n<p><strong>\u00a0Les puzzles sur tablettes :<\/strong><\/p>\n\n\t\t<style type=\"text\/css\">\n\t\t\t#gallery-3 {\n\t\t\t\tmargin: auto;\n\t\t\t}\n\t\t\t#gallery-3 .gallery-item {\n\t\t\t\tfloat: left;\n\t\t\t\tmargin-top: 10px;\n\t\t\t\ttext-align: center;\n\t\t\t\twidth: 33%;\n\t\t\t}\n\t\t\t#gallery-3 img {\n\t\t\t\tborder: 2px solid #cfcfcf;\n\t\t\t}\n\t\t\t#gallery-3 .gallery-caption {\n\t\t\t\tmargin-left: 0;\n\t\t\t}\n\t\t\t\/* see gallery_shortcode() in wp-includes\/media.php *\/\n\t\t<\/style>\n\t\t<div id='gallery-3' class='gallery galleryid-10060 gallery-columns-3 gallery-size-large'><dl class='gallery-item'>\n\t\t\t<dt class='gallery-icon portrait'>\n\t\t\t\t<a data-rel=\"iLightbox[postimages]\" data-title=\"IMG_2105-e1483809322798\" data-caption=\"\" href='https:\/\/liceofrancestenerife.es\/fr\/mes-diciembre-los-psa-2\/img_2105-e1483809322798\/'><img decoding=\"async\" width=\"768\" height=\"1024\" src=\"https:\/\/liceofrancestenerife.es\/nuevaweb\/wp-content\/uploads\/2017\/01\/IMG_2105-e1483809322798-768x1024.jpg\" class=\"attachment-large size-large lazyload\" alt=\"\" srcset=\"data:image\/svg+xml,%3Csvg%20xmlns%3D%27http%3A%2F%2Fwww.w3.org%2F2000%2Fsvg%27%20width%3D%271125%27%20height%3D%271500%27%20viewBox%3D%270%200%201125%201500%27%3E%3Crect%20width%3D%271125%27%20height%3D%271500%27%20fill-opacity%3D%220%22%2F%3E%3C%2Fsvg%3E\" data-orig-src=\"https:\/\/liceofrancestenerife.es\/nuevaweb\/wp-content\/uploads\/2017\/01\/IMG_2105-e1483809322798-768x1024.jpg\" data-srcset=\"https:\/\/liceofrancestenerife.es\/nuevaweb\/wp-content\/uploads\/2017\/01\/IMG_2105-e1483809322798-200x267.jpg 200w, https:\/\/liceofrancestenerife.es\/nuevaweb\/wp-content\/uploads\/2017\/01\/IMG_2105-e1483809322798-225x300.jpg 225w, https:\/\/liceofrancestenerife.es\/nuevaweb\/wp-content\/uploads\/2017\/01\/IMG_2105-e1483809322798-400x533.jpg 400w, https:\/\/liceofrancestenerife.es\/nuevaweb\/wp-content\/uploads\/2017\/01\/IMG_2105-e1483809322798-600x800.jpg 600w, https:\/\/liceofrancestenerife.es\/nuevaweb\/wp-content\/uploads\/2017\/01\/IMG_2105-e1483809322798-768x1024.jpg 768w, https:\/\/liceofrancestenerife.es\/nuevaweb\/wp-content\/uploads\/2017\/01\/IMG_2105-e1483809322798-800x1066.jpg 800w, https:\/\/liceofrancestenerife.es\/nuevaweb\/wp-content\/uploads\/2017\/01\/IMG_2105-e1483809322798.jpg 1125w, https:\/\/liceofrancestenerife.es\/nuevaweb\/wp-content\/uploads\/2017\/01\/IMG_2105-e1483809322798-1200x1600.jpg 1200w\" data-sizes=\"auto\" \/><\/a>\n\t\t\t<\/dt><\/dl><dl class='gallery-item'>\n\t\t\t<dt class='gallery-icon portrait'>\n\t\t\t\t<a data-rel=\"iLightbox[postimages]\" data-title=\"IMG_2107-e1483809356688\" data-caption=\"\" href='https:\/\/liceofrancestenerife.es\/fr\/mes-diciembre-los-psa-2\/img_2107-e1483809356688\/'><img decoding=\"async\" width=\"768\" height=\"1024\" src=\"https:\/\/liceofrancestenerife.es\/nuevaweb\/wp-content\/uploads\/2017\/01\/IMG_2107-e1483809356688-768x1024.jpg\" class=\"attachment-large size-large lazyload\" alt=\"\" srcset=\"data:image\/svg+xml,%3Csvg%20xmlns%3D%27http%3A%2F%2Fwww.w3.org%2F2000%2Fsvg%27%20width%3D%271125%27%20height%3D%271500%27%20viewBox%3D%270%200%201125%201500%27%3E%3Crect%20width%3D%271125%27%20height%3D%271500%27%20fill-opacity%3D%220%22%2F%3E%3C%2Fsvg%3E\" data-orig-src=\"https:\/\/liceofrancestenerife.es\/nuevaweb\/wp-content\/uploads\/2017\/01\/IMG_2107-e1483809356688-768x1024.jpg\" data-srcset=\"https:\/\/liceofrancestenerife.es\/nuevaweb\/wp-content\/uploads\/2017\/01\/IMG_2107-e1483809356688-200x267.jpg 200w, https:\/\/liceofrancestenerife.es\/nuevaweb\/wp-content\/uploads\/2017\/01\/IMG_2107-e1483809356688-225x300.jpg 225w, https:\/\/liceofrancestenerife.es\/nuevaweb\/wp-content\/uploads\/2017\/01\/IMG_2107-e1483809356688-400x533.jpg 400w, https:\/\/liceofrancestenerife.es\/nuevaweb\/wp-content\/uploads\/2017\/01\/IMG_2107-e1483809356688-600x800.jpg 600w, https:\/\/liceofrancestenerife.es\/nuevaweb\/wp-content\/uploads\/2017\/01\/IMG_2107-e1483809356688-768x1024.jpg 768w, https:\/\/liceofrancestenerife.es\/nuevaweb\/wp-content\/uploads\/2017\/01\/IMG_2107-e1483809356688-800x1066.jpg 800w, https:\/\/liceofrancestenerife.es\/nuevaweb\/wp-content\/uploads\/2017\/01\/IMG_2107-e1483809356688.jpg 1125w, https:\/\/liceofrancestenerife.es\/nuevaweb\/wp-content\/uploads\/2017\/01\/IMG_2107-e1483809356688-1200x1600.jpg 1200w\" data-sizes=\"auto\" \/><\/a>\n\t\t\t<\/dt><\/dl><dl class='gallery-item'>\n\t\t\t<dt class='gallery-icon portrait'>\n\t\t\t\t<a data-rel=\"iLightbox[postimages]\" data-title=\"IMG_2109-e1483809383874\" data-caption=\"\" href='https:\/\/liceofrancestenerife.es\/fr\/mes-diciembre-los-psa-2\/img_2109-e1483809383874\/'><img decoding=\"async\" width=\"768\" height=\"1024\" src=\"https:\/\/liceofrancestenerife.es\/nuevaweb\/wp-content\/uploads\/2017\/01\/IMG_2109-e1483809383874-768x1024.jpg\" class=\"attachment-large size-large lazyload\" alt=\"\" srcset=\"data:image\/svg+xml,%3Csvg%20xmlns%3D%27http%3A%2F%2Fwww.w3.org%2F2000%2Fsvg%27%20width%3D%271125%27%20height%3D%271500%27%20viewBox%3D%270%200%201125%201500%27%3E%3Crect%20width%3D%271125%27%20height%3D%271500%27%20fill-opacity%3D%220%22%2F%3E%3C%2Fsvg%3E\" data-orig-src=\"https:\/\/liceofrancestenerife.es\/nuevaweb\/wp-content\/uploads\/2017\/01\/IMG_2109-e1483809383874-768x1024.jpg\" data-srcset=\"https:\/\/liceofrancestenerife.es\/nuevaweb\/wp-content\/uploads\/2017\/01\/IMG_2109-e1483809383874-200x267.jpg 200w, https:\/\/liceofrancestenerife.es\/nuevaweb\/wp-content\/uploads\/2017\/01\/IMG_2109-e1483809383874-225x300.jpg 225w, https:\/\/liceofrancestenerife.es\/nuevaweb\/wp-content\/uploads\/2017\/01\/IMG_2109-e1483809383874-400x533.jpg 400w, https:\/\/liceofrancestenerife.es\/nuevaweb\/wp-content\/uploads\/2017\/01\/IMG_2109-e1483809383874-600x800.jpg 600w, https:\/\/liceofrancestenerife.es\/nuevaweb\/wp-content\/uploads\/2017\/01\/IMG_2109-e1483809383874-768x1024.jpg 768w, https:\/\/liceofrancestenerife.es\/nuevaweb\/wp-content\/uploads\/2017\/01\/IMG_2109-e1483809383874-800x1066.jpg 800w, https:\/\/liceofrancestenerife.es\/nuevaweb\/wp-content\/uploads\/2017\/01\/IMG_2109-e1483809383874.jpg 1125w, https:\/\/liceofrancestenerife.es\/nuevaweb\/wp-content\/uploads\/2017\/01\/IMG_2109-e1483809383874-1200x1600.jpg 1200w\" data-sizes=\"auto\" \/><\/a>\n\t\t\t<\/dt><\/dl><br style=\"clear: both\" \/><dl class='gallery-item'>\n\t\t\t<dt class='gallery-icon portrait'>\n\t\t\t\t<a data-rel=\"iLightbox[postimages]\" data-title=\"IMG_2111-e1483809415784\" data-caption=\"\" href='https:\/\/liceofrancestenerife.es\/fr\/mes-diciembre-los-psa-2\/img_2111-e1483809415784\/'><img decoding=\"async\" width=\"768\" height=\"1024\" src=\"https:\/\/liceofrancestenerife.es\/nuevaweb\/wp-content\/uploads\/2017\/01\/IMG_2111-e1483809415784-768x1024.jpg\" class=\"attachment-large size-large lazyload\" alt=\"\" srcset=\"data:image\/svg+xml,%3Csvg%20xmlns%3D%27http%3A%2F%2Fwww.w3.org%2F2000%2Fsvg%27%20width%3D%271125%27%20height%3D%271500%27%20viewBox%3D%270%200%201125%201500%27%3E%3Crect%20width%3D%271125%27%20height%3D%271500%27%20fill-opacity%3D%220%22%2F%3E%3C%2Fsvg%3E\" data-orig-src=\"https:\/\/liceofrancestenerife.es\/nuevaweb\/wp-content\/uploads\/2017\/01\/IMG_2111-e1483809415784-768x1024.jpg\" data-srcset=\"https:\/\/liceofrancestenerife.es\/nuevaweb\/wp-content\/uploads\/2017\/01\/IMG_2111-e1483809415784-200x267.jpg 200w, https:\/\/liceofrancestenerife.es\/nuevaweb\/wp-content\/uploads\/2017\/01\/IMG_2111-e1483809415784-225x300.jpg 225w, https:\/\/liceofrancestenerife.es\/nuevaweb\/wp-content\/uploads\/2017\/01\/IMG_2111-e1483809415784-400x533.jpg 400w, https:\/\/liceofrancestenerife.es\/nuevaweb\/wp-content\/uploads\/2017\/01\/IMG_2111-e1483809415784-600x800.jpg 600w, https:\/\/liceofrancestenerife.es\/nuevaweb\/wp-content\/uploads\/2017\/01\/IMG_2111-e1483809415784-768x1024.jpg 768w, https:\/\/liceofrancestenerife.es\/nuevaweb\/wp-content\/uploads\/2017\/01\/IMG_2111-e1483809415784-800x1066.jpg 800w, https:\/\/liceofrancestenerife.es\/nuevaweb\/wp-content\/uploads\/2017\/01\/IMG_2111-e1483809415784.jpg 1125w, https:\/\/liceofrancestenerife.es\/nuevaweb\/wp-content\/uploads\/2017\/01\/IMG_2111-e1483809415784-1200x1600.jpg 1200w\" data-sizes=\"auto\" \/><\/a>\n\t\t\t<\/dt><\/dl><dl class='gallery-item'>\n\t\t\t<dt class='gallery-icon portrait'>\n\t\t\t\t<a data-rel=\"iLightbox[postimages]\" data-title=\"IMG_2114-e1483809482384\" data-caption=\"\" href='https:\/\/liceofrancestenerife.es\/fr\/mes-diciembre-los-psa-2\/img_2114-e1483809482384\/'><img decoding=\"async\" width=\"768\" height=\"1024\" src=\"https:\/\/liceofrancestenerife.es\/nuevaweb\/wp-content\/uploads\/2017\/01\/IMG_2114-e1483809482384-768x1024.jpg\" class=\"attachment-large size-large lazyload\" alt=\"\" srcset=\"data:image\/svg+xml,%3Csvg%20xmlns%3D%27http%3A%2F%2Fwww.w3.org%2F2000%2Fsvg%27%20width%3D%271125%27%20height%3D%271500%27%20viewBox%3D%270%200%201125%201500%27%3E%3Crect%20width%3D%271125%27%20height%3D%271500%27%20fill-opacity%3D%220%22%2F%3E%3C%2Fsvg%3E\" data-orig-src=\"https:\/\/liceofrancestenerife.es\/nuevaweb\/wp-content\/uploads\/2017\/01\/IMG_2114-e1483809482384-768x1024.jpg\" data-srcset=\"https:\/\/liceofrancestenerife.es\/nuevaweb\/wp-content\/uploads\/2017\/01\/IMG_2114-e1483809482384-200x267.jpg 200w, https:\/\/liceofrancestenerife.es\/nuevaweb\/wp-content\/uploads\/2017\/01\/IMG_2114-e1483809482384-225x300.jpg 225w, https:\/\/liceofrancestenerife.es\/nuevaweb\/wp-content\/uploads\/2017\/01\/IMG_2114-e1483809482384-400x533.jpg 400w, https:\/\/liceofrancestenerife.es\/nuevaweb\/wp-content\/uploads\/2017\/01\/IMG_2114-e1483809482384-600x800.jpg 600w, https:\/\/liceofrancestenerife.es\/nuevaweb\/wp-content\/uploads\/2017\/01\/IMG_2114-e1483809482384-768x1024.jpg 768w, https:\/\/liceofrancestenerife.es\/nuevaweb\/wp-content\/uploads\/2017\/01\/IMG_2114-e1483809482384-800x1066.jpg 800w, https:\/\/liceofrancestenerife.es\/nuevaweb\/wp-content\/uploads\/2017\/01\/IMG_2114-e1483809482384.jpg 1125w, https:\/\/liceofrancestenerife.es\/nuevaweb\/wp-content\/uploads\/2017\/01\/IMG_2114-e1483809482384-1200x1600.jpg 1200w\" data-sizes=\"auto\" \/><\/a>\n\t\t\t<\/dt><\/dl><dl class='gallery-item'>\n\t\t\t<dt class='gallery-icon portrait'>\n\t\t\t\t<a data-rel=\"iLightbox[postimages]\" data-title=\"IMG_2116-e1483809537392\" data-caption=\"\" href='https:\/\/liceofrancestenerife.es\/fr\/mes-diciembre-los-psa-2\/img_2116-e1483809537392\/'><img decoding=\"async\" width=\"768\" height=\"1024\" src=\"https:\/\/liceofrancestenerife.es\/nuevaweb\/wp-content\/uploads\/2017\/01\/IMG_2116-e1483809537392-768x1024.jpg\" class=\"attachment-large size-large lazyload\" alt=\"\" srcset=\"data:image\/svg+xml,%3Csvg%20xmlns%3D%27http%3A%2F%2Fwww.w3.org%2F2000%2Fsvg%27%20width%3D%271125%27%20height%3D%271500%27%20viewBox%3D%270%200%201125%201500%27%3E%3Crect%20width%3D%271125%27%20height%3D%271500%27%20fill-opacity%3D%220%22%2F%3E%3C%2Fsvg%3E\" data-orig-src=\"https:\/\/liceofrancestenerife.es\/nuevaweb\/wp-content\/uploads\/2017\/01\/IMG_2116-e1483809537392-768x1024.jpg\" data-srcset=\"https:\/\/liceofrancestenerife.es\/nuevaweb\/wp-content\/uploads\/2017\/01\/IMG_2116-e1483809537392-200x267.jpg 200w, https:\/\/liceofrancestenerife.es\/nuevaweb\/wp-content\/uploads\/2017\/01\/IMG_2116-e1483809537392-225x300.jpg 225w, https:\/\/liceofrancestenerife.es\/nuevaweb\/wp-content\/uploads\/2017\/01\/IMG_2116-e1483809537392-400x533.jpg 400w, https:\/\/liceofrancestenerife.es\/nuevaweb\/wp-content\/uploads\/2017\/01\/IMG_2116-e1483809537392-600x800.jpg 600w, https:\/\/liceofrancestenerife.es\/nuevaweb\/wp-content\/uploads\/2017\/01\/IMG_2116-e1483809537392-768x1024.jpg 768w, https:\/\/liceofrancestenerife.es\/nuevaweb\/wp-content\/uploads\/2017\/01\/IMG_2116-e1483809537392-800x1066.jpg 800w, https:\/\/liceofrancestenerife.es\/nuevaweb\/wp-content\/uploads\/2017\/01\/IMG_2116-e1483809537392.jpg 1125w, https:\/\/liceofrancestenerife.es\/nuevaweb\/wp-content\/uploads\/2017\/01\/IMG_2116-e1483809537392-1200x1600.jpg 1200w\" data-sizes=\"auto\" \/><\/a>\n\t\t\t<\/dt><\/dl><br style=\"clear: both\" \/><dl class='gallery-item'>\n\t\t\t<dt class='gallery-icon portrait'>\n\t\t\t\t<a data-rel=\"iLightbox[postimages]\" data-title=\"IMG_2118-e1483809696870\" data-caption=\"\" href='https:\/\/liceofrancestenerife.es\/fr\/mes-diciembre-los-psa-2\/img_2118-e1483809696870\/'><img decoding=\"async\" width=\"768\" height=\"1024\" src=\"https:\/\/liceofrancestenerife.es\/nuevaweb\/wp-content\/uploads\/2017\/01\/IMG_2118-e1483809696870-768x1024.jpg\" class=\"attachment-large size-large lazyload\" alt=\"\" srcset=\"data:image\/svg+xml,%3Csvg%20xmlns%3D%27http%3A%2F%2Fwww.w3.org%2F2000%2Fsvg%27%20width%3D%271125%27%20height%3D%271500%27%20viewBox%3D%270%200%201125%201500%27%3E%3Crect%20width%3D%271125%27%20height%3D%271500%27%20fill-opacity%3D%220%22%2F%3E%3C%2Fsvg%3E\" data-orig-src=\"https:\/\/liceofrancestenerife.es\/nuevaweb\/wp-content\/uploads\/2017\/01\/IMG_2118-e1483809696870-768x1024.jpg\" data-srcset=\"https:\/\/liceofrancestenerife.es\/nuevaweb\/wp-content\/uploads\/2017\/01\/IMG_2118-e1483809696870-200x267.jpg 200w, https:\/\/liceofrancestenerife.es\/nuevaweb\/wp-content\/uploads\/2017\/01\/IMG_2118-e1483809696870-225x300.jpg 225w, https:\/\/liceofrancestenerife.es\/nuevaweb\/wp-content\/uploads\/2017\/01\/IMG_2118-e1483809696870-400x533.jpg 400w, https:\/\/liceofrancestenerife.es\/nuevaweb\/wp-content\/uploads\/2017\/01\/IMG_2118-e1483809696870-600x800.jpg 600w, https:\/\/liceofrancestenerife.es\/nuevaweb\/wp-content\/uploads\/2017\/01\/IMG_2118-e1483809696870-768x1024.jpg 768w, https:\/\/liceofrancestenerife.es\/nuevaweb\/wp-content\/uploads\/2017\/01\/IMG_2118-e1483809696870-800x1066.jpg 800w, https:\/\/liceofrancestenerife.es\/nuevaweb\/wp-content\/uploads\/2017\/01\/IMG_2118-e1483809696870.jpg 1125w, https:\/\/liceofrancestenerife.es\/nuevaweb\/wp-content\/uploads\/2017\/01\/IMG_2118-e1483809696870-1200x1600.jpg 1200w\" data-sizes=\"auto\" \/><\/a>\n\t\t\t<\/dt><\/dl><dl class='gallery-item'>\n\t\t\t<dt class='gallery-icon portrait'>\n\t\t\t\t<a data-rel=\"iLightbox[postimages]\" data-title=\"IMG_2120-e1483809721195\" data-caption=\"\" href='https:\/\/liceofrancestenerife.es\/fr\/mes-diciembre-los-psa-2\/img_2120-e1483809721195\/'><img decoding=\"async\" width=\"768\" height=\"1024\" src=\"https:\/\/liceofrancestenerife.es\/nuevaweb\/wp-content\/uploads\/2017\/01\/IMG_2120-e1483809721195-768x1024.jpg\" class=\"attachment-large size-large lazyload\" alt=\"\" srcset=\"data:image\/svg+xml,%3Csvg%20xmlns%3D%27http%3A%2F%2Fwww.w3.org%2F2000%2Fsvg%27%20width%3D%271125%27%20height%3D%271500%27%20viewBox%3D%270%200%201125%201500%27%3E%3Crect%20width%3D%271125%27%20height%3D%271500%27%20fill-opacity%3D%220%22%2F%3E%3C%2Fsvg%3E\" data-orig-src=\"https:\/\/liceofrancestenerife.es\/nuevaweb\/wp-content\/uploads\/2017\/01\/IMG_2120-e1483809721195-768x1024.jpg\" data-srcset=\"https:\/\/liceofrancestenerife.es\/nuevaweb\/wp-content\/uploads\/2017\/01\/IMG_2120-e1483809721195-200x267.jpg 200w, https:\/\/liceofrancestenerife.es\/nuevaweb\/wp-content\/uploads\/2017\/01\/IMG_2120-e1483809721195-225x300.jpg 225w, https:\/\/liceofrancestenerife.es\/nuevaweb\/wp-content\/uploads\/2017\/01\/IMG_2120-e1483809721195-400x533.jpg 400w, https:\/\/liceofrancestenerife.es\/nuevaweb\/wp-content\/uploads\/2017\/01\/IMG_2120-e1483809721195-600x800.jpg 600w, https:\/\/liceofrancestenerife.es\/nuevaweb\/wp-content\/uploads\/2017\/01\/IMG_2120-e1483809721195-768x1024.jpg 768w, https:\/\/liceofrancestenerife.es\/nuevaweb\/wp-content\/uploads\/2017\/01\/IMG_2120-e1483809721195-800x1066.jpg 800w, https:\/\/liceofrancestenerife.es\/nuevaweb\/wp-content\/uploads\/2017\/01\/IMG_2120-e1483809721195.jpg 1125w, https:\/\/liceofrancestenerife.es\/nuevaweb\/wp-content\/uploads\/2017\/01\/IMG_2120-e1483809721195-1200x1600.jpg 1200w\" data-sizes=\"auto\" \/><\/a>\n\t\t\t<\/dt><\/dl><dl class='gallery-item'>\n\t\t\t<dt class='gallery-icon portrait'>\n\t\t\t\t<a data-rel=\"iLightbox[postimages]\" data-title=\"IMG_2121-e1483809747489\" data-caption=\"\" href='https:\/\/liceofrancestenerife.es\/fr\/mes-diciembre-los-psa-2\/img_2121-e1483809747489\/'><img decoding=\"async\" width=\"768\" height=\"1024\" src=\"https:\/\/liceofrancestenerife.es\/nuevaweb\/wp-content\/uploads\/2017\/01\/IMG_2121-e1483809747489-768x1024.jpg\" class=\"attachment-large size-large lazyload\" alt=\"\" srcset=\"data:image\/svg+xml,%3Csvg%20xmlns%3D%27http%3A%2F%2Fwww.w3.org%2F2000%2Fsvg%27%20width%3D%271125%27%20height%3D%271500%27%20viewBox%3D%270%200%201125%201500%27%3E%3Crect%20width%3D%271125%27%20height%3D%271500%27%20fill-opacity%3D%220%22%2F%3E%3C%2Fsvg%3E\" data-orig-src=\"https:\/\/liceofrancestenerife.es\/nuevaweb\/wp-content\/uploads\/2017\/01\/IMG_2121-e1483809747489-768x1024.jpg\" data-srcset=\"https:\/\/liceofrancestenerife.es\/nuevaweb\/wp-content\/uploads\/2017\/01\/IMG_2121-e1483809747489-200x267.jpg 200w, https:\/\/liceofrancestenerife.es\/nuevaweb\/wp-content\/uploads\/2017\/01\/IMG_2121-e1483809747489-225x300.jpg 225w, https:\/\/liceofrancestenerife.es\/nuevaweb\/wp-content\/uploads\/2017\/01\/IMG_2121-e1483809747489-400x533.jpg 400w, https:\/\/liceofrancestenerife.es\/nuevaweb\/wp-content\/uploads\/2017\/01\/IMG_2121-e1483809747489-600x800.jpg 600w, https:\/\/liceofrancestenerife.es\/nuevaweb\/wp-content\/uploads\/2017\/01\/IMG_2121-e1483809747489-768x1024.jpg 768w, https:\/\/liceofrancestenerife.es\/nuevaweb\/wp-content\/uploads\/2017\/01\/IMG_2121-e1483809747489-800x1066.jpg 800w, https:\/\/liceofrancestenerife.es\/nuevaweb\/wp-content\/uploads\/2017\/01\/IMG_2121-e1483809747489.jpg 1125w, https:\/\/liceofrancestenerife.es\/nuevaweb\/wp-content\/uploads\/2017\/01\/IMG_2121-e1483809747489-1200x1600.jpg 1200w\" data-sizes=\"auto\" \/><\/a>\n\t\t\t<\/dt><\/dl><br style=\"clear: both\" \/><dl class='gallery-item'>\n\t\t\t<dt class='gallery-icon portrait'>\n\t\t\t\t<a data-rel=\"iLightbox[postimages]\" data-title=\"IMG_2123-e1483809772362\" data-caption=\"\" href='https:\/\/liceofrancestenerife.es\/fr\/mes-diciembre-los-psa-2\/img_2123-e1483809772362\/'><img decoding=\"async\" width=\"768\" height=\"1024\" src=\"https:\/\/liceofrancestenerife.es\/nuevaweb\/wp-content\/uploads\/2017\/01\/IMG_2123-e1483809772362-768x1024.jpg\" class=\"attachment-large size-large lazyload\" alt=\"\" srcset=\"data:image\/svg+xml,%3Csvg%20xmlns%3D%27http%3A%2F%2Fwww.w3.org%2F2000%2Fsvg%27%20width%3D%271125%27%20height%3D%271500%27%20viewBox%3D%270%200%201125%201500%27%3E%3Crect%20width%3D%271125%27%20height%3D%271500%27%20fill-opacity%3D%220%22%2F%3E%3C%2Fsvg%3E\" data-orig-src=\"https:\/\/liceofrancestenerife.es\/nuevaweb\/wp-content\/uploads\/2017\/01\/IMG_2123-e1483809772362-768x1024.jpg\" data-srcset=\"https:\/\/liceofrancestenerife.es\/nuevaweb\/wp-content\/uploads\/2017\/01\/IMG_2123-e1483809772362-200x267.jpg 200w, https:\/\/liceofrancestenerife.es\/nuevaweb\/wp-content\/uploads\/2017\/01\/IMG_2123-e1483809772362-225x300.jpg 225w, https:\/\/liceofrancestenerife.es\/nuevaweb\/wp-content\/uploads\/2017\/01\/IMG_2123-e1483809772362-400x533.jpg 400w, https:\/\/liceofrancestenerife.es\/nuevaweb\/wp-content\/uploads\/2017\/01\/IMG_2123-e1483809772362-600x800.jpg 600w, https:\/\/liceofrancestenerife.es\/nuevaweb\/wp-content\/uploads\/2017\/01\/IMG_2123-e1483809772362-768x1024.jpg 768w, https:\/\/liceofrancestenerife.es\/nuevaweb\/wp-content\/uploads\/2017\/01\/IMG_2123-e1483809772362-800x1066.jpg 800w, https:\/\/liceofrancestenerife.es\/nuevaweb\/wp-content\/uploads\/2017\/01\/IMG_2123-e1483809772362.jpg 1125w, https:\/\/liceofrancestenerife.es\/nuevaweb\/wp-content\/uploads\/2017\/01\/IMG_2123-e1483809772362-1200x1600.jpg 1200w\" data-sizes=\"auto\" \/><\/a>\n\t\t\t<\/dt><\/dl><dl class='gallery-item'>\n\t\t\t<dt class='gallery-icon portrait'>\n\t\t\t\t<a data-rel=\"iLightbox[postimages]\" data-title=\"IMG_2127-e1483809800418\" data-caption=\"\" href='https:\/\/liceofrancestenerife.es\/fr\/mes-diciembre-los-psa-2\/img_2127-e1483809800418\/'><img decoding=\"async\" width=\"768\" height=\"1024\" src=\"https:\/\/liceofrancestenerife.es\/nuevaweb\/wp-content\/uploads\/2017\/01\/IMG_2127-e1483809800418-768x1024.jpg\" class=\"attachment-large size-large lazyload\" alt=\"\" srcset=\"data:image\/svg+xml,%3Csvg%20xmlns%3D%27http%3A%2F%2Fwww.w3.org%2F2000%2Fsvg%27%20width%3D%271125%27%20height%3D%271500%27%20viewBox%3D%270%200%201125%201500%27%3E%3Crect%20width%3D%271125%27%20height%3D%271500%27%20fill-opacity%3D%220%22%2F%3E%3C%2Fsvg%3E\" data-orig-src=\"https:\/\/liceofrancestenerife.es\/nuevaweb\/wp-content\/uploads\/2017\/01\/IMG_2127-e1483809800418-768x1024.jpg\" data-srcset=\"https:\/\/liceofrancestenerife.es\/nuevaweb\/wp-content\/uploads\/2017\/01\/IMG_2127-e1483809800418-200x267.jpg 200w, https:\/\/liceofrancestenerife.es\/nuevaweb\/wp-content\/uploads\/2017\/01\/IMG_2127-e1483809800418-225x300.jpg 225w, https:\/\/liceofrancestenerife.es\/nuevaweb\/wp-content\/uploads\/2017\/01\/IMG_2127-e1483809800418-400x533.jpg 400w, https:\/\/liceofrancestenerife.es\/nuevaweb\/wp-content\/uploads\/2017\/01\/IMG_2127-e1483809800418-600x800.jpg 600w, https:\/\/liceofrancestenerife.es\/nuevaweb\/wp-content\/uploads\/2017\/01\/IMG_2127-e1483809800418-768x1024.jpg 768w, https:\/\/liceofrancestenerife.es\/nuevaweb\/wp-content\/uploads\/2017\/01\/IMG_2127-e1483809800418-800x1066.jpg 800w, https:\/\/liceofrancestenerife.es\/nuevaweb\/wp-content\/uploads\/2017\/01\/IMG_2127-e1483809800418.jpg 1125w, https:\/\/liceofrancestenerife.es\/nuevaweb\/wp-content\/uploads\/2017\/01\/IMG_2127-e1483809800418-1200x1600.jpg 1200w\" data-sizes=\"auto\" \/><\/a>\n\t\t\t<\/dt><\/dl><dl class='gallery-item'>\n\t\t\t<dt class='gallery-icon portrait'>\n\t\t\t\t<a data-rel=\"iLightbox[postimages]\" data-title=\"IMG_2128-e1483809827125\" data-caption=\"\" href='https:\/\/liceofrancestenerife.es\/fr\/mes-diciembre-los-psa-2\/img_2128-e1483809827125\/'><img decoding=\"async\" width=\"768\" height=\"1024\" src=\"https:\/\/liceofrancestenerife.es\/nuevaweb\/wp-content\/uploads\/2017\/01\/IMG_2128-e1483809827125-768x1024.jpg\" class=\"attachment-large size-large lazyload\" alt=\"\" srcset=\"data:image\/svg+xml,%3Csvg%20xmlns%3D%27http%3A%2F%2Fwww.w3.org%2F2000%2Fsvg%27%20width%3D%271125%27%20height%3D%271500%27%20viewBox%3D%270%200%201125%201500%27%3E%3Crect%20width%3D%271125%27%20height%3D%271500%27%20fill-opacity%3D%220%22%2F%3E%3C%2Fsvg%3E\" data-orig-src=\"https:\/\/liceofrancestenerife.es\/nuevaweb\/wp-content\/uploads\/2017\/01\/IMG_2128-e1483809827125-768x1024.jpg\" data-srcset=\"https:\/\/liceofrancestenerife.es\/nuevaweb\/wp-content\/uploads\/2017\/01\/IMG_2128-e1483809827125-200x267.jpg 200w, https:\/\/liceofrancestenerife.es\/nuevaweb\/wp-content\/uploads\/2017\/01\/IMG_2128-e1483809827125-225x300.jpg 225w, https:\/\/liceofrancestenerife.es\/nuevaweb\/wp-content\/uploads\/2017\/01\/IMG_2128-e1483809827125-400x533.jpg 400w, https:\/\/liceofrancestenerife.es\/nuevaweb\/wp-content\/uploads\/2017\/01\/IMG_2128-e1483809827125-600x800.jpg 600w, https:\/\/liceofrancestenerife.es\/nuevaweb\/wp-content\/uploads\/2017\/01\/IMG_2128-e1483809827125-768x1024.jpg 768w, https:\/\/liceofrancestenerife.es\/nuevaweb\/wp-content\/uploads\/2017\/01\/IMG_2128-e1483809827125-800x1066.jpg 800w, https:\/\/liceofrancestenerife.es\/nuevaweb\/wp-content\/uploads\/2017\/01\/IMG_2128-e1483809827125.jpg 1125w, https:\/\/liceofrancestenerife.es\/nuevaweb\/wp-content\/uploads\/2017\/01\/IMG_2128-e1483809827125-1200x1600.jpg 1200w\" data-sizes=\"auto\" \/><\/a>\n\t\t\t<\/dt><\/dl><br style=\"clear: both\" \/>\n\t\t<\/div>\n\n<p><strong>Le graphisme :<\/strong><\/p>\n\n\t\t<style type=\"text\/css\">\n\t\t\t#gallery-4 {\n\t\t\t\tmargin: auto;\n\t\t\t}\n\t\t\t#gallery-4 .gallery-item {\n\t\t\t\tfloat: left;\n\t\t\t\tmargin-top: 10px;\n\t\t\t\ttext-align: center;\n\t\t\t\twidth: 33%;\n\t\t\t}\n\t\t\t#gallery-4 img {\n\t\t\t\tborder: 2px solid #cfcfcf;\n\t\t\t}\n\t\t\t#gallery-4 .gallery-caption {\n\t\t\t\tmargin-left: 0;\n\t\t\t}\n\t\t\t\/* see gallery_shortcode() in wp-includes\/media.php *\/\n\t\t<\/style>\n\t\t<div id='gallery-4' class='gallery galleryid-10060 gallery-columns-3 gallery-size-large'><dl class='gallery-item'>\n\t\t\t<dt class='gallery-icon portrait'>\n\t\t\t\t<a data-rel=\"iLightbox[postimages]\" data-title=\"IMG_1849-e1483810207219\" data-caption=\"\" href='https:\/\/liceofrancestenerife.es\/fr\/mes-diciembre-los-psa-2\/img_1849-e1483810207219\/'><img decoding=\"async\" width=\"768\" height=\"1024\" src=\"https:\/\/liceofrancestenerife.es\/nuevaweb\/wp-content\/uploads\/2017\/01\/IMG_1849-e1483810207219-768x1024.jpg\" class=\"attachment-large size-large lazyload\" alt=\"\" srcset=\"data:image\/svg+xml,%3Csvg%20xmlns%3D%27http%3A%2F%2Fwww.w3.org%2F2000%2Fsvg%27%20width%3D%271125%27%20height%3D%271500%27%20viewBox%3D%270%200%201125%201500%27%3E%3Crect%20width%3D%271125%27%20height%3D%271500%27%20fill-opacity%3D%220%22%2F%3E%3C%2Fsvg%3E\" data-orig-src=\"https:\/\/liceofrancestenerife.es\/nuevaweb\/wp-content\/uploads\/2017\/01\/IMG_1849-e1483810207219-768x1024.jpg\" data-srcset=\"https:\/\/liceofrancestenerife.es\/nuevaweb\/wp-content\/uploads\/2017\/01\/IMG_1849-e1483810207219-200x267.jpg 200w, https:\/\/liceofrancestenerife.es\/nuevaweb\/wp-content\/uploads\/2017\/01\/IMG_1849-e1483810207219-225x300.jpg 225w, https:\/\/liceofrancestenerife.es\/nuevaweb\/wp-content\/uploads\/2017\/01\/IMG_1849-e1483810207219-400x533.jpg 400w, https:\/\/liceofrancestenerife.es\/nuevaweb\/wp-content\/uploads\/2017\/01\/IMG_1849-e1483810207219-600x800.jpg 600w, https:\/\/liceofrancestenerife.es\/nuevaweb\/wp-content\/uploads\/2017\/01\/IMG_1849-e1483810207219-768x1024.jpg 768w, https:\/\/liceofrancestenerife.es\/nuevaweb\/wp-content\/uploads\/2017\/01\/IMG_1849-e1483810207219-800x1066.jpg 800w, https:\/\/liceofrancestenerife.es\/nuevaweb\/wp-content\/uploads\/2017\/01\/IMG_1849-e1483810207219.jpg 1125w, https:\/\/liceofrancestenerife.es\/nuevaweb\/wp-content\/uploads\/2017\/01\/IMG_1849-e1483810207219-1200x1600.jpg 1200w\" data-sizes=\"auto\" \/><\/a>\n\t\t\t<\/dt><\/dl><dl class='gallery-item'>\n\t\t\t<dt class='gallery-icon portrait'>\n\t\t\t\t<a data-rel=\"iLightbox[postimages]\" data-title=\"IMG_1851-e1483810231703\" data-caption=\"\" href='https:\/\/liceofrancestenerife.es\/fr\/mes-diciembre-los-psa-2\/img_1851-e1483810231703\/'><img decoding=\"async\" width=\"768\" height=\"1024\" src=\"https:\/\/liceofrancestenerife.es\/nuevaweb\/wp-content\/uploads\/2017\/01\/IMG_1851-e1483810231703-768x1024.jpg\" class=\"attachment-large size-large lazyload\" alt=\"\" srcset=\"data:image\/svg+xml,%3Csvg%20xmlns%3D%27http%3A%2F%2Fwww.w3.org%2F2000%2Fsvg%27%20width%3D%271125%27%20height%3D%271500%27%20viewBox%3D%270%200%201125%201500%27%3E%3Crect%20width%3D%271125%27%20height%3D%271500%27%20fill-opacity%3D%220%22%2F%3E%3C%2Fsvg%3E\" data-orig-src=\"https:\/\/liceofrancestenerife.es\/nuevaweb\/wp-content\/uploads\/2017\/01\/IMG_1851-e1483810231703-768x1024.jpg\" data-srcset=\"https:\/\/liceofrancestenerife.es\/nuevaweb\/wp-content\/uploads\/2017\/01\/IMG_1851-e1483810231703-200x267.jpg 200w, https:\/\/liceofrancestenerife.es\/nuevaweb\/wp-content\/uploads\/2017\/01\/IMG_1851-e1483810231703-225x300.jpg 225w, https:\/\/liceofrancestenerife.es\/nuevaweb\/wp-content\/uploads\/2017\/01\/IMG_1851-e1483810231703-400x533.jpg 400w, https:\/\/liceofrancestenerife.es\/nuevaweb\/wp-content\/uploads\/2017\/01\/IMG_1851-e1483810231703-600x800.jpg 600w, https:\/\/liceofrancestenerife.es\/nuevaweb\/wp-content\/uploads\/2017\/01\/IMG_1851-e1483810231703-768x1024.jpg 768w, https:\/\/liceofrancestenerife.es\/nuevaweb\/wp-content\/uploads\/2017\/01\/IMG_1851-e1483810231703-800x1066.jpg 800w, https:\/\/liceofrancestenerife.es\/nuevaweb\/wp-content\/uploads\/2017\/01\/IMG_1851-e1483810231703.jpg 1125w, https:\/\/liceofrancestenerife.es\/nuevaweb\/wp-content\/uploads\/2017\/01\/IMG_1851-e1483810231703-1200x1600.jpg 1200w\" data-sizes=\"auto\" \/><\/a>\n\t\t\t<\/dt><\/dl><dl class='gallery-item'>\n\t\t\t<dt class='gallery-icon portrait'>\n\t\t\t\t<a data-rel=\"iLightbox[postimages]\" data-title=\"IMG_1896-e1483810259753\" data-caption=\"\" href='https:\/\/liceofrancestenerife.es\/fr\/mes-diciembre-los-psa-2\/img_1896-e1483810259753\/'><img decoding=\"async\" width=\"768\" height=\"1024\" src=\"https:\/\/liceofrancestenerife.es\/nuevaweb\/wp-content\/uploads\/2017\/01\/IMG_1896-e1483810259753-768x1024.jpg\" class=\"attachment-large size-large lazyload\" alt=\"\" srcset=\"data:image\/svg+xml,%3Csvg%20xmlns%3D%27http%3A%2F%2Fwww.w3.org%2F2000%2Fsvg%27%20width%3D%271125%27%20height%3D%271500%27%20viewBox%3D%270%200%201125%201500%27%3E%3Crect%20width%3D%271125%27%20height%3D%271500%27%20fill-opacity%3D%220%22%2F%3E%3C%2Fsvg%3E\" data-orig-src=\"https:\/\/liceofrancestenerife.es\/nuevaweb\/wp-content\/uploads\/2017\/01\/IMG_1896-e1483810259753-768x1024.jpg\" data-srcset=\"https:\/\/liceofrancestenerife.es\/nuevaweb\/wp-content\/uploads\/2017\/01\/IMG_1896-e1483810259753-200x267.jpg 200w, https:\/\/liceofrancestenerife.es\/nuevaweb\/wp-content\/uploads\/2017\/01\/IMG_1896-e1483810259753-225x300.jpg 225w, https:\/\/liceofrancestenerife.es\/nuevaweb\/wp-content\/uploads\/2017\/01\/IMG_1896-e1483810259753-400x533.jpg 400w, https:\/\/liceofrancestenerife.es\/nuevaweb\/wp-content\/uploads\/2017\/01\/IMG_1896-e1483810259753-600x800.jpg 600w, https:\/\/liceofrancestenerife.es\/nuevaweb\/wp-content\/uploads\/2017\/01\/IMG_1896-e1483810259753-768x1024.jpg 768w, https:\/\/liceofrancestenerife.es\/nuevaweb\/wp-content\/uploads\/2017\/01\/IMG_1896-e1483810259753-800x1066.jpg 800w, https:\/\/liceofrancestenerife.es\/nuevaweb\/wp-content\/uploads\/2017\/01\/IMG_1896-e1483810259753.jpg 1125w, https:\/\/liceofrancestenerife.es\/nuevaweb\/wp-content\/uploads\/2017\/01\/IMG_1896-e1483810259753-1200x1600.jpg 1200w\" data-sizes=\"auto\" \/><\/a>\n\t\t\t<\/dt><\/dl><br style=\"clear: both\" \/><dl class='gallery-item'>\n\t\t\t<dt class='gallery-icon portrait'>\n\t\t\t\t<a data-rel=\"iLightbox[postimages]\" data-title=\"IMG_1898-e1483810307910\" data-caption=\"\" href='https:\/\/liceofrancestenerife.es\/fr\/mes-diciembre-los-psa-2\/img_1898-e1483810307910\/'><img decoding=\"async\" width=\"768\" height=\"1024\" src=\"https:\/\/liceofrancestenerife.es\/nuevaweb\/wp-content\/uploads\/2017\/01\/IMG_1898-e1483810307910-768x1024.jpg\" class=\"attachment-large size-large lazyload\" alt=\"\" srcset=\"data:image\/svg+xml,%3Csvg%20xmlns%3D%27http%3A%2F%2Fwww.w3.org%2F2000%2Fsvg%27%20width%3D%271125%27%20height%3D%271500%27%20viewBox%3D%270%200%201125%201500%27%3E%3Crect%20width%3D%271125%27%20height%3D%271500%27%20fill-opacity%3D%220%22%2F%3E%3C%2Fsvg%3E\" data-orig-src=\"https:\/\/liceofrancestenerife.es\/nuevaweb\/wp-content\/uploads\/2017\/01\/IMG_1898-e1483810307910-768x1024.jpg\" data-srcset=\"https:\/\/liceofrancestenerife.es\/nuevaweb\/wp-content\/uploads\/2017\/01\/IMG_1898-e1483810307910-200x267.jpg 200w, https:\/\/liceofrancestenerife.es\/nuevaweb\/wp-content\/uploads\/2017\/01\/IMG_1898-e1483810307910-225x300.jpg 225w, https:\/\/liceofrancestenerife.es\/nuevaweb\/wp-content\/uploads\/2017\/01\/IMG_1898-e1483810307910-400x533.jpg 400w, https:\/\/liceofrancestenerife.es\/nuevaweb\/wp-content\/uploads\/2017\/01\/IMG_1898-e1483810307910-600x800.jpg 600w, https:\/\/liceofrancestenerife.es\/nuevaweb\/wp-content\/uploads\/2017\/01\/IMG_1898-e1483810307910-768x1024.jpg 768w, https:\/\/liceofrancestenerife.es\/nuevaweb\/wp-content\/uploads\/2017\/01\/IMG_1898-e1483810307910-800x1066.jpg 800w, https:\/\/liceofrancestenerife.es\/nuevaweb\/wp-content\/uploads\/2017\/01\/IMG_1898-e1483810307910.jpg 1125w, https:\/\/liceofrancestenerife.es\/nuevaweb\/wp-content\/uploads\/2017\/01\/IMG_1898-e1483810307910-1200x1600.jpg 1200w\" data-sizes=\"auto\" \/><\/a>\n\t\t\t<\/dt><\/dl>\n\t\t\t<br style='clear: both' \/>\n\t\t<\/div>\n\n<p><strong>Les sapins de no\u00ebl :<\/strong><\/p>\n\n\t\t<style type=\"text\/css\">\n\t\t\t#gallery-5 {\n\t\t\t\tmargin: auto;\n\t\t\t}\n\t\t\t#gallery-5 .gallery-item {\n\t\t\t\tfloat: left;\n\t\t\t\tmargin-top: 10px;\n\t\t\t\ttext-align: center;\n\t\t\t\twidth: 33%;\n\t\t\t}\n\t\t\t#gallery-5 img {\n\t\t\t\tborder: 2px solid #cfcfcf;\n\t\t\t}\n\t\t\t#gallery-5 .gallery-caption {\n\t\t\t\tmargin-left: 0;\n\t\t\t}\n\t\t\t\/* see gallery_shortcode() in wp-includes\/media.php *\/\n\t\t<\/style>\n\t\t<div id='gallery-5' class='gallery galleryid-10060 gallery-columns-3 gallery-size-large'><dl class='gallery-item'>\n\t\t\t<dt class='gallery-icon portrait'>\n\t\t\t\t<a data-rel=\"iLightbox[postimages]\" data-title=\"IMG_1688-e1483810959719\" data-caption=\"\" href='https:\/\/liceofrancestenerife.es\/fr\/mes-diciembre-los-psa-2\/img_1688-e1483810959719\/'><img decoding=\"async\" width=\"768\" height=\"1024\" src=\"https:\/\/liceofrancestenerife.es\/nuevaweb\/wp-content\/uploads\/2017\/01\/IMG_1688-e1483810959719-768x1024.jpg\" class=\"attachment-large size-large lazyload\" alt=\"\" srcset=\"data:image\/svg+xml,%3Csvg%20xmlns%3D%27http%3A%2F%2Fwww.w3.org%2F2000%2Fsvg%27%20width%3D%271125%27%20height%3D%271500%27%20viewBox%3D%270%200%201125%201500%27%3E%3Crect%20width%3D%271125%27%20height%3D%271500%27%20fill-opacity%3D%220%22%2F%3E%3C%2Fsvg%3E\" data-orig-src=\"https:\/\/liceofrancestenerife.es\/nuevaweb\/wp-content\/uploads\/2017\/01\/IMG_1688-e1483810959719-768x1024.jpg\" data-srcset=\"https:\/\/liceofrancestenerife.es\/nuevaweb\/wp-content\/uploads\/2017\/01\/IMG_1688-e1483810959719-200x267.jpg 200w, https:\/\/liceofrancestenerife.es\/nuevaweb\/wp-content\/uploads\/2017\/01\/IMG_1688-e1483810959719-225x300.jpg 225w, https:\/\/liceofrancestenerife.es\/nuevaweb\/wp-content\/uploads\/2017\/01\/IMG_1688-e1483810959719-400x533.jpg 400w, https:\/\/liceofrancestenerife.es\/nuevaweb\/wp-content\/uploads\/2017\/01\/IMG_1688-e1483810959719-600x800.jpg 600w, https:\/\/liceofrancestenerife.es\/nuevaweb\/wp-content\/uploads\/2017\/01\/IMG_1688-e1483810959719-768x1024.jpg 768w, https:\/\/liceofrancestenerife.es\/nuevaweb\/wp-content\/uploads\/2017\/01\/IMG_1688-e1483810959719-800x1066.jpg 800w, https:\/\/liceofrancestenerife.es\/nuevaweb\/wp-content\/uploads\/2017\/01\/IMG_1688-e1483810959719.jpg 1125w, https:\/\/liceofrancestenerife.es\/nuevaweb\/wp-content\/uploads\/2017\/01\/IMG_1688-e1483810959719-1200x1600.jpg 1200w\" data-sizes=\"auto\" \/><\/a>\n\t\t\t<\/dt><\/dl><dl class='gallery-item'>\n\t\t\t<dt class='gallery-icon portrait'>\n\t\t\t\t<a data-rel=\"iLightbox[postimages]\" data-title=\"IMG_1690-e1483811176135\" data-caption=\"\" href='https:\/\/liceofrancestenerife.es\/fr\/mes-diciembre-los-psa-2\/img_1690-e1483811176135\/'><img decoding=\"async\" width=\"768\" height=\"1024\" src=\"https:\/\/liceofrancestenerife.es\/nuevaweb\/wp-content\/uploads\/2017\/01\/IMG_1690-e1483811176135-768x1024.jpg\" class=\"attachment-large size-large lazyload\" alt=\"\" srcset=\"data:image\/svg+xml,%3Csvg%20xmlns%3D%27http%3A%2F%2Fwww.w3.org%2F2000%2Fsvg%27%20width%3D%271125%27%20height%3D%271500%27%20viewBox%3D%270%200%201125%201500%27%3E%3Crect%20width%3D%271125%27%20height%3D%271500%27%20fill-opacity%3D%220%22%2F%3E%3C%2Fsvg%3E\" data-orig-src=\"https:\/\/liceofrancestenerife.es\/nuevaweb\/wp-content\/uploads\/2017\/01\/IMG_1690-e1483811176135-768x1024.jpg\" data-srcset=\"https:\/\/liceofrancestenerife.es\/nuevaweb\/wp-content\/uploads\/2017\/01\/IMG_1690-e1483811176135-200x267.jpg 200w, https:\/\/liceofrancestenerife.es\/nuevaweb\/wp-content\/uploads\/2017\/01\/IMG_1690-e1483811176135-225x300.jpg 225w, https:\/\/liceofrancestenerife.es\/nuevaweb\/wp-content\/uploads\/2017\/01\/IMG_1690-e1483811176135-400x533.jpg 400w, https:\/\/liceofrancestenerife.es\/nuevaweb\/wp-content\/uploads\/2017\/01\/IMG_1690-e1483811176135-600x800.jpg 600w, https:\/\/liceofrancestenerife.es\/nuevaweb\/wp-content\/uploads\/2017\/01\/IMG_1690-e1483811176135-768x1024.jpg 768w, https:\/\/liceofrancestenerife.es\/nuevaweb\/wp-content\/uploads\/2017\/01\/IMG_1690-e1483811176135-800x1066.jpg 800w, https:\/\/liceofrancestenerife.es\/nuevaweb\/wp-content\/uploads\/2017\/01\/IMG_1690-e1483811176135.jpg 1125w, https:\/\/liceofrancestenerife.es\/nuevaweb\/wp-content\/uploads\/2017\/01\/IMG_1690-e1483811176135-1200x1600.jpg 1200w\" data-sizes=\"auto\" \/><\/a>\n\t\t\t<\/dt><\/dl><dl class='gallery-item'>\n\t\t\t<dt class='gallery-icon portrait'>\n\t\t\t\t<a data-rel=\"iLightbox[postimages]\" data-title=\"IMG_1713-e1483811221973\" data-caption=\"\" href='https:\/\/liceofrancestenerife.es\/fr\/mes-diciembre-los-psa-2\/img_1713-e1483811221973\/'><img decoding=\"async\" width=\"768\" height=\"1024\" src=\"https:\/\/liceofrancestenerife.es\/nuevaweb\/wp-content\/uploads\/2017\/01\/IMG_1713-e1483811221973-768x1024.jpg\" class=\"attachment-large size-large lazyload\" alt=\"\" srcset=\"data:image\/svg+xml,%3Csvg%20xmlns%3D%27http%3A%2F%2Fwww.w3.org%2F2000%2Fsvg%27%20width%3D%271125%27%20height%3D%271500%27%20viewBox%3D%270%200%201125%201500%27%3E%3Crect%20width%3D%271125%27%20height%3D%271500%27%20fill-opacity%3D%220%22%2F%3E%3C%2Fsvg%3E\" data-orig-src=\"https:\/\/liceofrancestenerife.es\/nuevaweb\/wp-content\/uploads\/2017\/01\/IMG_1713-e1483811221973-768x1024.jpg\" data-srcset=\"https:\/\/liceofrancestenerife.es\/nuevaweb\/wp-content\/uploads\/2017\/01\/IMG_1713-e1483811221973-200x267.jpg 200w, https:\/\/liceofrancestenerife.es\/nuevaweb\/wp-content\/uploads\/2017\/01\/IMG_1713-e1483811221973-225x300.jpg 225w, https:\/\/liceofrancestenerife.es\/nuevaweb\/wp-content\/uploads\/2017\/01\/IMG_1713-e1483811221973-400x533.jpg 400w, https:\/\/liceofrancestenerife.es\/nuevaweb\/wp-content\/uploads\/2017\/01\/IMG_1713-e1483811221973-600x800.jpg 600w, https:\/\/liceofrancestenerife.es\/nuevaweb\/wp-content\/uploads\/2017\/01\/IMG_1713-e1483811221973-768x1024.jpg 768w, https:\/\/liceofrancestenerife.es\/nuevaweb\/wp-content\/uploads\/2017\/01\/IMG_1713-e1483811221973-800x1066.jpg 800w, https:\/\/liceofrancestenerife.es\/nuevaweb\/wp-content\/uploads\/2017\/01\/IMG_1713-e1483811221973.jpg 1125w, https:\/\/liceofrancestenerife.es\/nuevaweb\/wp-content\/uploads\/2017\/01\/IMG_1713-e1483811221973-1200x1600.jpg 1200w\" data-sizes=\"auto\" \/><\/a>\n\t\t\t<\/dt><\/dl><br style=\"clear: both\" \/><dl class='gallery-item'>\n\t\t\t<dt class='gallery-icon portrait'>\n\t\t\t\t<a data-rel=\"iLightbox[postimages]\" data-title=\"IMG_1933-e1483811260949\" data-caption=\"\" href='https:\/\/liceofrancestenerife.es\/fr\/mes-diciembre-los-psa-2\/img_1933-e1483811260949\/'><img decoding=\"async\" width=\"768\" height=\"1024\" src=\"https:\/\/liceofrancestenerife.es\/nuevaweb\/wp-content\/uploads\/2017\/01\/IMG_1933-e1483811260949-768x1024.jpg\" class=\"attachment-large size-large lazyload\" alt=\"\" srcset=\"data:image\/svg+xml,%3Csvg%20xmlns%3D%27http%3A%2F%2Fwww.w3.org%2F2000%2Fsvg%27%20width%3D%271125%27%20height%3D%271500%27%20viewBox%3D%270%200%201125%201500%27%3E%3Crect%20width%3D%271125%27%20height%3D%271500%27%20fill-opacity%3D%220%22%2F%3E%3C%2Fsvg%3E\" data-orig-src=\"https:\/\/liceofrancestenerife.es\/nuevaweb\/wp-content\/uploads\/2017\/01\/IMG_1933-e1483811260949-768x1024.jpg\" data-srcset=\"https:\/\/liceofrancestenerife.es\/nuevaweb\/wp-content\/uploads\/2017\/01\/IMG_1933-e1483811260949-200x267.jpg 200w, https:\/\/liceofrancestenerife.es\/nuevaweb\/wp-content\/uploads\/2017\/01\/IMG_1933-e1483811260949-225x300.jpg 225w, https:\/\/liceofrancestenerife.es\/nuevaweb\/wp-content\/uploads\/2017\/01\/IMG_1933-e1483811260949-400x533.jpg 400w, https:\/\/liceofrancestenerife.es\/nuevaweb\/wp-content\/uploads\/2017\/01\/IMG_1933-e1483811260949-600x800.jpg 600w, https:\/\/liceofrancestenerife.es\/nuevaweb\/wp-content\/uploads\/2017\/01\/IMG_1933-e1483811260949-768x1024.jpg 768w, https:\/\/liceofrancestenerife.es\/nuevaweb\/wp-content\/uploads\/2017\/01\/IMG_1933-e1483811260949-800x1066.jpg 800w, https:\/\/liceofrancestenerife.es\/nuevaweb\/wp-content\/uploads\/2017\/01\/IMG_1933-e1483811260949.jpg 1125w, https:\/\/liceofrancestenerife.es\/nuevaweb\/wp-content\/uploads\/2017\/01\/IMG_1933-e1483811260949-1200x1600.jpg 1200w\" data-sizes=\"auto\" \/><\/a>\n\t\t\t<\/dt><\/dl><dl class='gallery-item'>\n\t\t\t<dt class='gallery-icon portrait'>\n\t\t\t\t<a data-rel=\"iLightbox[postimages]\" data-title=\"IMG_1937-e1483811304641\" data-caption=\"\" href='https:\/\/liceofrancestenerife.es\/fr\/mes-diciembre-los-psa-2\/img_1937-e1483811304641\/'><img decoding=\"async\" width=\"768\" height=\"1024\" src=\"https:\/\/liceofrancestenerife.es\/nuevaweb\/wp-content\/uploads\/2017\/01\/IMG_1937-e1483811304641-768x1024.jpg\" class=\"attachment-large size-large lazyload\" alt=\"\" srcset=\"data:image\/svg+xml,%3Csvg%20xmlns%3D%27http%3A%2F%2Fwww.w3.org%2F2000%2Fsvg%27%20width%3D%271125%27%20height%3D%271500%27%20viewBox%3D%270%200%201125%201500%27%3E%3Crect%20width%3D%271125%27%20height%3D%271500%27%20fill-opacity%3D%220%22%2F%3E%3C%2Fsvg%3E\" data-orig-src=\"https:\/\/liceofrancestenerife.es\/nuevaweb\/wp-content\/uploads\/2017\/01\/IMG_1937-e1483811304641-768x1024.jpg\" data-srcset=\"https:\/\/liceofrancestenerife.es\/nuevaweb\/wp-content\/uploads\/2017\/01\/IMG_1937-e1483811304641-200x267.jpg 200w, https:\/\/liceofrancestenerife.es\/nuevaweb\/wp-content\/uploads\/2017\/01\/IMG_1937-e1483811304641-225x300.jpg 225w, https:\/\/liceofrancestenerife.es\/nuevaweb\/wp-content\/uploads\/2017\/01\/IMG_1937-e1483811304641-400x533.jpg 400w, https:\/\/liceofrancestenerife.es\/nuevaweb\/wp-content\/uploads\/2017\/01\/IMG_1937-e1483811304641-600x800.jpg 600w, https:\/\/liceofrancestenerife.es\/nuevaweb\/wp-content\/uploads\/2017\/01\/IMG_1937-e1483811304641-768x1024.jpg 768w, https:\/\/liceofrancestenerife.es\/nuevaweb\/wp-content\/uploads\/2017\/01\/IMG_1937-e1483811304641-800x1066.jpg 800w, https:\/\/liceofrancestenerife.es\/nuevaweb\/wp-content\/uploads\/2017\/01\/IMG_1937-e1483811304641.jpg 1125w, https:\/\/liceofrancestenerife.es\/nuevaweb\/wp-content\/uploads\/2017\/01\/IMG_1937-e1483811304641-1200x1600.jpg 1200w\" data-sizes=\"auto\" \/><\/a>\n\t\t\t<\/dt><\/dl><dl class='gallery-item'>\n\t\t\t<dt class='gallery-icon portrait'>\n\t\t\t\t<a data-rel=\"iLightbox[postimages]\" data-title=\"IMG_1976-e1483811343222\" data-caption=\"\" href='https:\/\/liceofrancestenerife.es\/fr\/mes-diciembre-los-psa-2\/img_1976-e1483811343222\/'><img decoding=\"async\" width=\"768\" height=\"1024\" src=\"https:\/\/liceofrancestenerife.es\/nuevaweb\/wp-content\/uploads\/2017\/01\/IMG_1976-e1483811343222-768x1024.jpg\" class=\"attachment-large size-large lazyload\" alt=\"\" srcset=\"data:image\/svg+xml,%3Csvg%20xmlns%3D%27http%3A%2F%2Fwww.w3.org%2F2000%2Fsvg%27%20width%3D%271125%27%20height%3D%271500%27%20viewBox%3D%270%200%201125%201500%27%3E%3Crect%20width%3D%271125%27%20height%3D%271500%27%20fill-opacity%3D%220%22%2F%3E%3C%2Fsvg%3E\" data-orig-src=\"https:\/\/liceofrancestenerife.es\/nuevaweb\/wp-content\/uploads\/2017\/01\/IMG_1976-e1483811343222-768x1024.jpg\" data-srcset=\"https:\/\/liceofrancestenerife.es\/nuevaweb\/wp-content\/uploads\/2017\/01\/IMG_1976-e1483811343222-200x267.jpg 200w, https:\/\/liceofrancestenerife.es\/nuevaweb\/wp-content\/uploads\/2017\/01\/IMG_1976-e1483811343222-225x300.jpg 225w, https:\/\/liceofrancestenerife.es\/nuevaweb\/wp-content\/uploads\/2017\/01\/IMG_1976-e1483811343222-400x533.jpg 400w, https:\/\/liceofrancestenerife.es\/nuevaweb\/wp-content\/uploads\/2017\/01\/IMG_1976-e1483811343222-600x800.jpg 600w, https:\/\/liceofrancestenerife.es\/nuevaweb\/wp-content\/uploads\/2017\/01\/IMG_1976-e1483811343222-768x1024.jpg 768w, https:\/\/liceofrancestenerife.es\/nuevaweb\/wp-content\/uploads\/2017\/01\/IMG_1976-e1483811343222-800x1066.jpg 800w, https:\/\/liceofrancestenerife.es\/nuevaweb\/wp-content\/uploads\/2017\/01\/IMG_1976-e1483811343222.jpg 1125w, https:\/\/liceofrancestenerife.es\/nuevaweb\/wp-content\/uploads\/2017\/01\/IMG_1976-e1483811343222-1200x1600.jpg 1200w\" data-sizes=\"auto\" \/><\/a>\n\t\t\t<\/dt><\/dl><br style=\"clear: both\" \/>\n\t\t<\/div>\n\n<p><strong>Les bougeoirs pour le march\u00e9 de no\u00ebl :<\/strong><\/p>\n<p><strong>\u00a0<\/strong><\/p>\n\n\t\t<style type=\"text\/css\">\n\t\t\t#gallery-6 {\n\t\t\t\tmargin: auto;\n\t\t\t}\n\t\t\t#gallery-6 .gallery-item {\n\t\t\t\tfloat: left;\n\t\t\t\tmargin-top: 10px;\n\t\t\t\ttext-align: center;\n\t\t\t\twidth: 33%;\n\t\t\t}\n\t\t\t#gallery-6 img {\n\t\t\t\tborder: 2px solid #cfcfcf;\n\t\t\t}\n\t\t\t#gallery-6 .gallery-caption {\n\t\t\t\tmargin-left: 0;\n\t\t\t}\n\t\t\t\/* see gallery_shortcode() in wp-includes\/media.php *\/\n\t\t<\/style>\n\t\t<div id='gallery-6' class='gallery galleryid-10060 gallery-columns-3 gallery-size-large'><dl class='gallery-item'>\n\t\t\t<dt class='gallery-icon portrait'>\n\t\t\t\t<a data-rel=\"iLightbox[postimages]\" data-title=\"IMG_1693-e1483813570885\" data-caption=\"\" href='https:\/\/liceofrancestenerife.es\/fr\/mes-diciembre-los-psa-2\/img_1693-e1483813570885\/'><img decoding=\"async\" width=\"768\" height=\"1024\" src=\"https:\/\/liceofrancestenerife.es\/nuevaweb\/wp-content\/uploads\/2017\/01\/IMG_1693-e1483813570885-768x1024.jpg\" class=\"attachment-large size-large lazyload\" alt=\"\" srcset=\"data:image\/svg+xml,%3Csvg%20xmlns%3D%27http%3A%2F%2Fwww.w3.org%2F2000%2Fsvg%27%20width%3D%271125%27%20height%3D%271500%27%20viewBox%3D%270%200%201125%201500%27%3E%3Crect%20width%3D%271125%27%20height%3D%271500%27%20fill-opacity%3D%220%22%2F%3E%3C%2Fsvg%3E\" data-orig-src=\"https:\/\/liceofrancestenerife.es\/nuevaweb\/wp-content\/uploads\/2017\/01\/IMG_1693-e1483813570885-768x1024.jpg\" data-srcset=\"https:\/\/liceofrancestenerife.es\/nuevaweb\/wp-content\/uploads\/2017\/01\/IMG_1693-e1483813570885-200x267.jpg 200w, https:\/\/liceofrancestenerife.es\/nuevaweb\/wp-content\/uploads\/2017\/01\/IMG_1693-e1483813570885-225x300.jpg 225w, https:\/\/liceofrancestenerife.es\/nuevaweb\/wp-content\/uploads\/2017\/01\/IMG_1693-e1483813570885-400x533.jpg 400w, https:\/\/liceofrancestenerife.es\/nuevaweb\/wp-content\/uploads\/2017\/01\/IMG_1693-e1483813570885-600x800.jpg 600w, https:\/\/liceofrancestenerife.es\/nuevaweb\/wp-content\/uploads\/2017\/01\/IMG_1693-e1483813570885-768x1024.jpg 768w, https:\/\/liceofrancestenerife.es\/nuevaweb\/wp-content\/uploads\/2017\/01\/IMG_1693-e1483813570885-800x1066.jpg 800w, https:\/\/liceofrancestenerife.es\/nuevaweb\/wp-content\/uploads\/2017\/01\/IMG_1693-e1483813570885.jpg 1125w, https:\/\/liceofrancestenerife.es\/nuevaweb\/wp-content\/uploads\/2017\/01\/IMG_1693-e1483813570885-1200x1600.jpg 1200w\" data-sizes=\"auto\" \/><\/a>\n\t\t\t<\/dt><\/dl><dl class='gallery-item'>\n\t\t\t<dt class='gallery-icon portrait'>\n\t\t\t\t<a data-rel=\"iLightbox[postimages]\" data-title=\"IMG_1698-e1483813630894\" data-caption=\"\" href='https:\/\/liceofrancestenerife.es\/fr\/mes-diciembre-los-psa-2\/img_1698-e1483813630894\/'><img decoding=\"async\" width=\"768\" height=\"1024\" src=\"https:\/\/liceofrancestenerife.es\/nuevaweb\/wp-content\/uploads\/2017\/01\/IMG_1698-e1483813630894-768x1024.jpg\" class=\"attachment-large size-large lazyload\" alt=\"\" srcset=\"data:image\/svg+xml,%3Csvg%20xmlns%3D%27http%3A%2F%2Fwww.w3.org%2F2000%2Fsvg%27%20width%3D%271125%27%20height%3D%271500%27%20viewBox%3D%270%200%201125%201500%27%3E%3Crect%20width%3D%271125%27%20height%3D%271500%27%20fill-opacity%3D%220%22%2F%3E%3C%2Fsvg%3E\" data-orig-src=\"https:\/\/liceofrancestenerife.es\/nuevaweb\/wp-content\/uploads\/2017\/01\/IMG_1698-e1483813630894-768x1024.jpg\" data-srcset=\"https:\/\/liceofrancestenerife.es\/nuevaweb\/wp-content\/uploads\/2017\/01\/IMG_1698-e1483813630894-200x267.jpg 200w, https:\/\/liceofrancestenerife.es\/nuevaweb\/wp-content\/uploads\/2017\/01\/IMG_1698-e1483813630894-225x300.jpg 225w, https:\/\/liceofrancestenerife.es\/nuevaweb\/wp-content\/uploads\/2017\/01\/IMG_1698-e1483813630894-400x533.jpg 400w, https:\/\/liceofrancestenerife.es\/nuevaweb\/wp-content\/uploads\/2017\/01\/IMG_1698-e1483813630894-600x800.jpg 600w, https:\/\/liceofrancestenerife.es\/nuevaweb\/wp-content\/uploads\/2017\/01\/IMG_1698-e1483813630894-768x1024.jpg 768w, https:\/\/liceofrancestenerife.es\/nuevaweb\/wp-content\/uploads\/2017\/01\/IMG_1698-e1483813630894-800x1066.jpg 800w, https:\/\/liceofrancestenerife.es\/nuevaweb\/wp-content\/uploads\/2017\/01\/IMG_1698-e1483813630894.jpg 1125w, https:\/\/liceofrancestenerife.es\/nuevaweb\/wp-content\/uploads\/2017\/01\/IMG_1698-e1483813630894-1200x1600.jpg 1200w\" data-sizes=\"auto\" \/><\/a>\n\t\t\t<\/dt><\/dl><dl class='gallery-item'>\n\t\t\t<dt class='gallery-icon portrait'>\n\t\t\t\t<a data-rel=\"iLightbox[postimages]\" data-title=\"IMG_1699-e1483813658529\" data-caption=\"\" href='https:\/\/liceofrancestenerife.es\/fr\/mes-diciembre-los-psa-2\/img_1699-e1483813658529\/'><img decoding=\"async\" width=\"768\" height=\"1024\" src=\"https:\/\/liceofrancestenerife.es\/nuevaweb\/wp-content\/uploads\/2017\/01\/IMG_1699-e1483813658529-768x1024.jpg\" class=\"attachment-large size-large lazyload\" alt=\"\" srcset=\"data:image\/svg+xml,%3Csvg%20xmlns%3D%27http%3A%2F%2Fwww.w3.org%2F2000%2Fsvg%27%20width%3D%271125%27%20height%3D%271500%27%20viewBox%3D%270%200%201125%201500%27%3E%3Crect%20width%3D%271125%27%20height%3D%271500%27%20fill-opacity%3D%220%22%2F%3E%3C%2Fsvg%3E\" data-orig-src=\"https:\/\/liceofrancestenerife.es\/nuevaweb\/wp-content\/uploads\/2017\/01\/IMG_1699-e1483813658529-768x1024.jpg\" data-srcset=\"https:\/\/liceofrancestenerife.es\/nuevaweb\/wp-content\/uploads\/2017\/01\/IMG_1699-e1483813658529-200x267.jpg 200w, https:\/\/liceofrancestenerife.es\/nuevaweb\/wp-content\/uploads\/2017\/01\/IMG_1699-e1483813658529-225x300.jpg 225w, https:\/\/liceofrancestenerife.es\/nuevaweb\/wp-content\/uploads\/2017\/01\/IMG_1699-e1483813658529-400x533.jpg 400w, https:\/\/liceofrancestenerife.es\/nuevaweb\/wp-content\/uploads\/2017\/01\/IMG_1699-e1483813658529-600x800.jpg 600w, https:\/\/liceofrancestenerife.es\/nuevaweb\/wp-content\/uploads\/2017\/01\/IMG_1699-e1483813658529-768x1024.jpg 768w, https:\/\/liceofrancestenerife.es\/nuevaweb\/wp-content\/uploads\/2017\/01\/IMG_1699-e1483813658529-800x1066.jpg 800w, https:\/\/liceofrancestenerife.es\/nuevaweb\/wp-content\/uploads\/2017\/01\/IMG_1699-e1483813658529.jpg 1125w, https:\/\/liceofrancestenerife.es\/nuevaweb\/wp-content\/uploads\/2017\/01\/IMG_1699-e1483813658529-1200x1600.jpg 1200w\" data-sizes=\"auto\" \/><\/a>\n\t\t\t<\/dt><\/dl><br style=\"clear: both\" \/><dl class='gallery-item'>\n\t\t\t<dt class='gallery-icon portrait'>\n\t\t\t\t<a data-rel=\"iLightbox[postimages]\" data-title=\"IMG_1706-e1483813783939\" data-caption=\"\" href='https:\/\/liceofrancestenerife.es\/fr\/mes-diciembre-los-psa-2\/img_1706-e1483813783939\/'><img decoding=\"async\" width=\"768\" height=\"1024\" src=\"https:\/\/liceofrancestenerife.es\/nuevaweb\/wp-content\/uploads\/2017\/01\/IMG_1706-e1483813783939-768x1024.jpg\" class=\"attachment-large size-large lazyload\" alt=\"\" srcset=\"data:image\/svg+xml,%3Csvg%20xmlns%3D%27http%3A%2F%2Fwww.w3.org%2F2000%2Fsvg%27%20width%3D%271125%27%20height%3D%271500%27%20viewBox%3D%270%200%201125%201500%27%3E%3Crect%20width%3D%271125%27%20height%3D%271500%27%20fill-opacity%3D%220%22%2F%3E%3C%2Fsvg%3E\" data-orig-src=\"https:\/\/liceofrancestenerife.es\/nuevaweb\/wp-content\/uploads\/2017\/01\/IMG_1706-e1483813783939-768x1024.jpg\" data-srcset=\"https:\/\/liceofrancestenerife.es\/nuevaweb\/wp-content\/uploads\/2017\/01\/IMG_1706-e1483813783939-200x267.jpg 200w, https:\/\/liceofrancestenerife.es\/nuevaweb\/wp-content\/uploads\/2017\/01\/IMG_1706-e1483813783939-225x300.jpg 225w, https:\/\/liceofrancestenerife.es\/nuevaweb\/wp-content\/uploads\/2017\/01\/IMG_1706-e1483813783939-400x533.jpg 400w, https:\/\/liceofrancestenerife.es\/nuevaweb\/wp-content\/uploads\/2017\/01\/IMG_1706-e1483813783939-600x800.jpg 600w, https:\/\/liceofrancestenerife.es\/nuevaweb\/wp-content\/uploads\/2017\/01\/IMG_1706-e1483813783939-768x1024.jpg 768w, https:\/\/liceofrancestenerife.es\/nuevaweb\/wp-content\/uploads\/2017\/01\/IMG_1706-e1483813783939-800x1066.jpg 800w, https:\/\/liceofrancestenerife.es\/nuevaweb\/wp-content\/uploads\/2017\/01\/IMG_1706-e1483813783939.jpg 1125w, https:\/\/liceofrancestenerife.es\/nuevaweb\/wp-content\/uploads\/2017\/01\/IMG_1706-e1483813783939-1200x1600.jpg 1200w\" data-sizes=\"auto\" \/><\/a>\n\t\t\t<\/dt><\/dl><dl class='gallery-item'>\n\t\t\t<dt class='gallery-icon portrait'>\n\t\t\t\t<a data-rel=\"iLightbox[postimages]\" data-title=\"IMG_1748-e1483813982603\" data-caption=\"\" href='https:\/\/liceofrancestenerife.es\/fr\/mes-diciembre-los-psa-2\/img_1748-e1483813982603\/'><img decoding=\"async\" width=\"768\" height=\"1024\" src=\"https:\/\/liceofrancestenerife.es\/nuevaweb\/wp-content\/uploads\/2017\/01\/IMG_1748-e1483813982603-768x1024.jpg\" class=\"attachment-large size-large lazyload\" alt=\"\" srcset=\"data:image\/svg+xml,%3Csvg%20xmlns%3D%27http%3A%2F%2Fwww.w3.org%2F2000%2Fsvg%27%20width%3D%271125%27%20height%3D%271500%27%20viewBox%3D%270%200%201125%201500%27%3E%3Crect%20width%3D%271125%27%20height%3D%271500%27%20fill-opacity%3D%220%22%2F%3E%3C%2Fsvg%3E\" data-orig-src=\"https:\/\/liceofrancestenerife.es\/nuevaweb\/wp-content\/uploads\/2017\/01\/IMG_1748-e1483813982603-768x1024.jpg\" data-srcset=\"https:\/\/liceofrancestenerife.es\/nuevaweb\/wp-content\/uploads\/2017\/01\/IMG_1748-e1483813982603-200x267.jpg 200w, https:\/\/liceofrancestenerife.es\/nuevaweb\/wp-content\/uploads\/2017\/01\/IMG_1748-e1483813982603-225x300.jpg 225w, https:\/\/liceofrancestenerife.es\/nuevaweb\/wp-content\/uploads\/2017\/01\/IMG_1748-e1483813982603-400x533.jpg 400w, https:\/\/liceofrancestenerife.es\/nuevaweb\/wp-content\/uploads\/2017\/01\/IMG_1748-e1483813982603-600x800.jpg 600w, https:\/\/liceofrancestenerife.es\/nuevaweb\/wp-content\/uploads\/2017\/01\/IMG_1748-e1483813982603-768x1024.jpg 768w, https:\/\/liceofrancestenerife.es\/nuevaweb\/wp-content\/uploads\/2017\/01\/IMG_1748-e1483813982603-800x1066.jpg 800w, https:\/\/liceofrancestenerife.es\/nuevaweb\/wp-content\/uploads\/2017\/01\/IMG_1748-e1483813982603.jpg 1125w, https:\/\/liceofrancestenerife.es\/nuevaweb\/wp-content\/uploads\/2017\/01\/IMG_1748-e1483813982603-1200x1600.jpg 1200w\" data-sizes=\"auto\" \/><\/a>\n\t\t\t<\/dt><\/dl><dl class='gallery-item'>\n\t\t\t<dt class='gallery-icon portrait'>\n\t\t\t\t<a data-rel=\"iLightbox[postimages]\" data-title=\"IMG_1752-e1483814017590\" data-caption=\"\" href='https:\/\/liceofrancestenerife.es\/fr\/mes-diciembre-los-psa-2\/img_1752-e1483814017590\/'><img decoding=\"async\" width=\"768\" height=\"1024\" src=\"https:\/\/liceofrancestenerife.es\/nuevaweb\/wp-content\/uploads\/2017\/01\/IMG_1752-e1483814017590-768x1024.jpg\" class=\"attachment-large size-large lazyload\" alt=\"\" srcset=\"data:image\/svg+xml,%3Csvg%20xmlns%3D%27http%3A%2F%2Fwww.w3.org%2F2000%2Fsvg%27%20width%3D%271125%27%20height%3D%271500%27%20viewBox%3D%270%200%201125%201500%27%3E%3Crect%20width%3D%271125%27%20height%3D%271500%27%20fill-opacity%3D%220%22%2F%3E%3C%2Fsvg%3E\" data-orig-src=\"https:\/\/liceofrancestenerife.es\/nuevaweb\/wp-content\/uploads\/2017\/01\/IMG_1752-e1483814017590-768x1024.jpg\" data-srcset=\"https:\/\/liceofrancestenerife.es\/nuevaweb\/wp-content\/uploads\/2017\/01\/IMG_1752-e1483814017590-200x267.jpg 200w, https:\/\/liceofrancestenerife.es\/nuevaweb\/wp-content\/uploads\/2017\/01\/IMG_1752-e1483814017590-225x300.jpg 225w, https:\/\/liceofrancestenerife.es\/nuevaweb\/wp-content\/uploads\/2017\/01\/IMG_1752-e1483814017590-400x533.jpg 400w, https:\/\/liceofrancestenerife.es\/nuevaweb\/wp-content\/uploads\/2017\/01\/IMG_1752-e1483814017590-600x800.jpg 600w, https:\/\/liceofrancestenerife.es\/nuevaweb\/wp-content\/uploads\/2017\/01\/IMG_1752-e1483814017590-768x1024.jpg 768w, https:\/\/liceofrancestenerife.es\/nuevaweb\/wp-content\/uploads\/2017\/01\/IMG_1752-e1483814017590-800x1066.jpg 800w, https:\/\/liceofrancestenerife.es\/nuevaweb\/wp-content\/uploads\/2017\/01\/IMG_1752-e1483814017590.jpg 1125w, https:\/\/liceofrancestenerife.es\/nuevaweb\/wp-content\/uploads\/2017\/01\/IMG_1752-e1483814017590-1200x1600.jpg 1200w\" data-sizes=\"auto\" \/><\/a>\n\t\t\t<\/dt><\/dl><br style=\"clear: both\" \/>\n\t\t<\/div>\n\n<p><strong>Les boites de no\u00ebl :<\/strong><\/p>\n\n\t\t<style type=\"text\/css\">\n\t\t\t#gallery-7 {\n\t\t\t\tmargin: auto;\n\t\t\t}\n\t\t\t#gallery-7 .gallery-item {\n\t\t\t\tfloat: left;\n\t\t\t\tmargin-top: 10px;\n\t\t\t\ttext-align: center;\n\t\t\t\twidth: 33%;\n\t\t\t}\n\t\t\t#gallery-7 img {\n\t\t\t\tborder: 2px solid #cfcfcf;\n\t\t\t}\n\t\t\t#gallery-7 .gallery-caption {\n\t\t\t\tmargin-left: 0;\n\t\t\t}\n\t\t\t\/* see gallery_shortcode() in wp-includes\/media.php *\/\n\t\t<\/style>\n\t\t<div id='gallery-7' class='gallery galleryid-10060 gallery-columns-3 gallery-size-large'><dl class='gallery-item'>\n\t\t\t<dt class='gallery-icon portrait'>\n\t\t\t\t<a data-rel=\"iLightbox[postimages]\" data-title=\"IMG_1801-e1483815069432\" data-caption=\"\" href='https:\/\/liceofrancestenerife.es\/fr\/mes-diciembre-los-psa-2\/img_1801-e1483815069432\/'><img decoding=\"async\" width=\"768\" height=\"1024\" src=\"https:\/\/liceofrancestenerife.es\/nuevaweb\/wp-content\/uploads\/2017\/01\/IMG_1801-e1483815069432-768x1024.jpg\" class=\"attachment-large size-large lazyload\" alt=\"\" srcset=\"data:image\/svg+xml,%3Csvg%20xmlns%3D%27http%3A%2F%2Fwww.w3.org%2F2000%2Fsvg%27%20width%3D%271125%27%20height%3D%271500%27%20viewBox%3D%270%200%201125%201500%27%3E%3Crect%20width%3D%271125%27%20height%3D%271500%27%20fill-opacity%3D%220%22%2F%3E%3C%2Fsvg%3E\" data-orig-src=\"https:\/\/liceofrancestenerife.es\/nuevaweb\/wp-content\/uploads\/2017\/01\/IMG_1801-e1483815069432-768x1024.jpg\" data-srcset=\"https:\/\/liceofrancestenerife.es\/nuevaweb\/wp-content\/uploads\/2017\/01\/IMG_1801-e1483815069432-200x267.jpg 200w, https:\/\/liceofrancestenerife.es\/nuevaweb\/wp-content\/uploads\/2017\/01\/IMG_1801-e1483815069432-225x300.jpg 225w, https:\/\/liceofrancestenerife.es\/nuevaweb\/wp-content\/uploads\/2017\/01\/IMG_1801-e1483815069432-400x533.jpg 400w, https:\/\/liceofrancestenerife.es\/nuevaweb\/wp-content\/uploads\/2017\/01\/IMG_1801-e1483815069432-600x800.jpg 600w, https:\/\/liceofrancestenerife.es\/nuevaweb\/wp-content\/uploads\/2017\/01\/IMG_1801-e1483815069432-768x1024.jpg 768w, https:\/\/liceofrancestenerife.es\/nuevaweb\/wp-content\/uploads\/2017\/01\/IMG_1801-e1483815069432-800x1066.jpg 800w, https:\/\/liceofrancestenerife.es\/nuevaweb\/wp-content\/uploads\/2017\/01\/IMG_1801-e1483815069432.jpg 1125w, https:\/\/liceofrancestenerife.es\/nuevaweb\/wp-content\/uploads\/2017\/01\/IMG_1801-e1483815069432-1200x1600.jpg 1200w\" data-sizes=\"auto\" \/><\/a>\n\t\t\t<\/dt><\/dl><dl class='gallery-item'>\n\t\t\t<dt class='gallery-icon portrait'>\n\t\t\t\t<a data-rel=\"iLightbox[postimages]\" data-title=\"IMG_1803-e1483815103622\" data-caption=\"\" href='https:\/\/liceofrancestenerife.es\/fr\/mes-diciembre-los-psa-2\/img_1803-e1483815103622\/'><img decoding=\"async\" width=\"768\" height=\"1024\" src=\"https:\/\/liceofrancestenerife.es\/nuevaweb\/wp-content\/uploads\/2017\/01\/IMG_1803-e1483815103622-768x1024.jpg\" class=\"attachment-large size-large lazyload\" alt=\"\" srcset=\"data:image\/svg+xml,%3Csvg%20xmlns%3D%27http%3A%2F%2Fwww.w3.org%2F2000%2Fsvg%27%20width%3D%271125%27%20height%3D%271500%27%20viewBox%3D%270%200%201125%201500%27%3E%3Crect%20width%3D%271125%27%20height%3D%271500%27%20fill-opacity%3D%220%22%2F%3E%3C%2Fsvg%3E\" data-orig-src=\"https:\/\/liceofrancestenerife.es\/nuevaweb\/wp-content\/uploads\/2017\/01\/IMG_1803-e1483815103622-768x1024.jpg\" data-srcset=\"https:\/\/liceofrancestenerife.es\/nuevaweb\/wp-content\/uploads\/2017\/01\/IMG_1803-e1483815103622-200x267.jpg 200w, https:\/\/liceofrancestenerife.es\/nuevaweb\/wp-content\/uploads\/2017\/01\/IMG_1803-e1483815103622-225x300.jpg 225w, https:\/\/liceofrancestenerife.es\/nuevaweb\/wp-content\/uploads\/2017\/01\/IMG_1803-e1483815103622-400x533.jpg 400w, https:\/\/liceofrancestenerife.es\/nuevaweb\/wp-content\/uploads\/2017\/01\/IMG_1803-e1483815103622-600x800.jpg 600w, https:\/\/liceofrancestenerife.es\/nuevaweb\/wp-content\/uploads\/2017\/01\/IMG_1803-e1483815103622-768x1024.jpg 768w, https:\/\/liceofrancestenerife.es\/nuevaweb\/wp-content\/uploads\/2017\/01\/IMG_1803-e1483815103622-800x1066.jpg 800w, https:\/\/liceofrancestenerife.es\/nuevaweb\/wp-content\/uploads\/2017\/01\/IMG_1803-e1483815103622.jpg 1125w, https:\/\/liceofrancestenerife.es\/nuevaweb\/wp-content\/uploads\/2017\/01\/IMG_1803-e1483815103622-1200x1600.jpg 1200w\" data-sizes=\"auto\" \/><\/a>\n\t\t\t<\/dt><\/dl><dl class='gallery-item'>\n\t\t\t<dt class='gallery-icon portrait'>\n\t\t\t\t<a data-rel=\"iLightbox[postimages]\" data-title=\"IMG_1836-e1483815147611\" data-caption=\"\" href='https:\/\/liceofrancestenerife.es\/fr\/mes-diciembre-los-psa-2\/img_1836-e1483815147611\/'><img decoding=\"async\" width=\"768\" height=\"1024\" src=\"https:\/\/liceofrancestenerife.es\/nuevaweb\/wp-content\/uploads\/2017\/01\/IMG_1836-e1483815147611-768x1024.jpg\" class=\"attachment-large size-large lazyload\" alt=\"\" srcset=\"data:image\/svg+xml,%3Csvg%20xmlns%3D%27http%3A%2F%2Fwww.w3.org%2F2000%2Fsvg%27%20width%3D%271125%27%20height%3D%271500%27%20viewBox%3D%270%200%201125%201500%27%3E%3Crect%20width%3D%271125%27%20height%3D%271500%27%20fill-opacity%3D%220%22%2F%3E%3C%2Fsvg%3E\" data-orig-src=\"https:\/\/liceofrancestenerife.es\/nuevaweb\/wp-content\/uploads\/2017\/01\/IMG_1836-e1483815147611-768x1024.jpg\" data-srcset=\"https:\/\/liceofrancestenerife.es\/nuevaweb\/wp-content\/uploads\/2017\/01\/IMG_1836-e1483815147611-200x267.jpg 200w, https:\/\/liceofrancestenerife.es\/nuevaweb\/wp-content\/uploads\/2017\/01\/IMG_1836-e1483815147611-225x300.jpg 225w, https:\/\/liceofrancestenerife.es\/nuevaweb\/wp-content\/uploads\/2017\/01\/IMG_1836-e1483815147611-400x533.jpg 400w, https:\/\/liceofrancestenerife.es\/nuevaweb\/wp-content\/uploads\/2017\/01\/IMG_1836-e1483815147611-600x800.jpg 600w, https:\/\/liceofrancestenerife.es\/nuevaweb\/wp-content\/uploads\/2017\/01\/IMG_1836-e1483815147611-768x1024.jpg 768w, https:\/\/liceofrancestenerife.es\/nuevaweb\/wp-content\/uploads\/2017\/01\/IMG_1836-e1483815147611-800x1066.jpg 800w, https:\/\/liceofrancestenerife.es\/nuevaweb\/wp-content\/uploads\/2017\/01\/IMG_1836-e1483815147611.jpg 1125w, https:\/\/liceofrancestenerife.es\/nuevaweb\/wp-content\/uploads\/2017\/01\/IMG_1836-e1483815147611-1200x1600.jpg 1200w\" data-sizes=\"auto\" \/><\/a>\n\t\t\t<\/dt><\/dl><br style=\"clear: both\" \/><dl class='gallery-item'>\n\t\t\t<dt class='gallery-icon portrait'>\n\t\t\t\t<a data-rel=\"iLightbox[postimages]\" data-title=\"IMG_1856-e1483815175249\" data-caption=\"\" href='https:\/\/liceofrancestenerife.es\/fr\/mes-diciembre-los-psa-2\/img_1856-e1483815175249\/'><img decoding=\"async\" width=\"768\" height=\"1024\" src=\"https:\/\/liceofrancestenerife.es\/nuevaweb\/wp-content\/uploads\/2017\/01\/IMG_1856-e1483815175249-768x1024.jpg\" class=\"attachment-large size-large lazyload\" alt=\"\" srcset=\"data:image\/svg+xml,%3Csvg%20xmlns%3D%27http%3A%2F%2Fwww.w3.org%2F2000%2Fsvg%27%20width%3D%271125%27%20height%3D%271500%27%20viewBox%3D%270%200%201125%201500%27%3E%3Crect%20width%3D%271125%27%20height%3D%271500%27%20fill-opacity%3D%220%22%2F%3E%3C%2Fsvg%3E\" data-orig-src=\"https:\/\/liceofrancestenerife.es\/nuevaweb\/wp-content\/uploads\/2017\/01\/IMG_1856-e1483815175249-768x1024.jpg\" data-srcset=\"https:\/\/liceofrancestenerife.es\/nuevaweb\/wp-content\/uploads\/2017\/01\/IMG_1856-e1483815175249-200x267.jpg 200w, https:\/\/liceofrancestenerife.es\/nuevaweb\/wp-content\/uploads\/2017\/01\/IMG_1856-e1483815175249-225x300.jpg 225w, https:\/\/liceofrancestenerife.es\/nuevaweb\/wp-content\/uploads\/2017\/01\/IMG_1856-e1483815175249-400x533.jpg 400w, https:\/\/liceofrancestenerife.es\/nuevaweb\/wp-content\/uploads\/2017\/01\/IMG_1856-e1483815175249-600x800.jpg 600w, https:\/\/liceofrancestenerife.es\/nuevaweb\/wp-content\/uploads\/2017\/01\/IMG_1856-e1483815175249-768x1024.jpg 768w, https:\/\/liceofrancestenerife.es\/nuevaweb\/wp-content\/uploads\/2017\/01\/IMG_1856-e1483815175249-800x1066.jpg 800w, https:\/\/liceofrancestenerife.es\/nuevaweb\/wp-content\/uploads\/2017\/01\/IMG_1856-e1483815175249.jpg 1125w, https:\/\/liceofrancestenerife.es\/nuevaweb\/wp-content\/uploads\/2017\/01\/IMG_1856-e1483815175249-1200x1600.jpg 1200w\" data-sizes=\"auto\" \/><\/a>\n\t\t\t<\/dt><\/dl><dl class='gallery-item'>\n\t\t\t<dt class='gallery-icon portrait'>\n\t\t\t\t<a data-rel=\"iLightbox[postimages]\" data-title=\"IMG_1858-e1483815199232\" data-caption=\"\" href='https:\/\/liceofrancestenerife.es\/fr\/mes-diciembre-los-psa-2\/img_1858-e1483815199232\/'><img decoding=\"async\" width=\"768\" height=\"1024\" src=\"https:\/\/liceofrancestenerife.es\/nuevaweb\/wp-content\/uploads\/2017\/01\/IMG_1858-e1483815199232-768x1024.jpg\" class=\"attachment-large size-large lazyload\" alt=\"\" srcset=\"data:image\/svg+xml,%3Csvg%20xmlns%3D%27http%3A%2F%2Fwww.w3.org%2F2000%2Fsvg%27%20width%3D%271125%27%20height%3D%271500%27%20viewBox%3D%270%200%201125%201500%27%3E%3Crect%20width%3D%271125%27%20height%3D%271500%27%20fill-opacity%3D%220%22%2F%3E%3C%2Fsvg%3E\" data-orig-src=\"https:\/\/liceofrancestenerife.es\/nuevaweb\/wp-content\/uploads\/2017\/01\/IMG_1858-e1483815199232-768x1024.jpg\" data-srcset=\"https:\/\/liceofrancestenerife.es\/nuevaweb\/wp-content\/uploads\/2017\/01\/IMG_1858-e1483815199232-200x267.jpg 200w, https:\/\/liceofrancestenerife.es\/nuevaweb\/wp-content\/uploads\/2017\/01\/IMG_1858-e1483815199232-225x300.jpg 225w, https:\/\/liceofrancestenerife.es\/nuevaweb\/wp-content\/uploads\/2017\/01\/IMG_1858-e1483815199232-400x533.jpg 400w, https:\/\/liceofrancestenerife.es\/nuevaweb\/wp-content\/uploads\/2017\/01\/IMG_1858-e1483815199232-600x800.jpg 600w, https:\/\/liceofrancestenerife.es\/nuevaweb\/wp-content\/uploads\/2017\/01\/IMG_1858-e1483815199232-768x1024.jpg 768w, https:\/\/liceofrancestenerife.es\/nuevaweb\/wp-content\/uploads\/2017\/01\/IMG_1858-e1483815199232-800x1066.jpg 800w, https:\/\/liceofrancestenerife.es\/nuevaweb\/wp-content\/uploads\/2017\/01\/IMG_1858-e1483815199232.jpg 1125w, https:\/\/liceofrancestenerife.es\/nuevaweb\/wp-content\/uploads\/2017\/01\/IMG_1858-e1483815199232-1200x1600.jpg 1200w\" data-sizes=\"auto\" \/><\/a>\n\t\t\t<\/dt><\/dl><dl class='gallery-item'>\n\t\t\t<dt class='gallery-icon portrait'>\n\t\t\t\t<a data-rel=\"iLightbox[postimages]\" data-title=\"IMG_1862-e1483815227304\" data-caption=\"\" href='https:\/\/liceofrancestenerife.es\/fr\/mes-diciembre-los-psa-2\/img_1862-e1483815227304\/'><img decoding=\"async\" width=\"768\" height=\"1024\" src=\"https:\/\/liceofrancestenerife.es\/nuevaweb\/wp-content\/uploads\/2017\/01\/IMG_1862-e1483815227304-768x1024.jpg\" class=\"attachment-large size-large lazyload\" alt=\"\" srcset=\"data:image\/svg+xml,%3Csvg%20xmlns%3D%27http%3A%2F%2Fwww.w3.org%2F2000%2Fsvg%27%20width%3D%271125%27%20height%3D%271500%27%20viewBox%3D%270%200%201125%201500%27%3E%3Crect%20width%3D%271125%27%20height%3D%271500%27%20fill-opacity%3D%220%22%2F%3E%3C%2Fsvg%3E\" data-orig-src=\"https:\/\/liceofrancestenerife.es\/nuevaweb\/wp-content\/uploads\/2017\/01\/IMG_1862-e1483815227304-768x1024.jpg\" data-srcset=\"https:\/\/liceofrancestenerife.es\/nuevaweb\/wp-content\/uploads\/2017\/01\/IMG_1862-e1483815227304-200x267.jpg 200w, https:\/\/liceofrancestenerife.es\/nuevaweb\/wp-content\/uploads\/2017\/01\/IMG_1862-e1483815227304-225x300.jpg 225w, https:\/\/liceofrancestenerife.es\/nuevaweb\/wp-content\/uploads\/2017\/01\/IMG_1862-e1483815227304-400x533.jpg 400w, https:\/\/liceofrancestenerife.es\/nuevaweb\/wp-content\/uploads\/2017\/01\/IMG_1862-e1483815227304-600x800.jpg 600w, https:\/\/liceofrancestenerife.es\/nuevaweb\/wp-content\/uploads\/2017\/01\/IMG_1862-e1483815227304-768x1024.jpg 768w, https:\/\/liceofrancestenerife.es\/nuevaweb\/wp-content\/uploads\/2017\/01\/IMG_1862-e1483815227304-800x1066.jpg 800w, https:\/\/liceofrancestenerife.es\/nuevaweb\/wp-content\/uploads\/2017\/01\/IMG_1862-e1483815227304.jpg 1125w, https:\/\/liceofrancestenerife.es\/nuevaweb\/wp-content\/uploads\/2017\/01\/IMG_1862-e1483815227304-1200x1600.jpg 1200w\" data-sizes=\"auto\" \/><\/a>\n\t\t\t<\/dt><\/dl><br style=\"clear: both\" \/><dl class='gallery-item'>\n\t\t\t<dt class='gallery-icon portrait'>\n\t\t\t\t<a data-rel=\"iLightbox[postimages]\" data-title=\"IMG_1891-e1483815255751\" data-caption=\"\" href='https:\/\/liceofrancestenerife.es\/fr\/mes-diciembre-los-psa-2\/img_1891-e1483815255751\/'><img decoding=\"async\" width=\"768\" height=\"1024\" src=\"https:\/\/liceofrancestenerife.es\/nuevaweb\/wp-content\/uploads\/2017\/01\/IMG_1891-e1483815255751-768x1024.jpg\" class=\"attachment-large size-large lazyload\" alt=\"\" srcset=\"data:image\/svg+xml,%3Csvg%20xmlns%3D%27http%3A%2F%2Fwww.w3.org%2F2000%2Fsvg%27%20width%3D%271125%27%20height%3D%271500%27%20viewBox%3D%270%200%201125%201500%27%3E%3Crect%20width%3D%271125%27%20height%3D%271500%27%20fill-opacity%3D%220%22%2F%3E%3C%2Fsvg%3E\" data-orig-src=\"https:\/\/liceofrancestenerife.es\/nuevaweb\/wp-content\/uploads\/2017\/01\/IMG_1891-e1483815255751-768x1024.jpg\" data-srcset=\"https:\/\/liceofrancestenerife.es\/nuevaweb\/wp-content\/uploads\/2017\/01\/IMG_1891-e1483815255751-200x267.jpg 200w, https:\/\/liceofrancestenerife.es\/nuevaweb\/wp-content\/uploads\/2017\/01\/IMG_1891-e1483815255751-225x300.jpg 225w, https:\/\/liceofrancestenerife.es\/nuevaweb\/wp-content\/uploads\/2017\/01\/IMG_1891-e1483815255751-400x533.jpg 400w, https:\/\/liceofrancestenerife.es\/nuevaweb\/wp-content\/uploads\/2017\/01\/IMG_1891-e1483815255751-600x800.jpg 600w, https:\/\/liceofrancestenerife.es\/nuevaweb\/wp-content\/uploads\/2017\/01\/IMG_1891-e1483815255751-768x1024.jpg 768w, https:\/\/liceofrancestenerife.es\/nuevaweb\/wp-content\/uploads\/2017\/01\/IMG_1891-e1483815255751-800x1066.jpg 800w, https:\/\/liceofrancestenerife.es\/nuevaweb\/wp-content\/uploads\/2017\/01\/IMG_1891-e1483815255751.jpg 1125w, https:\/\/liceofrancestenerife.es\/nuevaweb\/wp-content\/uploads\/2017\/01\/IMG_1891-e1483815255751-1200x1600.jpg 1200w\" data-sizes=\"auto\" \/><\/a>\n\t\t\t<\/dt><\/dl><dl class='gallery-item'>\n\t\t\t<dt class='gallery-icon portrait'>\n\t\t\t\t<a data-rel=\"iLightbox[postimages]\" data-title=\"IMG_1892-e1483815282958\" data-caption=\"\" href='https:\/\/liceofrancestenerife.es\/fr\/mes-diciembre-los-psa-2\/img_1892-e1483815282958\/'><img decoding=\"async\" width=\"768\" height=\"1024\" src=\"https:\/\/liceofrancestenerife.es\/nuevaweb\/wp-content\/uploads\/2017\/01\/IMG_1892-e1483815282958-768x1024.jpg\" class=\"attachment-large size-large lazyload\" alt=\"\" srcset=\"data:image\/svg+xml,%3Csvg%20xmlns%3D%27http%3A%2F%2Fwww.w3.org%2F2000%2Fsvg%27%20width%3D%271125%27%20height%3D%271500%27%20viewBox%3D%270%200%201125%201500%27%3E%3Crect%20width%3D%271125%27%20height%3D%271500%27%20fill-opacity%3D%220%22%2F%3E%3C%2Fsvg%3E\" data-orig-src=\"https:\/\/liceofrancestenerife.es\/nuevaweb\/wp-content\/uploads\/2017\/01\/IMG_1892-e1483815282958-768x1024.jpg\" data-srcset=\"https:\/\/liceofrancestenerife.es\/nuevaweb\/wp-content\/uploads\/2017\/01\/IMG_1892-e1483815282958-200x267.jpg 200w, https:\/\/liceofrancestenerife.es\/nuevaweb\/wp-content\/uploads\/2017\/01\/IMG_1892-e1483815282958-225x300.jpg 225w, https:\/\/liceofrancestenerife.es\/nuevaweb\/wp-content\/uploads\/2017\/01\/IMG_1892-e1483815282958-400x533.jpg 400w, https:\/\/liceofrancestenerife.es\/nuevaweb\/wp-content\/uploads\/2017\/01\/IMG_1892-e1483815282958-600x800.jpg 600w, https:\/\/liceofrancestenerife.es\/nuevaweb\/wp-content\/uploads\/2017\/01\/IMG_1892-e1483815282958-768x1024.jpg 768w, https:\/\/liceofrancestenerife.es\/nuevaweb\/wp-content\/uploads\/2017\/01\/IMG_1892-e1483815282958-800x1066.jpg 800w, https:\/\/liceofrancestenerife.es\/nuevaweb\/wp-content\/uploads\/2017\/01\/IMG_1892-e1483815282958.jpg 1125w, https:\/\/liceofrancestenerife.es\/nuevaweb\/wp-content\/uploads\/2017\/01\/IMG_1892-e1483815282958-1200x1600.jpg 1200w\" data-sizes=\"auto\" \/><\/a>\n\t\t\t<\/dt><\/dl><dl class='gallery-item'>\n\t\t\t<dt class='gallery-icon portrait'>\n\t\t\t\t<a data-rel=\"iLightbox[postimages]\" data-title=\"IMG_1900-e1483815309919\" data-caption=\"\" href='https:\/\/liceofrancestenerife.es\/fr\/mes-diciembre-los-psa-2\/img_1900-e1483815309919\/'><img decoding=\"async\" width=\"768\" height=\"1024\" src=\"https:\/\/liceofrancestenerife.es\/nuevaweb\/wp-content\/uploads\/2017\/01\/IMG_1900-e1483815309919-768x1024.jpg\" class=\"attachment-large size-large lazyload\" alt=\"\" srcset=\"data:image\/svg+xml,%3Csvg%20xmlns%3D%27http%3A%2F%2Fwww.w3.org%2F2000%2Fsvg%27%20width%3D%271125%27%20height%3D%271500%27%20viewBox%3D%270%200%201125%201500%27%3E%3Crect%20width%3D%271125%27%20height%3D%271500%27%20fill-opacity%3D%220%22%2F%3E%3C%2Fsvg%3E\" data-orig-src=\"https:\/\/liceofrancestenerife.es\/nuevaweb\/wp-content\/uploads\/2017\/01\/IMG_1900-e1483815309919-768x1024.jpg\" data-srcset=\"https:\/\/liceofrancestenerife.es\/nuevaweb\/wp-content\/uploads\/2017\/01\/IMG_1900-e1483815309919-200x267.jpg 200w, https:\/\/liceofrancestenerife.es\/nuevaweb\/wp-content\/uploads\/2017\/01\/IMG_1900-e1483815309919-225x300.jpg 225w, https:\/\/liceofrancestenerife.es\/nuevaweb\/wp-content\/uploads\/2017\/01\/IMG_1900-e1483815309919-400x533.jpg 400w, https:\/\/liceofrancestenerife.es\/nuevaweb\/wp-content\/uploads\/2017\/01\/IMG_1900-e1483815309919-600x800.jpg 600w, https:\/\/liceofrancestenerife.es\/nuevaweb\/wp-content\/uploads\/2017\/01\/IMG_1900-e1483815309919-768x1024.jpg 768w, https:\/\/liceofrancestenerife.es\/nuevaweb\/wp-content\/uploads\/2017\/01\/IMG_1900-e1483815309919-800x1066.jpg 800w, https:\/\/liceofrancestenerife.es\/nuevaweb\/wp-content\/uploads\/2017\/01\/IMG_1900-e1483815309919.jpg 1125w, https:\/\/liceofrancestenerife.es\/nuevaweb\/wp-content\/uploads\/2017\/01\/IMG_1900-e1483815309919-1200x1600.jpg 1200w\" data-sizes=\"auto\" \/><\/a>\n\t\t\t<\/dt><\/dl><br style=\"clear: both\" \/><dl class='gallery-item'>\n\t\t\t<dt class='gallery-icon portrait'>\n\t\t\t\t<a data-rel=\"iLightbox[postimages]\" data-title=\"IMG_1903-e1483815334505\" data-caption=\"\" href='https:\/\/liceofrancestenerife.es\/fr\/mes-diciembre-los-psa-2\/img_1903-e1483815334505\/'><img decoding=\"async\" width=\"768\" height=\"1024\" src=\"https:\/\/liceofrancestenerife.es\/nuevaweb\/wp-content\/uploads\/2017\/01\/IMG_1903-e1483815334505-768x1024.jpg\" class=\"attachment-large size-large lazyload\" alt=\"\" srcset=\"data:image\/svg+xml,%3Csvg%20xmlns%3D%27http%3A%2F%2Fwww.w3.org%2F2000%2Fsvg%27%20width%3D%271125%27%20height%3D%271500%27%20viewBox%3D%270%200%201125%201500%27%3E%3Crect%20width%3D%271125%27%20height%3D%271500%27%20fill-opacity%3D%220%22%2F%3E%3C%2Fsvg%3E\" data-orig-src=\"https:\/\/liceofrancestenerife.es\/nuevaweb\/wp-content\/uploads\/2017\/01\/IMG_1903-e1483815334505-768x1024.jpg\" data-srcset=\"https:\/\/liceofrancestenerife.es\/nuevaweb\/wp-content\/uploads\/2017\/01\/IMG_1903-e1483815334505-200x267.jpg 200w, https:\/\/liceofrancestenerife.es\/nuevaweb\/wp-content\/uploads\/2017\/01\/IMG_1903-e1483815334505-225x300.jpg 225w, https:\/\/liceofrancestenerife.es\/nuevaweb\/wp-content\/uploads\/2017\/01\/IMG_1903-e1483815334505-400x533.jpg 400w, https:\/\/liceofrancestenerife.es\/nuevaweb\/wp-content\/uploads\/2017\/01\/IMG_1903-e1483815334505-600x800.jpg 600w, https:\/\/liceofrancestenerife.es\/nuevaweb\/wp-content\/uploads\/2017\/01\/IMG_1903-e1483815334505-768x1024.jpg 768w, https:\/\/liceofrancestenerife.es\/nuevaweb\/wp-content\/uploads\/2017\/01\/IMG_1903-e1483815334505-800x1066.jpg 800w, https:\/\/liceofrancestenerife.es\/nuevaweb\/wp-content\/uploads\/2017\/01\/IMG_1903-e1483815334505.jpg 1125w, https:\/\/liceofrancestenerife.es\/nuevaweb\/wp-content\/uploads\/2017\/01\/IMG_1903-e1483815334505-1200x1600.jpg 1200w\" data-sizes=\"auto\" \/><\/a>\n\t\t\t<\/dt><\/dl><dl class='gallery-item'>\n\t\t\t<dt class='gallery-icon portrait'>\n\t\t\t\t<a data-rel=\"iLightbox[postimages]\" data-title=\"IMG_1909-e1483815387907\" data-caption=\"\" href='https:\/\/liceofrancestenerife.es\/fr\/mes-diciembre-los-psa-2\/img_1909-e1483815387907\/'><img decoding=\"async\" width=\"768\" height=\"1024\" src=\"https:\/\/liceofrancestenerife.es\/nuevaweb\/wp-content\/uploads\/2017\/01\/IMG_1909-e1483815387907-768x1024.jpg\" class=\"attachment-large size-large lazyload\" alt=\"\" srcset=\"data:image\/svg+xml,%3Csvg%20xmlns%3D%27http%3A%2F%2Fwww.w3.org%2F2000%2Fsvg%27%20width%3D%271125%27%20height%3D%271500%27%20viewBox%3D%270%200%201125%201500%27%3E%3Crect%20width%3D%271125%27%20height%3D%271500%27%20fill-opacity%3D%220%22%2F%3E%3C%2Fsvg%3E\" data-orig-src=\"https:\/\/liceofrancestenerife.es\/nuevaweb\/wp-content\/uploads\/2017\/01\/IMG_1909-e1483815387907-768x1024.jpg\" data-srcset=\"https:\/\/liceofrancestenerife.es\/nuevaweb\/wp-content\/uploads\/2017\/01\/IMG_1909-e1483815387907-200x267.jpg 200w, https:\/\/liceofrancestenerife.es\/nuevaweb\/wp-content\/uploads\/2017\/01\/IMG_1909-e1483815387907-225x300.jpg 225w, https:\/\/liceofrancestenerife.es\/nuevaweb\/wp-content\/uploads\/2017\/01\/IMG_1909-e1483815387907-400x533.jpg 400w, https:\/\/liceofrancestenerife.es\/nuevaweb\/wp-content\/uploads\/2017\/01\/IMG_1909-e1483815387907-600x800.jpg 600w, https:\/\/liceofrancestenerife.es\/nuevaweb\/wp-content\/uploads\/2017\/01\/IMG_1909-e1483815387907-768x1024.jpg 768w, https:\/\/liceofrancestenerife.es\/nuevaweb\/wp-content\/uploads\/2017\/01\/IMG_1909-e1483815387907-800x1066.jpg 800w, https:\/\/liceofrancestenerife.es\/nuevaweb\/wp-content\/uploads\/2017\/01\/IMG_1909-e1483815387907.jpg 1125w, https:\/\/liceofrancestenerife.es\/nuevaweb\/wp-content\/uploads\/2017\/01\/IMG_1909-e1483815387907-1200x1600.jpg 1200w\" data-sizes=\"auto\" \/><\/a>\n\t\t\t<\/dt><\/dl><dl class='gallery-item'>\n\t\t\t<dt class='gallery-icon portrait'>\n\t\t\t\t<a data-rel=\"iLightbox[postimages]\" data-title=\"IMG_1908-e1483815363530\" data-caption=\"\" href='https:\/\/liceofrancestenerife.es\/fr\/mes-diciembre-los-psa-2\/img_1908-e1483815363530-2\/'><img decoding=\"async\" width=\"768\" height=\"1024\" src=\"https:\/\/liceofrancestenerife.es\/nuevaweb\/wp-content\/uploads\/2017\/01\/IMG_1908-e1483815363530-1-768x1024.jpg\" class=\"attachment-large size-large lazyload\" alt=\"\" srcset=\"data:image\/svg+xml,%3Csvg%20xmlns%3D%27http%3A%2F%2Fwww.w3.org%2F2000%2Fsvg%27%20width%3D%271125%27%20height%3D%271500%27%20viewBox%3D%270%200%201125%201500%27%3E%3Crect%20width%3D%271125%27%20height%3D%271500%27%20fill-opacity%3D%220%22%2F%3E%3C%2Fsvg%3E\" data-orig-src=\"https:\/\/liceofrancestenerife.es\/nuevaweb\/wp-content\/uploads\/2017\/01\/IMG_1908-e1483815363530-1-768x1024.jpg\" data-srcset=\"https:\/\/liceofrancestenerife.es\/nuevaweb\/wp-content\/uploads\/2017\/01\/IMG_1908-e1483815363530-1-200x267.jpg 200w, https:\/\/liceofrancestenerife.es\/nuevaweb\/wp-content\/uploads\/2017\/01\/IMG_1908-e1483815363530-1-225x300.jpg 225w, https:\/\/liceofrancestenerife.es\/nuevaweb\/wp-content\/uploads\/2017\/01\/IMG_1908-e1483815363530-1-400x533.jpg 400w, https:\/\/liceofrancestenerife.es\/nuevaweb\/wp-content\/uploads\/2017\/01\/IMG_1908-e1483815363530-1-600x800.jpg 600w, https:\/\/liceofrancestenerife.es\/nuevaweb\/wp-content\/uploads\/2017\/01\/IMG_1908-e1483815363530-1-768x1024.jpg 768w, https:\/\/liceofrancestenerife.es\/nuevaweb\/wp-content\/uploads\/2017\/01\/IMG_1908-e1483815363530-1-800x1066.jpg 800w, https:\/\/liceofrancestenerife.es\/nuevaweb\/wp-content\/uploads\/2017\/01\/IMG_1908-e1483815363530-1.jpg 1125w, https:\/\/liceofrancestenerife.es\/nuevaweb\/wp-content\/uploads\/2017\/01\/IMG_1908-e1483815363530-1-1200x1600.jpg 1200w\" data-sizes=\"auto\" \/><\/a>\n\t\t\t<\/dt><\/dl><br style=\"clear: both\" \/><dl class='gallery-item'>\n\t\t\t<dt class='gallery-icon portrait'>\n\t\t\t\t<a data-rel=\"iLightbox[postimages]\" data-title=\"IMG_1916-e1483815413184\" data-caption=\"\" href='https:\/\/liceofrancestenerife.es\/fr\/mes-diciembre-los-psa-2\/img_1916-e1483815413184\/'><img decoding=\"async\" width=\"768\" height=\"1024\" src=\"https:\/\/liceofrancestenerife.es\/nuevaweb\/wp-content\/uploads\/2017\/01\/IMG_1916-e1483815413184-768x1024.jpg\" class=\"attachment-large size-large lazyload\" alt=\"\" srcset=\"data:image\/svg+xml,%3Csvg%20xmlns%3D%27http%3A%2F%2Fwww.w3.org%2F2000%2Fsvg%27%20width%3D%271125%27%20height%3D%271500%27%20viewBox%3D%270%200%201125%201500%27%3E%3Crect%20width%3D%271125%27%20height%3D%271500%27%20fill-opacity%3D%220%22%2F%3E%3C%2Fsvg%3E\" data-orig-src=\"https:\/\/liceofrancestenerife.es\/nuevaweb\/wp-content\/uploads\/2017\/01\/IMG_1916-e1483815413184-768x1024.jpg\" data-srcset=\"https:\/\/liceofrancestenerife.es\/nuevaweb\/wp-content\/uploads\/2017\/01\/IMG_1916-e1483815413184-200x267.jpg 200w, https:\/\/liceofrancestenerife.es\/nuevaweb\/wp-content\/uploads\/2017\/01\/IMG_1916-e1483815413184-225x300.jpg 225w, https:\/\/liceofrancestenerife.es\/nuevaweb\/wp-content\/uploads\/2017\/01\/IMG_1916-e1483815413184-400x533.jpg 400w, https:\/\/liceofrancestenerife.es\/nuevaweb\/wp-content\/uploads\/2017\/01\/IMG_1916-e1483815413184-600x800.jpg 600w, https:\/\/liceofrancestenerife.es\/nuevaweb\/wp-content\/uploads\/2017\/01\/IMG_1916-e1483815413184-768x1024.jpg 768w, https:\/\/liceofrancestenerife.es\/nuevaweb\/wp-content\/uploads\/2017\/01\/IMG_1916-e1483815413184-800x1066.jpg 800w, https:\/\/liceofrancestenerife.es\/nuevaweb\/wp-content\/uploads\/2017\/01\/IMG_1916-e1483815413184.jpg 1125w, https:\/\/liceofrancestenerife.es\/nuevaweb\/wp-content\/uploads\/2017\/01\/IMG_1916-e1483815413184-1200x1600.jpg 1200w\" data-sizes=\"auto\" \/><\/a>\n\t\t\t<\/dt><\/dl><dl class='gallery-item'>\n\t\t\t<dt class='gallery-icon portrait'>\n\t\t\t\t<a data-rel=\"iLightbox[postimages]\" data-title=\"IMG_1917-e1483815441131\" data-caption=\"\" href='https:\/\/liceofrancestenerife.es\/fr\/mes-diciembre-los-psa-2\/img_1917-e1483815441131\/'><img decoding=\"async\" width=\"768\" height=\"1024\" src=\"https:\/\/liceofrancestenerife.es\/nuevaweb\/wp-content\/uploads\/2017\/01\/IMG_1917-e1483815441131-768x1024.jpg\" class=\"attachment-large size-large lazyload\" alt=\"\" srcset=\"data:image\/svg+xml,%3Csvg%20xmlns%3D%27http%3A%2F%2Fwww.w3.org%2F2000%2Fsvg%27%20width%3D%271125%27%20height%3D%271500%27%20viewBox%3D%270%200%201125%201500%27%3E%3Crect%20width%3D%271125%27%20height%3D%271500%27%20fill-opacity%3D%220%22%2F%3E%3C%2Fsvg%3E\" data-orig-src=\"https:\/\/liceofrancestenerife.es\/nuevaweb\/wp-content\/uploads\/2017\/01\/IMG_1917-e1483815441131-768x1024.jpg\" data-srcset=\"https:\/\/liceofrancestenerife.es\/nuevaweb\/wp-content\/uploads\/2017\/01\/IMG_1917-e1483815441131-200x267.jpg 200w, https:\/\/liceofrancestenerife.es\/nuevaweb\/wp-content\/uploads\/2017\/01\/IMG_1917-e1483815441131-225x300.jpg 225w, https:\/\/liceofrancestenerife.es\/nuevaweb\/wp-content\/uploads\/2017\/01\/IMG_1917-e1483815441131-400x533.jpg 400w, https:\/\/liceofrancestenerife.es\/nuevaweb\/wp-content\/uploads\/2017\/01\/IMG_1917-e1483815441131-600x800.jpg 600w, https:\/\/liceofrancestenerife.es\/nuevaweb\/wp-content\/uploads\/2017\/01\/IMG_1917-e1483815441131-768x1024.jpg 768w, https:\/\/liceofrancestenerife.es\/nuevaweb\/wp-content\/uploads\/2017\/01\/IMG_1917-e1483815441131-800x1066.jpg 800w, https:\/\/liceofrancestenerife.es\/nuevaweb\/wp-content\/uploads\/2017\/01\/IMG_1917-e1483815441131.jpg 1125w, https:\/\/liceofrancestenerife.es\/nuevaweb\/wp-content\/uploads\/2017\/01\/IMG_1917-e1483815441131-1200x1600.jpg 1200w\" data-sizes=\"auto\" \/><\/a>\n\t\t\t<\/dt><\/dl><dl class='gallery-item'>\n\t\t\t<dt class='gallery-icon portrait'>\n\t\t\t\t<a data-rel=\"iLightbox[postimages]\" data-title=\"IMG_1918-e1483815484176\" data-caption=\"\" href='https:\/\/liceofrancestenerife.es\/fr\/mes-diciembre-los-psa-2\/img_1918-e1483815484176\/'><img decoding=\"async\" width=\"768\" height=\"1024\" src=\"https:\/\/liceofrancestenerife.es\/nuevaweb\/wp-content\/uploads\/2017\/01\/IMG_1918-e1483815484176-768x1024.jpg\" class=\"attachment-large size-large lazyload\" alt=\"\" srcset=\"data:image\/svg+xml,%3Csvg%20xmlns%3D%27http%3A%2F%2Fwww.w3.org%2F2000%2Fsvg%27%20width%3D%271125%27%20height%3D%271500%27%20viewBox%3D%270%200%201125%201500%27%3E%3Crect%20width%3D%271125%27%20height%3D%271500%27%20fill-opacity%3D%220%22%2F%3E%3C%2Fsvg%3E\" data-orig-src=\"https:\/\/liceofrancestenerife.es\/nuevaweb\/wp-content\/uploads\/2017\/01\/IMG_1918-e1483815484176-768x1024.jpg\" data-srcset=\"https:\/\/liceofrancestenerife.es\/nuevaweb\/wp-content\/uploads\/2017\/01\/IMG_1918-e1483815484176-200x267.jpg 200w, https:\/\/liceofrancestenerife.es\/nuevaweb\/wp-content\/uploads\/2017\/01\/IMG_1918-e1483815484176-225x300.jpg 225w, https:\/\/liceofrancestenerife.es\/nuevaweb\/wp-content\/uploads\/2017\/01\/IMG_1918-e1483815484176-400x533.jpg 400w, https:\/\/liceofrancestenerife.es\/nuevaweb\/wp-content\/uploads\/2017\/01\/IMG_1918-e1483815484176-600x800.jpg 600w, https:\/\/liceofrancestenerife.es\/nuevaweb\/wp-content\/uploads\/2017\/01\/IMG_1918-e1483815484176-768x1024.jpg 768w, https:\/\/liceofrancestenerife.es\/nuevaweb\/wp-content\/uploads\/2017\/01\/IMG_1918-e1483815484176-800x1066.jpg 800w, https:\/\/liceofrancestenerife.es\/nuevaweb\/wp-content\/uploads\/2017\/01\/IMG_1918-e1483815484176.jpg 1125w, https:\/\/liceofrancestenerife.es\/nuevaweb\/wp-content\/uploads\/2017\/01\/IMG_1918-e1483815484176-1200x1600.jpg 1200w\" data-sizes=\"auto\" \/><\/a>\n\t\t\t<\/dt><\/dl><br style=\"clear: both\" \/><dl class='gallery-item'>\n\t\t\t<dt class='gallery-icon portrait'>\n\t\t\t\t<a data-rel=\"iLightbox[postimages]\" data-title=\"IMG_1925-e1483815537112\" data-caption=\"\" href='https:\/\/liceofrancestenerife.es\/fr\/mes-diciembre-los-psa-2\/img_1925-e1483815537112\/'><img decoding=\"async\" width=\"768\" height=\"1024\" src=\"https:\/\/liceofrancestenerife.es\/nuevaweb\/wp-content\/uploads\/2017\/01\/IMG_1925-e1483815537112-768x1024.jpg\" class=\"attachment-large size-large lazyload\" alt=\"\" srcset=\"data:image\/svg+xml,%3Csvg%20xmlns%3D%27http%3A%2F%2Fwww.w3.org%2F2000%2Fsvg%27%20width%3D%271125%27%20height%3D%271500%27%20viewBox%3D%270%200%201125%201500%27%3E%3Crect%20width%3D%271125%27%20height%3D%271500%27%20fill-opacity%3D%220%22%2F%3E%3C%2Fsvg%3E\" data-orig-src=\"https:\/\/liceofrancestenerife.es\/nuevaweb\/wp-content\/uploads\/2017\/01\/IMG_1925-e1483815537112-768x1024.jpg\" data-srcset=\"https:\/\/liceofrancestenerife.es\/nuevaweb\/wp-content\/uploads\/2017\/01\/IMG_1925-e1483815537112-200x267.jpg 200w, https:\/\/liceofrancestenerife.es\/nuevaweb\/wp-content\/uploads\/2017\/01\/IMG_1925-e1483815537112-225x300.jpg 225w, https:\/\/liceofrancestenerife.es\/nuevaweb\/wp-content\/uploads\/2017\/01\/IMG_1925-e1483815537112-400x533.jpg 400w, https:\/\/liceofrancestenerife.es\/nuevaweb\/wp-content\/uploads\/2017\/01\/IMG_1925-e1483815537112-600x800.jpg 600w, https:\/\/liceofrancestenerife.es\/nuevaweb\/wp-content\/uploads\/2017\/01\/IMG_1925-e1483815537112-768x1024.jpg 768w, https:\/\/liceofrancestenerife.es\/nuevaweb\/wp-content\/uploads\/2017\/01\/IMG_1925-e1483815537112-800x1066.jpg 800w, https:\/\/liceofrancestenerife.es\/nuevaweb\/wp-content\/uploads\/2017\/01\/IMG_1925-e1483815537112.jpg 1125w, https:\/\/liceofrancestenerife.es\/nuevaweb\/wp-content\/uploads\/2017\/01\/IMG_1925-e1483815537112-1200x1600.jpg 1200w\" data-sizes=\"auto\" \/><\/a>\n\t\t\t<\/dt><\/dl><dl class='gallery-item'>\n\t\t\t<dt class='gallery-icon portrait'>\n\t\t\t\t<a data-rel=\"iLightbox[postimages]\" data-title=\"IMG_1940-e1483815563777\" data-caption=\"\" href='https:\/\/liceofrancestenerife.es\/fr\/mes-diciembre-los-psa-2\/img_1940-e1483815563777\/'><img decoding=\"async\" width=\"768\" height=\"1024\" src=\"https:\/\/liceofrancestenerife.es\/nuevaweb\/wp-content\/uploads\/2017\/01\/IMG_1940-e1483815563777-768x1024.jpg\" class=\"attachment-large size-large lazyload\" alt=\"\" srcset=\"data:image\/svg+xml,%3Csvg%20xmlns%3D%27http%3A%2F%2Fwww.w3.org%2F2000%2Fsvg%27%20width%3D%271125%27%20height%3D%271500%27%20viewBox%3D%270%200%201125%201500%27%3E%3Crect%20width%3D%271125%27%20height%3D%271500%27%20fill-opacity%3D%220%22%2F%3E%3C%2Fsvg%3E\" data-orig-src=\"https:\/\/liceofrancestenerife.es\/nuevaweb\/wp-content\/uploads\/2017\/01\/IMG_1940-e1483815563777-768x1024.jpg\" data-srcset=\"https:\/\/liceofrancestenerife.es\/nuevaweb\/wp-content\/uploads\/2017\/01\/IMG_1940-e1483815563777-200x267.jpg 200w, https:\/\/liceofrancestenerife.es\/nuevaweb\/wp-content\/uploads\/2017\/01\/IMG_1940-e1483815563777-225x300.jpg 225w, https:\/\/liceofrancestenerife.es\/nuevaweb\/wp-content\/uploads\/2017\/01\/IMG_1940-e1483815563777-400x533.jpg 400w, https:\/\/liceofrancestenerife.es\/nuevaweb\/wp-content\/uploads\/2017\/01\/IMG_1940-e1483815563777-600x800.jpg 600w, https:\/\/liceofrancestenerife.es\/nuevaweb\/wp-content\/uploads\/2017\/01\/IMG_1940-e1483815563777-768x1024.jpg 768w, https:\/\/liceofrancestenerife.es\/nuevaweb\/wp-content\/uploads\/2017\/01\/IMG_1940-e1483815563777-800x1066.jpg 800w, https:\/\/liceofrancestenerife.es\/nuevaweb\/wp-content\/uploads\/2017\/01\/IMG_1940-e1483815563777.jpg 1125w, https:\/\/liceofrancestenerife.es\/nuevaweb\/wp-content\/uploads\/2017\/01\/IMG_1940-e1483815563777-1200x1600.jpg 1200w\" data-sizes=\"auto\" \/><\/a>\n\t\t\t<\/dt><\/dl><dl class='gallery-item'>\n\t\t\t<dt class='gallery-icon portrait'>\n\t\t\t\t<a data-rel=\"iLightbox[postimages]\" data-title=\"IMG_1956-e1483815609293\" data-caption=\"\" href='https:\/\/liceofrancestenerife.es\/fr\/mes-diciembre-los-psa-2\/img_1956-e1483815609293\/'><img decoding=\"async\" width=\"768\" height=\"1024\" src=\"https:\/\/liceofrancestenerife.es\/nuevaweb\/wp-content\/uploads\/2017\/01\/IMG_1956-e1483815609293-768x1024.jpg\" class=\"attachment-large size-large lazyload\" alt=\"\" srcset=\"data:image\/svg+xml,%3Csvg%20xmlns%3D%27http%3A%2F%2Fwww.w3.org%2F2000%2Fsvg%27%20width%3D%271125%27%20height%3D%271500%27%20viewBox%3D%270%200%201125%201500%27%3E%3Crect%20width%3D%271125%27%20height%3D%271500%27%20fill-opacity%3D%220%22%2F%3E%3C%2Fsvg%3E\" data-orig-src=\"https:\/\/liceofrancestenerife.es\/nuevaweb\/wp-content\/uploads\/2017\/01\/IMG_1956-e1483815609293-768x1024.jpg\" data-srcset=\"https:\/\/liceofrancestenerife.es\/nuevaweb\/wp-content\/uploads\/2017\/01\/IMG_1956-e1483815609293-200x267.jpg 200w, https:\/\/liceofrancestenerife.es\/nuevaweb\/wp-content\/uploads\/2017\/01\/IMG_1956-e1483815609293-225x300.jpg 225w, https:\/\/liceofrancestenerife.es\/nuevaweb\/wp-content\/uploads\/2017\/01\/IMG_1956-e1483815609293-400x533.jpg 400w, https:\/\/liceofrancestenerife.es\/nuevaweb\/wp-content\/uploads\/2017\/01\/IMG_1956-e1483815609293-600x800.jpg 600w, https:\/\/liceofrancestenerife.es\/nuevaweb\/wp-content\/uploads\/2017\/01\/IMG_1956-e1483815609293-768x1024.jpg 768w, https:\/\/liceofrancestenerife.es\/nuevaweb\/wp-content\/uploads\/2017\/01\/IMG_1956-e1483815609293-800x1066.jpg 800w, https:\/\/liceofrancestenerife.es\/nuevaweb\/wp-content\/uploads\/2017\/01\/IMG_1956-e1483815609293.jpg 1125w, https:\/\/liceofrancestenerife.es\/nuevaweb\/wp-content\/uploads\/2017\/01\/IMG_1956-e1483815609293-1200x1600.jpg 1200w\" data-sizes=\"auto\" \/><\/a>\n\t\t\t<\/dt><\/dl><br style=\"clear: both\" \/><dl class='gallery-item'>\n\t\t\t<dt class='gallery-icon portrait'>\n\t\t\t\t<a data-rel=\"iLightbox[postimages]\" data-title=\"IMG_1695-e1483813603306\" data-caption=\"\" href='https:\/\/liceofrancestenerife.es\/fr\/mes-diciembre-los-psa-2\/img_1695-e1483813603306\/'><img decoding=\"async\" width=\"768\" height=\"1024\" src=\"https:\/\/liceofrancestenerife.es\/nuevaweb\/wp-content\/uploads\/2017\/01\/IMG_1695-e1483813603306-768x1024.jpg\" class=\"attachment-large size-large lazyload\" alt=\"\" srcset=\"data:image\/svg+xml,%3Csvg%20xmlns%3D%27http%3A%2F%2Fwww.w3.org%2F2000%2Fsvg%27%20width%3D%271125%27%20height%3D%271500%27%20viewBox%3D%270%200%201125%201500%27%3E%3Crect%20width%3D%271125%27%20height%3D%271500%27%20fill-opacity%3D%220%22%2F%3E%3C%2Fsvg%3E\" data-orig-src=\"https:\/\/liceofrancestenerife.es\/nuevaweb\/wp-content\/uploads\/2017\/01\/IMG_1695-e1483813603306-768x1024.jpg\" data-srcset=\"https:\/\/liceofrancestenerife.es\/nuevaweb\/wp-content\/uploads\/2017\/01\/IMG_1695-e1483813603306-200x267.jpg 200w, https:\/\/liceofrancestenerife.es\/nuevaweb\/wp-content\/uploads\/2017\/01\/IMG_1695-e1483813603306-225x300.jpg 225w, https:\/\/liceofrancestenerife.es\/nuevaweb\/wp-content\/uploads\/2017\/01\/IMG_1695-e1483813603306-400x533.jpg 400w, https:\/\/liceofrancestenerife.es\/nuevaweb\/wp-content\/uploads\/2017\/01\/IMG_1695-e1483813603306-600x800.jpg 600w, https:\/\/liceofrancestenerife.es\/nuevaweb\/wp-content\/uploads\/2017\/01\/IMG_1695-e1483813603306-768x1024.jpg 768w, https:\/\/liceofrancestenerife.es\/nuevaweb\/wp-content\/uploads\/2017\/01\/IMG_1695-e1483813603306-800x1066.jpg 800w, https:\/\/liceofrancestenerife.es\/nuevaweb\/wp-content\/uploads\/2017\/01\/IMG_1695-e1483813603306.jpg 1125w, https:\/\/liceofrancestenerife.es\/nuevaweb\/wp-content\/uploads\/2017\/01\/IMG_1695-e1483813603306-1200x1600.jpg 1200w\" data-sizes=\"auto\" \/><\/a>\n\t\t\t<\/dt><\/dl><dl class='gallery-item'>\n\t\t\t<dt class='gallery-icon portrait'>\n\t\t\t\t<a data-rel=\"iLightbox[postimages]\" data-title=\"IMG_1703-e1483813714138\" data-caption=\"\" href='https:\/\/liceofrancestenerife.es\/fr\/mes-diciembre-los-psa-2\/img_1703-e1483813714138\/'><img decoding=\"async\" width=\"768\" height=\"1024\" src=\"https:\/\/liceofrancestenerife.es\/nuevaweb\/wp-content\/uploads\/2017\/01\/IMG_1703-e1483813714138-768x1024.jpg\" class=\"attachment-large size-large lazyload\" alt=\"\" srcset=\"data:image\/svg+xml,%3Csvg%20xmlns%3D%27http%3A%2F%2Fwww.w3.org%2F2000%2Fsvg%27%20width%3D%271125%27%20height%3D%271500%27%20viewBox%3D%270%200%201125%201500%27%3E%3Crect%20width%3D%271125%27%20height%3D%271500%27%20fill-opacity%3D%220%22%2F%3E%3C%2Fsvg%3E\" data-orig-src=\"https:\/\/liceofrancestenerife.es\/nuevaweb\/wp-content\/uploads\/2017\/01\/IMG_1703-e1483813714138-768x1024.jpg\" data-srcset=\"https:\/\/liceofrancestenerife.es\/nuevaweb\/wp-content\/uploads\/2017\/01\/IMG_1703-e1483813714138-200x267.jpg 200w, https:\/\/liceofrancestenerife.es\/nuevaweb\/wp-content\/uploads\/2017\/01\/IMG_1703-e1483813714138-225x300.jpg 225w, https:\/\/liceofrancestenerife.es\/nuevaweb\/wp-content\/uploads\/2017\/01\/IMG_1703-e1483813714138-400x533.jpg 400w, https:\/\/liceofrancestenerife.es\/nuevaweb\/wp-content\/uploads\/2017\/01\/IMG_1703-e1483813714138-600x800.jpg 600w, https:\/\/liceofrancestenerife.es\/nuevaweb\/wp-content\/uploads\/2017\/01\/IMG_1703-e1483813714138-768x1024.jpg 768w, https:\/\/liceofrancestenerife.es\/nuevaweb\/wp-content\/uploads\/2017\/01\/IMG_1703-e1483813714138-800x1066.jpg 800w, https:\/\/liceofrancestenerife.es\/nuevaweb\/wp-content\/uploads\/2017\/01\/IMG_1703-e1483813714138.jpg 1125w, https:\/\/liceofrancestenerife.es\/nuevaweb\/wp-content\/uploads\/2017\/01\/IMG_1703-e1483813714138-1200x1600.jpg 1200w\" data-sizes=\"auto\" \/><\/a>\n\t\t\t<\/dt><\/dl><dl class='gallery-item'>\n\t\t\t<dt class='gallery-icon portrait'>\n\t\t\t\t<a data-rel=\"iLightbox[postimages]\" data-title=\"IMG_1704-e1483813749989\" data-caption=\"\" href='https:\/\/liceofrancestenerife.es\/fr\/mes-diciembre-los-psa-2\/img_1704-e1483813749989\/'><img decoding=\"async\" width=\"768\" height=\"1024\" src=\"https:\/\/liceofrancestenerife.es\/nuevaweb\/wp-content\/uploads\/2017\/01\/IMG_1704-e1483813749989-768x1024.jpg\" class=\"attachment-large size-large lazyload\" alt=\"\" srcset=\"data:image\/svg+xml,%3Csvg%20xmlns%3D%27http%3A%2F%2Fwww.w3.org%2F2000%2Fsvg%27%20width%3D%271125%27%20height%3D%271500%27%20viewBox%3D%270%200%201125%201500%27%3E%3Crect%20width%3D%271125%27%20height%3D%271500%27%20fill-opacity%3D%220%22%2F%3E%3C%2Fsvg%3E\" data-orig-src=\"https:\/\/liceofrancestenerife.es\/nuevaweb\/wp-content\/uploads\/2017\/01\/IMG_1704-e1483813749989-768x1024.jpg\" data-srcset=\"https:\/\/liceofrancestenerife.es\/nuevaweb\/wp-content\/uploads\/2017\/01\/IMG_1704-e1483813749989-200x267.jpg 200w, https:\/\/liceofrancestenerife.es\/nuevaweb\/wp-content\/uploads\/2017\/01\/IMG_1704-e1483813749989-225x300.jpg 225w, https:\/\/liceofrancestenerife.es\/nuevaweb\/wp-content\/uploads\/2017\/01\/IMG_1704-e1483813749989-400x533.jpg 400w, https:\/\/liceofrancestenerife.es\/nuevaweb\/wp-content\/uploads\/2017\/01\/IMG_1704-e1483813749989-600x800.jpg 600w, https:\/\/liceofrancestenerife.es\/nuevaweb\/wp-content\/uploads\/2017\/01\/IMG_1704-e1483813749989-768x1024.jpg 768w, https:\/\/liceofrancestenerife.es\/nuevaweb\/wp-content\/uploads\/2017\/01\/IMG_1704-e1483813749989-800x1066.jpg 800w, https:\/\/liceofrancestenerife.es\/nuevaweb\/wp-content\/uploads\/2017\/01\/IMG_1704-e1483813749989.jpg 1125w, https:\/\/liceofrancestenerife.es\/nuevaweb\/wp-content\/uploads\/2017\/01\/IMG_1704-e1483813749989-1200x1600.jpg 1200w\" data-sizes=\"auto\" \/><\/a>\n\t\t\t<\/dt><\/dl><br style=\"clear: both\" \/><dl class='gallery-item'>\n\t\t\t<dt class='gallery-icon portrait'>\n\t\t\t\t<a data-rel=\"iLightbox[postimages]\" data-title=\"IMG_1737-e1483813809390\" data-caption=\"\" href='https:\/\/liceofrancestenerife.es\/fr\/mes-diciembre-los-psa-2\/img_1737-e1483813809390\/'><img decoding=\"async\" width=\"768\" height=\"1024\" src=\"https:\/\/liceofrancestenerife.es\/nuevaweb\/wp-content\/uploads\/2017\/01\/IMG_1737-e1483813809390-768x1024.jpg\" class=\"attachment-large size-large lazyload\" alt=\"\" srcset=\"data:image\/svg+xml,%3Csvg%20xmlns%3D%27http%3A%2F%2Fwww.w3.org%2F2000%2Fsvg%27%20width%3D%271125%27%20height%3D%271500%27%20viewBox%3D%270%200%201125%201500%27%3E%3Crect%20width%3D%271125%27%20height%3D%271500%27%20fill-opacity%3D%220%22%2F%3E%3C%2Fsvg%3E\" data-orig-src=\"https:\/\/liceofrancestenerife.es\/nuevaweb\/wp-content\/uploads\/2017\/01\/IMG_1737-e1483813809390-768x1024.jpg\" data-srcset=\"https:\/\/liceofrancestenerife.es\/nuevaweb\/wp-content\/uploads\/2017\/01\/IMG_1737-e1483813809390-200x267.jpg 200w, https:\/\/liceofrancestenerife.es\/nuevaweb\/wp-content\/uploads\/2017\/01\/IMG_1737-e1483813809390-225x300.jpg 225w, https:\/\/liceofrancestenerife.es\/nuevaweb\/wp-content\/uploads\/2017\/01\/IMG_1737-e1483813809390-400x533.jpg 400w, https:\/\/liceofrancestenerife.es\/nuevaweb\/wp-content\/uploads\/2017\/01\/IMG_1737-e1483813809390-600x800.jpg 600w, https:\/\/liceofrancestenerife.es\/nuevaweb\/wp-content\/uploads\/2017\/01\/IMG_1737-e1483813809390-768x1024.jpg 768w, https:\/\/liceofrancestenerife.es\/nuevaweb\/wp-content\/uploads\/2017\/01\/IMG_1737-e1483813809390-800x1066.jpg 800w, https:\/\/liceofrancestenerife.es\/nuevaweb\/wp-content\/uploads\/2017\/01\/IMG_1737-e1483813809390.jpg 1125w, https:\/\/liceofrancestenerife.es\/nuevaweb\/wp-content\/uploads\/2017\/01\/IMG_1737-e1483813809390-1200x1600.jpg 1200w\" data-sizes=\"auto\" \/><\/a>\n\t\t\t<\/dt><\/dl><dl class='gallery-item'>\n\t\t\t<dt class='gallery-icon portrait'>\n\t\t\t\t<a data-rel=\"iLightbox[postimages]\" data-title=\"IMG_1738-e1483813835617\" data-caption=\"\" href='https:\/\/liceofrancestenerife.es\/fr\/mes-diciembre-los-psa-2\/img_1738-e1483813835617\/'><img decoding=\"async\" width=\"768\" height=\"1024\" src=\"https:\/\/liceofrancestenerife.es\/nuevaweb\/wp-content\/uploads\/2017\/01\/IMG_1738-e1483813835617-768x1024.jpg\" class=\"attachment-large size-large lazyload\" alt=\"\" srcset=\"data:image\/svg+xml,%3Csvg%20xmlns%3D%27http%3A%2F%2Fwww.w3.org%2F2000%2Fsvg%27%20width%3D%271125%27%20height%3D%271500%27%20viewBox%3D%270%200%201125%201500%27%3E%3Crect%20width%3D%271125%27%20height%3D%271500%27%20fill-opacity%3D%220%22%2F%3E%3C%2Fsvg%3E\" data-orig-src=\"https:\/\/liceofrancestenerife.es\/nuevaweb\/wp-content\/uploads\/2017\/01\/IMG_1738-e1483813835617-768x1024.jpg\" data-srcset=\"https:\/\/liceofrancestenerife.es\/nuevaweb\/wp-content\/uploads\/2017\/01\/IMG_1738-e1483813835617-200x267.jpg 200w, https:\/\/liceofrancestenerife.es\/nuevaweb\/wp-content\/uploads\/2017\/01\/IMG_1738-e1483813835617-225x300.jpg 225w, https:\/\/liceofrancestenerife.es\/nuevaweb\/wp-content\/uploads\/2017\/01\/IMG_1738-e1483813835617-400x533.jpg 400w, https:\/\/liceofrancestenerife.es\/nuevaweb\/wp-content\/uploads\/2017\/01\/IMG_1738-e1483813835617-600x800.jpg 600w, https:\/\/liceofrancestenerife.es\/nuevaweb\/wp-content\/uploads\/2017\/01\/IMG_1738-e1483813835617-768x1024.jpg 768w, https:\/\/liceofrancestenerife.es\/nuevaweb\/wp-content\/uploads\/2017\/01\/IMG_1738-e1483813835617-800x1066.jpg 800w, https:\/\/liceofrancestenerife.es\/nuevaweb\/wp-content\/uploads\/2017\/01\/IMG_1738-e1483813835617.jpg 1125w, https:\/\/liceofrancestenerife.es\/nuevaweb\/wp-content\/uploads\/2017\/01\/IMG_1738-e1483813835617-1200x1600.jpg 1200w\" data-sizes=\"auto\" \/><\/a>\n\t\t\t<\/dt><\/dl><dl class='gallery-item'>\n\t\t\t<dt class='gallery-icon portrait'>\n\t\t\t\t<a data-rel=\"iLightbox[postimages]\" data-title=\"IMG_1743-e1483813910875\" data-caption=\"\" href='https:\/\/liceofrancestenerife.es\/fr\/mes-diciembre-los-psa-2\/img_1743-e1483813910875\/'><img decoding=\"async\" width=\"768\" height=\"1024\" src=\"https:\/\/liceofrancestenerife.es\/nuevaweb\/wp-content\/uploads\/2017\/01\/IMG_1743-e1483813910875-768x1024.jpg\" class=\"attachment-large size-large lazyload\" alt=\"\" srcset=\"data:image\/svg+xml,%3Csvg%20xmlns%3D%27http%3A%2F%2Fwww.w3.org%2F2000%2Fsvg%27%20width%3D%271125%27%20height%3D%271500%27%20viewBox%3D%270%200%201125%201500%27%3E%3Crect%20width%3D%271125%27%20height%3D%271500%27%20fill-opacity%3D%220%22%2F%3E%3C%2Fsvg%3E\" data-orig-src=\"https:\/\/liceofrancestenerife.es\/nuevaweb\/wp-content\/uploads\/2017\/01\/IMG_1743-e1483813910875-768x1024.jpg\" data-srcset=\"https:\/\/liceofrancestenerife.es\/nuevaweb\/wp-content\/uploads\/2017\/01\/IMG_1743-e1483813910875-200x267.jpg 200w, https:\/\/liceofrancestenerife.es\/nuevaweb\/wp-content\/uploads\/2017\/01\/IMG_1743-e1483813910875-225x300.jpg 225w, https:\/\/liceofrancestenerife.es\/nuevaweb\/wp-content\/uploads\/2017\/01\/IMG_1743-e1483813910875-400x533.jpg 400w, https:\/\/liceofrancestenerife.es\/nuevaweb\/wp-content\/uploads\/2017\/01\/IMG_1743-e1483813910875-600x800.jpg 600w, https:\/\/liceofrancestenerife.es\/nuevaweb\/wp-content\/uploads\/2017\/01\/IMG_1743-e1483813910875-768x1024.jpg 768w, https:\/\/liceofrancestenerife.es\/nuevaweb\/wp-content\/uploads\/2017\/01\/IMG_1743-e1483813910875-800x1066.jpg 800w, https:\/\/liceofrancestenerife.es\/nuevaweb\/wp-content\/uploads\/2017\/01\/IMG_1743-e1483813910875.jpg 1125w, https:\/\/liceofrancestenerife.es\/nuevaweb\/wp-content\/uploads\/2017\/01\/IMG_1743-e1483813910875-1200x1600.jpg 1200w\" data-sizes=\"auto\" \/><\/a>\n\t\t\t<\/dt><\/dl><br style=\"clear: both\" \/>\n\t\t<\/div>\n\n<p><strong>La fresque du sapin de no\u00ebl :<\/strong><\/p>\n\n\t\t<style type=\"text\/css\">\n\t\t\t#gallery-8 {\n\t\t\t\tmargin: auto;\n\t\t\t}\n\t\t\t#gallery-8 .gallery-item {\n\t\t\t\tfloat: left;\n\t\t\t\tmargin-top: 10px;\n\t\t\t\ttext-align: center;\n\t\t\t\twidth: 33%;\n\t\t\t}\n\t\t\t#gallery-8 img {\n\t\t\t\tborder: 2px solid #cfcfcf;\n\t\t\t}\n\t\t\t#gallery-8 .gallery-caption {\n\t\t\t\tmargin-left: 0;\n\t\t\t}\n\t\t\t\/* see gallery_shortcode() in wp-includes\/media.php *\/\n\t\t<\/style>\n\t\t<div id='gallery-8' class='gallery galleryid-10060 gallery-columns-3 gallery-size-large'><dl class='gallery-item'>\n\t\t\t<dt class='gallery-icon portrait'>\n\t\t\t\t<a data-rel=\"iLightbox[postimages]\" data-title=\"IMG_2054-e1483816075858\" data-caption=\"\" href='https:\/\/liceofrancestenerife.es\/fr\/mes-diciembre-los-psa-2\/img_2054-e1483816075858\/'><img decoding=\"async\" width=\"768\" height=\"1024\" src=\"https:\/\/liceofrancestenerife.es\/nuevaweb\/wp-content\/uploads\/2017\/01\/IMG_2054-e1483816075858-768x1024.jpg\" class=\"attachment-large size-large lazyload\" alt=\"\" srcset=\"data:image\/svg+xml,%3Csvg%20xmlns%3D%27http%3A%2F%2Fwww.w3.org%2F2000%2Fsvg%27%20width%3D%271125%27%20height%3D%271500%27%20viewBox%3D%270%200%201125%201500%27%3E%3Crect%20width%3D%271125%27%20height%3D%271500%27%20fill-opacity%3D%220%22%2F%3E%3C%2Fsvg%3E\" data-orig-src=\"https:\/\/liceofrancestenerife.es\/nuevaweb\/wp-content\/uploads\/2017\/01\/IMG_2054-e1483816075858-768x1024.jpg\" data-srcset=\"https:\/\/liceofrancestenerife.es\/nuevaweb\/wp-content\/uploads\/2017\/01\/IMG_2054-e1483816075858-200x267.jpg 200w, https:\/\/liceofrancestenerife.es\/nuevaweb\/wp-content\/uploads\/2017\/01\/IMG_2054-e1483816075858-225x300.jpg 225w, https:\/\/liceofrancestenerife.es\/nuevaweb\/wp-content\/uploads\/2017\/01\/IMG_2054-e1483816075858-400x533.jpg 400w, https:\/\/liceofrancestenerife.es\/nuevaweb\/wp-content\/uploads\/2017\/01\/IMG_2054-e1483816075858-600x800.jpg 600w, https:\/\/liceofrancestenerife.es\/nuevaweb\/wp-content\/uploads\/2017\/01\/IMG_2054-e1483816075858-768x1024.jpg 768w, https:\/\/liceofrancestenerife.es\/nuevaweb\/wp-content\/uploads\/2017\/01\/IMG_2054-e1483816075858-800x1066.jpg 800w, https:\/\/liceofrancestenerife.es\/nuevaweb\/wp-content\/uploads\/2017\/01\/IMG_2054-e1483816075858.jpg 1125w, https:\/\/liceofrancestenerife.es\/nuevaweb\/wp-content\/uploads\/2017\/01\/IMG_2054-e1483816075858-1200x1600.jpg 1200w\" data-sizes=\"auto\" \/><\/a>\n\t\t\t<\/dt><\/dl><dl class='gallery-item'>\n\t\t\t<dt class='gallery-icon portrait'>\n\t\t\t\t<a data-rel=\"iLightbox[postimages]\" data-title=\"IMG_2056-e1483816110209\" data-caption=\"\" href='https:\/\/liceofrancestenerife.es\/fr\/mes-diciembre-los-psa-2\/img_2056-e1483816110209\/'><img decoding=\"async\" width=\"768\" height=\"1024\" src=\"https:\/\/liceofrancestenerife.es\/nuevaweb\/wp-content\/uploads\/2017\/01\/IMG_2056-e1483816110209-768x1024.jpg\" class=\"attachment-large size-large lazyload\" alt=\"\" srcset=\"data:image\/svg+xml,%3Csvg%20xmlns%3D%27http%3A%2F%2Fwww.w3.org%2F2000%2Fsvg%27%20width%3D%271125%27%20height%3D%271500%27%20viewBox%3D%270%200%201125%201500%27%3E%3Crect%20width%3D%271125%27%20height%3D%271500%27%20fill-opacity%3D%220%22%2F%3E%3C%2Fsvg%3E\" data-orig-src=\"https:\/\/liceofrancestenerife.es\/nuevaweb\/wp-content\/uploads\/2017\/01\/IMG_2056-e1483816110209-768x1024.jpg\" data-srcset=\"https:\/\/liceofrancestenerife.es\/nuevaweb\/wp-content\/uploads\/2017\/01\/IMG_2056-e1483816110209-200x267.jpg 200w, https:\/\/liceofrancestenerife.es\/nuevaweb\/wp-content\/uploads\/2017\/01\/IMG_2056-e1483816110209-225x300.jpg 225w, https:\/\/liceofrancestenerife.es\/nuevaweb\/wp-content\/uploads\/2017\/01\/IMG_2056-e1483816110209-400x533.jpg 400w, https:\/\/liceofrancestenerife.es\/nuevaweb\/wp-content\/uploads\/2017\/01\/IMG_2056-e1483816110209-600x800.jpg 600w, https:\/\/liceofrancestenerife.es\/nuevaweb\/wp-content\/uploads\/2017\/01\/IMG_2056-e1483816110209-768x1024.jpg 768w, https:\/\/liceofrancestenerife.es\/nuevaweb\/wp-content\/uploads\/2017\/01\/IMG_2056-e1483816110209-800x1066.jpg 800w, https:\/\/liceofrancestenerife.es\/nuevaweb\/wp-content\/uploads\/2017\/01\/IMG_2056-e1483816110209.jpg 1125w, https:\/\/liceofrancestenerife.es\/nuevaweb\/wp-content\/uploads\/2017\/01\/IMG_2056-e1483816110209-1200x1600.jpg 1200w\" data-sizes=\"auto\" \/><\/a>\n\t\t\t<\/dt><\/dl><dl class='gallery-item'>\n\t\t\t<dt class='gallery-icon portrait'>\n\t\t\t\t<a data-rel=\"iLightbox[postimages]\" data-title=\"IMG_2057-e1483816140175\" data-caption=\"\" href='https:\/\/liceofrancestenerife.es\/fr\/mes-diciembre-los-psa-2\/img_2057-e1483816140175\/'><img decoding=\"async\" width=\"768\" height=\"1024\" src=\"https:\/\/liceofrancestenerife.es\/nuevaweb\/wp-content\/uploads\/2017\/01\/IMG_2057-e1483816140175-768x1024.jpg\" class=\"attachment-large size-large lazyload\" alt=\"\" srcset=\"data:image\/svg+xml,%3Csvg%20xmlns%3D%27http%3A%2F%2Fwww.w3.org%2F2000%2Fsvg%27%20width%3D%271125%27%20height%3D%271500%27%20viewBox%3D%270%200%201125%201500%27%3E%3Crect%20width%3D%271125%27%20height%3D%271500%27%20fill-opacity%3D%220%22%2F%3E%3C%2Fsvg%3E\" data-orig-src=\"https:\/\/liceofrancestenerife.es\/nuevaweb\/wp-content\/uploads\/2017\/01\/IMG_2057-e1483816140175-768x1024.jpg\" data-srcset=\"https:\/\/liceofrancestenerife.es\/nuevaweb\/wp-content\/uploads\/2017\/01\/IMG_2057-e1483816140175-200x267.jpg 200w, https:\/\/liceofrancestenerife.es\/nuevaweb\/wp-content\/uploads\/2017\/01\/IMG_2057-e1483816140175-225x300.jpg 225w, https:\/\/liceofrancestenerife.es\/nuevaweb\/wp-content\/uploads\/2017\/01\/IMG_2057-e1483816140175-400x533.jpg 400w, https:\/\/liceofrancestenerife.es\/nuevaweb\/wp-content\/uploads\/2017\/01\/IMG_2057-e1483816140175-600x800.jpg 600w, https:\/\/liceofrancestenerife.es\/nuevaweb\/wp-content\/uploads\/2017\/01\/IMG_2057-e1483816140175-768x1024.jpg 768w, https:\/\/liceofrancestenerife.es\/nuevaweb\/wp-content\/uploads\/2017\/01\/IMG_2057-e1483816140175-800x1066.jpg 800w, https:\/\/liceofrancestenerife.es\/nuevaweb\/wp-content\/uploads\/2017\/01\/IMG_2057-e1483816140175.jpg 1125w, https:\/\/liceofrancestenerife.es\/nuevaweb\/wp-content\/uploads\/2017\/01\/IMG_2057-e1483816140175-1200x1600.jpg 1200w\" data-sizes=\"auto\" \/><\/a>\n\t\t\t<\/dt><\/dl><br style=\"clear: both\" \/><dl class='gallery-item'>\n\t\t\t<dt class='gallery-icon portrait'>\n\t\t\t\t<a data-rel=\"iLightbox[postimages]\" data-title=\"IMG_2061-e1483816174695\" data-caption=\"\" href='https:\/\/liceofrancestenerife.es\/fr\/mes-diciembre-los-psa-2\/img_2061-e1483816174695\/'><img decoding=\"async\" width=\"768\" height=\"1024\" src=\"https:\/\/liceofrancestenerife.es\/nuevaweb\/wp-content\/uploads\/2017\/01\/IMG_2061-e1483816174695-768x1024.jpg\" class=\"attachment-large size-large lazyload\" alt=\"\" srcset=\"data:image\/svg+xml,%3Csvg%20xmlns%3D%27http%3A%2F%2Fwww.w3.org%2F2000%2Fsvg%27%20width%3D%271125%27%20height%3D%271500%27%20viewBox%3D%270%200%201125%201500%27%3E%3Crect%20width%3D%271125%27%20height%3D%271500%27%20fill-opacity%3D%220%22%2F%3E%3C%2Fsvg%3E\" data-orig-src=\"https:\/\/liceofrancestenerife.es\/nuevaweb\/wp-content\/uploads\/2017\/01\/IMG_2061-e1483816174695-768x1024.jpg\" data-srcset=\"https:\/\/liceofrancestenerife.es\/nuevaweb\/wp-content\/uploads\/2017\/01\/IMG_2061-e1483816174695-200x267.jpg 200w, https:\/\/liceofrancestenerife.es\/nuevaweb\/wp-content\/uploads\/2017\/01\/IMG_2061-e1483816174695-225x300.jpg 225w, https:\/\/liceofrancestenerife.es\/nuevaweb\/wp-content\/uploads\/2017\/01\/IMG_2061-e1483816174695-400x533.jpg 400w, https:\/\/liceofrancestenerife.es\/nuevaweb\/wp-content\/uploads\/2017\/01\/IMG_2061-e1483816174695-600x800.jpg 600w, https:\/\/liceofrancestenerife.es\/nuevaweb\/wp-content\/uploads\/2017\/01\/IMG_2061-e1483816174695-768x1024.jpg 768w, https:\/\/liceofrancestenerife.es\/nuevaweb\/wp-content\/uploads\/2017\/01\/IMG_2061-e1483816174695-800x1066.jpg 800w, https:\/\/liceofrancestenerife.es\/nuevaweb\/wp-content\/uploads\/2017\/01\/IMG_2061-e1483816174695.jpg 1125w, https:\/\/liceofrancestenerife.es\/nuevaweb\/wp-content\/uploads\/2017\/01\/IMG_2061-e1483816174695-1200x1600.jpg 1200w\" data-sizes=\"auto\" \/><\/a>\n\t\t\t<\/dt><\/dl><dl class='gallery-item'>\n\t\t\t<dt class='gallery-icon portrait'>\n\t\t\t\t<a data-rel=\"iLightbox[postimages]\" data-title=\"IMG_2064-e1483816200771\" data-caption=\"\" href='https:\/\/liceofrancestenerife.es\/fr\/mes-diciembre-los-psa-2\/img_2064-e1483816200771\/'><img decoding=\"async\" width=\"768\" height=\"1024\" src=\"https:\/\/liceofrancestenerife.es\/nuevaweb\/wp-content\/uploads\/2017\/01\/IMG_2064-e1483816200771-768x1024.jpg\" class=\"attachment-large size-large lazyload\" alt=\"\" srcset=\"data:image\/svg+xml,%3Csvg%20xmlns%3D%27http%3A%2F%2Fwww.w3.org%2F2000%2Fsvg%27%20width%3D%271125%27%20height%3D%271500%27%20viewBox%3D%270%200%201125%201500%27%3E%3Crect%20width%3D%271125%27%20height%3D%271500%27%20fill-opacity%3D%220%22%2F%3E%3C%2Fsvg%3E\" data-orig-src=\"https:\/\/liceofrancestenerife.es\/nuevaweb\/wp-content\/uploads\/2017\/01\/IMG_2064-e1483816200771-768x1024.jpg\" data-srcset=\"https:\/\/liceofrancestenerife.es\/nuevaweb\/wp-content\/uploads\/2017\/01\/IMG_2064-e1483816200771-200x267.jpg 200w, https:\/\/liceofrancestenerife.es\/nuevaweb\/wp-content\/uploads\/2017\/01\/IMG_2064-e1483816200771-225x300.jpg 225w, https:\/\/liceofrancestenerife.es\/nuevaweb\/wp-content\/uploads\/2017\/01\/IMG_2064-e1483816200771-400x533.jpg 400w, https:\/\/liceofrancestenerife.es\/nuevaweb\/wp-content\/uploads\/2017\/01\/IMG_2064-e1483816200771-600x800.jpg 600w, https:\/\/liceofrancestenerife.es\/nuevaweb\/wp-content\/uploads\/2017\/01\/IMG_2064-e1483816200771-768x1024.jpg 768w, https:\/\/liceofrancestenerife.es\/nuevaweb\/wp-content\/uploads\/2017\/01\/IMG_2064-e1483816200771-800x1066.jpg 800w, https:\/\/liceofrancestenerife.es\/nuevaweb\/wp-content\/uploads\/2017\/01\/IMG_2064-e1483816200771.jpg 1125w, https:\/\/liceofrancestenerife.es\/nuevaweb\/wp-content\/uploads\/2017\/01\/IMG_2064-e1483816200771-1200x1600.jpg 1200w\" data-sizes=\"auto\" \/><\/a>\n\t\t\t<\/dt><\/dl><dl class='gallery-item'>\n\t\t\t<dt class='gallery-icon portrait'>\n\t\t\t\t<a data-rel=\"iLightbox[postimages]\" data-title=\"IMG_2071-e1483816228275\" data-caption=\"\" href='https:\/\/liceofrancestenerife.es\/fr\/mes-diciembre-los-psa-2\/img_2071-e1483816228275\/'><img decoding=\"async\" width=\"768\" height=\"1024\" src=\"https:\/\/liceofrancestenerife.es\/nuevaweb\/wp-content\/uploads\/2017\/01\/IMG_2071-e1483816228275-768x1024.jpg\" class=\"attachment-large size-large lazyload\" alt=\"\" srcset=\"data:image\/svg+xml,%3Csvg%20xmlns%3D%27http%3A%2F%2Fwww.w3.org%2F2000%2Fsvg%27%20width%3D%271125%27%20height%3D%271500%27%20viewBox%3D%270%200%201125%201500%27%3E%3Crect%20width%3D%271125%27%20height%3D%271500%27%20fill-opacity%3D%220%22%2F%3E%3C%2Fsvg%3E\" data-orig-src=\"https:\/\/liceofrancestenerife.es\/nuevaweb\/wp-content\/uploads\/2017\/01\/IMG_2071-e1483816228275-768x1024.jpg\" data-srcset=\"https:\/\/liceofrancestenerife.es\/nuevaweb\/wp-content\/uploads\/2017\/01\/IMG_2071-e1483816228275-200x267.jpg 200w, https:\/\/liceofrancestenerife.es\/nuevaweb\/wp-content\/uploads\/2017\/01\/IMG_2071-e1483816228275-225x300.jpg 225w, https:\/\/liceofrancestenerife.es\/nuevaweb\/wp-content\/uploads\/2017\/01\/IMG_2071-e1483816228275-400x533.jpg 400w, https:\/\/liceofrancestenerife.es\/nuevaweb\/wp-content\/uploads\/2017\/01\/IMG_2071-e1483816228275-600x800.jpg 600w, https:\/\/liceofrancestenerife.es\/nuevaweb\/wp-content\/uploads\/2017\/01\/IMG_2071-e1483816228275-768x1024.jpg 768w, https:\/\/liceofrancestenerife.es\/nuevaweb\/wp-content\/uploads\/2017\/01\/IMG_2071-e1483816228275-800x1066.jpg 800w, https:\/\/liceofrancestenerife.es\/nuevaweb\/wp-content\/uploads\/2017\/01\/IMG_2071-e1483816228275.jpg 1125w, https:\/\/liceofrancestenerife.es\/nuevaweb\/wp-content\/uploads\/2017\/01\/IMG_2071-e1483816228275-1200x1600.jpg 1200w\" data-sizes=\"auto\" \/><\/a>\n\t\t\t<\/dt><\/dl><br style=\"clear: both\" \/><dl class='gallery-item'>\n\t\t\t<dt class='gallery-icon portrait'>\n\t\t\t\t<a data-rel=\"iLightbox[postimages]\" data-title=\"IMG_2072-e1483816259244\" data-caption=\"\" href='https:\/\/liceofrancestenerife.es\/fr\/mes-diciembre-los-psa-2\/img_2072-e1483816259244\/'><img decoding=\"async\" width=\"768\" height=\"1024\" src=\"https:\/\/liceofrancestenerife.es\/nuevaweb\/wp-content\/uploads\/2017\/01\/IMG_2072-e1483816259244-768x1024.jpg\" class=\"attachment-large size-large lazyload\" alt=\"\" srcset=\"data:image\/svg+xml,%3Csvg%20xmlns%3D%27http%3A%2F%2Fwww.w3.org%2F2000%2Fsvg%27%20width%3D%271125%27%20height%3D%271500%27%20viewBox%3D%270%200%201125%201500%27%3E%3Crect%20width%3D%271125%27%20height%3D%271500%27%20fill-opacity%3D%220%22%2F%3E%3C%2Fsvg%3E\" data-orig-src=\"https:\/\/liceofrancestenerife.es\/nuevaweb\/wp-content\/uploads\/2017\/01\/IMG_2072-e1483816259244-768x1024.jpg\" data-srcset=\"https:\/\/liceofrancestenerife.es\/nuevaweb\/wp-content\/uploads\/2017\/01\/IMG_2072-e1483816259244-200x267.jpg 200w, https:\/\/liceofrancestenerife.es\/nuevaweb\/wp-content\/uploads\/2017\/01\/IMG_2072-e1483816259244-225x300.jpg 225w, https:\/\/liceofrancestenerife.es\/nuevaweb\/wp-content\/uploads\/2017\/01\/IMG_2072-e1483816259244-400x533.jpg 400w, https:\/\/liceofrancestenerife.es\/nuevaweb\/wp-content\/uploads\/2017\/01\/IMG_2072-e1483816259244-600x800.jpg 600w, https:\/\/liceofrancestenerife.es\/nuevaweb\/wp-content\/uploads\/2017\/01\/IMG_2072-e1483816259244-768x1024.jpg 768w, https:\/\/liceofrancestenerife.es\/nuevaweb\/wp-content\/uploads\/2017\/01\/IMG_2072-e1483816259244-800x1066.jpg 800w, https:\/\/liceofrancestenerife.es\/nuevaweb\/wp-content\/uploads\/2017\/01\/IMG_2072-e1483816259244.jpg 1125w, https:\/\/liceofrancestenerife.es\/nuevaweb\/wp-content\/uploads\/2017\/01\/IMG_2072-e1483816259244-1200x1600.jpg 1200w\" data-sizes=\"auto\" \/><\/a>\n\t\t\t<\/dt><\/dl><dl class='gallery-item'>\n\t\t\t<dt class='gallery-icon portrait'>\n\t\t\t\t<a data-rel=\"iLightbox[postimages]\" data-title=\"IMG_2074-e1483816318301\" data-caption=\"\" href='https:\/\/liceofrancestenerife.es\/fr\/mes-diciembre-los-psa-2\/img_2074-e1483816318301\/'><img decoding=\"async\" width=\"768\" height=\"1024\" src=\"https:\/\/liceofrancestenerife.es\/nuevaweb\/wp-content\/uploads\/2017\/01\/IMG_2074-e1483816318301-768x1024.jpg\" class=\"attachment-large size-large lazyload\" alt=\"\" srcset=\"data:image\/svg+xml,%3Csvg%20xmlns%3D%27http%3A%2F%2Fwww.w3.org%2F2000%2Fsvg%27%20width%3D%271125%27%20height%3D%271500%27%20viewBox%3D%270%200%201125%201500%27%3E%3Crect%20width%3D%271125%27%20height%3D%271500%27%20fill-opacity%3D%220%22%2F%3E%3C%2Fsvg%3E\" data-orig-src=\"https:\/\/liceofrancestenerife.es\/nuevaweb\/wp-content\/uploads\/2017\/01\/IMG_2074-e1483816318301-768x1024.jpg\" data-srcset=\"https:\/\/liceofrancestenerife.es\/nuevaweb\/wp-content\/uploads\/2017\/01\/IMG_2074-e1483816318301-200x267.jpg 200w, https:\/\/liceofrancestenerife.es\/nuevaweb\/wp-content\/uploads\/2017\/01\/IMG_2074-e1483816318301-225x300.jpg 225w, https:\/\/liceofrancestenerife.es\/nuevaweb\/wp-content\/uploads\/2017\/01\/IMG_2074-e1483816318301-400x533.jpg 400w, https:\/\/liceofrancestenerife.es\/nuevaweb\/wp-content\/uploads\/2017\/01\/IMG_2074-e1483816318301-600x800.jpg 600w, https:\/\/liceofrancestenerife.es\/nuevaweb\/wp-content\/uploads\/2017\/01\/IMG_2074-e1483816318301-768x1024.jpg 768w, https:\/\/liceofrancestenerife.es\/nuevaweb\/wp-content\/uploads\/2017\/01\/IMG_2074-e1483816318301-800x1066.jpg 800w, https:\/\/liceofrancestenerife.es\/nuevaweb\/wp-content\/uploads\/2017\/01\/IMG_2074-e1483816318301.jpg 1125w, https:\/\/liceofrancestenerife.es\/nuevaweb\/wp-content\/uploads\/2017\/01\/IMG_2074-e1483816318301-1200x1600.jpg 1200w\" data-sizes=\"auto\" \/><\/a>\n\t\t\t<\/dt><\/dl><dl class='gallery-item'>\n\t\t\t<dt class='gallery-icon portrait'>\n\t\t\t\t<a data-rel=\"iLightbox[postimages]\" data-title=\"IMG_2079-e1483816441603\" data-caption=\"\" href='https:\/\/liceofrancestenerife.es\/fr\/mes-diciembre-los-psa-2\/img_2079-e1483816441603\/'><img decoding=\"async\" width=\"768\" height=\"1024\" src=\"https:\/\/liceofrancestenerife.es\/nuevaweb\/wp-content\/uploads\/2017\/01\/IMG_2079-e1483816441603-768x1024.jpg\" class=\"attachment-large size-large lazyload\" alt=\"\" srcset=\"data:image\/svg+xml,%3Csvg%20xmlns%3D%27http%3A%2F%2Fwww.w3.org%2F2000%2Fsvg%27%20width%3D%271125%27%20height%3D%271500%27%20viewBox%3D%270%200%201125%201500%27%3E%3Crect%20width%3D%271125%27%20height%3D%271500%27%20fill-opacity%3D%220%22%2F%3E%3C%2Fsvg%3E\" data-orig-src=\"https:\/\/liceofrancestenerife.es\/nuevaweb\/wp-content\/uploads\/2017\/01\/IMG_2079-e1483816441603-768x1024.jpg\" data-srcset=\"https:\/\/liceofrancestenerife.es\/nuevaweb\/wp-content\/uploads\/2017\/01\/IMG_2079-e1483816441603-200x267.jpg 200w, https:\/\/liceofrancestenerife.es\/nuevaweb\/wp-content\/uploads\/2017\/01\/IMG_2079-e1483816441603-225x300.jpg 225w, https:\/\/liceofrancestenerife.es\/nuevaweb\/wp-content\/uploads\/2017\/01\/IMG_2079-e1483816441603-400x533.jpg 400w, https:\/\/liceofrancestenerife.es\/nuevaweb\/wp-content\/uploads\/2017\/01\/IMG_2079-e1483816441603-600x800.jpg 600w, https:\/\/liceofrancestenerife.es\/nuevaweb\/wp-content\/uploads\/2017\/01\/IMG_2079-e1483816441603-768x1024.jpg 768w, https:\/\/liceofrancestenerife.es\/nuevaweb\/wp-content\/uploads\/2017\/01\/IMG_2079-e1483816441603-800x1066.jpg 800w, https:\/\/liceofrancestenerife.es\/nuevaweb\/wp-content\/uploads\/2017\/01\/IMG_2079-e1483816441603.jpg 1125w, https:\/\/liceofrancestenerife.es\/nuevaweb\/wp-content\/uploads\/2017\/01\/IMG_2079-e1483816441603-1200x1600.jpg 1200w\" data-sizes=\"auto\" \/><\/a>\n\t\t\t<\/dt><\/dl><br style=\"clear: both\" \/><dl class='gallery-item'>\n\t\t\t<dt class='gallery-icon portrait'>\n\t\t\t\t<a data-rel=\"iLightbox[postimages]\" data-title=\"IMG_2081-e1483816535873\" data-caption=\"\" href='https:\/\/liceofrancestenerife.es\/fr\/mes-diciembre-los-psa-2\/img_2081-e1483816535873\/'><img decoding=\"async\" width=\"768\" height=\"1024\" src=\"https:\/\/liceofrancestenerife.es\/nuevaweb\/wp-content\/uploads\/2017\/01\/IMG_2081-e1483816535873-768x1024.jpg\" class=\"attachment-large size-large lazyload\" alt=\"\" srcset=\"data:image\/svg+xml,%3Csvg%20xmlns%3D%27http%3A%2F%2Fwww.w3.org%2F2000%2Fsvg%27%20width%3D%271125%27%20height%3D%271500%27%20viewBox%3D%270%200%201125%201500%27%3E%3Crect%20width%3D%271125%27%20height%3D%271500%27%20fill-opacity%3D%220%22%2F%3E%3C%2Fsvg%3E\" data-orig-src=\"https:\/\/liceofrancestenerife.es\/nuevaweb\/wp-content\/uploads\/2017\/01\/IMG_2081-e1483816535873-768x1024.jpg\" data-srcset=\"https:\/\/liceofrancestenerife.es\/nuevaweb\/wp-content\/uploads\/2017\/01\/IMG_2081-e1483816535873-200x267.jpg 200w, https:\/\/liceofrancestenerife.es\/nuevaweb\/wp-content\/uploads\/2017\/01\/IMG_2081-e1483816535873-225x300.jpg 225w, https:\/\/liceofrancestenerife.es\/nuevaweb\/wp-content\/uploads\/2017\/01\/IMG_2081-e1483816535873-400x533.jpg 400w, https:\/\/liceofrancestenerife.es\/nuevaweb\/wp-content\/uploads\/2017\/01\/IMG_2081-e1483816535873-600x800.jpg 600w, https:\/\/liceofrancestenerife.es\/nuevaweb\/wp-content\/uploads\/2017\/01\/IMG_2081-e1483816535873-768x1024.jpg 768w, https:\/\/liceofrancestenerife.es\/nuevaweb\/wp-content\/uploads\/2017\/01\/IMG_2081-e1483816535873-800x1066.jpg 800w, https:\/\/liceofrancestenerife.es\/nuevaweb\/wp-content\/uploads\/2017\/01\/IMG_2081-e1483816535873.jpg 1125w, https:\/\/liceofrancestenerife.es\/nuevaweb\/wp-content\/uploads\/2017\/01\/IMG_2081-e1483816535873-1200x1600.jpg 1200w\" data-sizes=\"auto\" \/><\/a>\n\t\t\t<\/dt><\/dl>\n\t\t\t<br style='clear: both' \/>\n\t\t<\/div>\n\n<p><strong>Le spectacle :<\/strong><\/p>\n\n\t\t<style type=\"text\/css\">\n\t\t\t#gallery-9 {\n\t\t\t\tmargin: auto;\n\t\t\t}\n\t\t\t#gallery-9 .gallery-item {\n\t\t\t\tfloat: left;\n\t\t\t\tmargin-top: 10px;\n\t\t\t\ttext-align: center;\n\t\t\t\twidth: 33%;\n\t\t\t}\n\t\t\t#gallery-9 img {\n\t\t\t\tborder: 2px solid #cfcfcf;\n\t\t\t}\n\t\t\t#gallery-9 .gallery-caption {\n\t\t\t\tmargin-left: 0;\n\t\t\t}\n\t\t\t\/* see gallery_shortcode() in wp-includes\/media.php *\/\n\t\t<\/style>\n\t\t<div id='gallery-9' class='gallery galleryid-10060 gallery-columns-3 gallery-size-large'><dl class='gallery-item'>\n\t\t\t<dt class='gallery-icon landscape'>\n\t\t\t\t<a data-rel=\"iLightbox[postimages]\" data-title=\"IMG_2094-e1483817183302\" data-caption=\"\" href='https:\/\/liceofrancestenerife.es\/fr\/mes-diciembre-los-psa-2\/img_2094-e1483817183302\/'><img decoding=\"async\" width=\"1024\" height=\"768\" src=\"https:\/\/liceofrancestenerife.es\/nuevaweb\/wp-content\/uploads\/2017\/01\/IMG_2094-e1483817183302-1024x768.jpg\" class=\"attachment-large size-large lazyload\" alt=\"\" srcset=\"data:image\/svg+xml,%3Csvg%20xmlns%3D%27http%3A%2F%2Fwww.w3.org%2F2000%2Fsvg%27%20width%3D%271500%27%20height%3D%271125%27%20viewBox%3D%270%200%201500%201125%27%3E%3Crect%20width%3D%271500%27%20height%3D%271125%27%20fill-opacity%3D%220%22%2F%3E%3C%2Fsvg%3E\" data-orig-src=\"https:\/\/liceofrancestenerife.es\/nuevaweb\/wp-content\/uploads\/2017\/01\/IMG_2094-e1483817183302-1024x768.jpg\" data-srcset=\"https:\/\/liceofrancestenerife.es\/nuevaweb\/wp-content\/uploads\/2017\/01\/IMG_2094-e1483817183302-200x150.jpg 200w, https:\/\/liceofrancestenerife.es\/nuevaweb\/wp-content\/uploads\/2017\/01\/IMG_2094-e1483817183302-300x225.jpg 300w, https:\/\/liceofrancestenerife.es\/nuevaweb\/wp-content\/uploads\/2017\/01\/IMG_2094-e1483817183302-400x300.jpg 400w, https:\/\/liceofrancestenerife.es\/nuevaweb\/wp-content\/uploads\/2017\/01\/IMG_2094-e1483817183302-600x450.jpg 600w, https:\/\/liceofrancestenerife.es\/nuevaweb\/wp-content\/uploads\/2017\/01\/IMG_2094-e1483817183302-768x576.jpg 768w, https:\/\/liceofrancestenerife.es\/nuevaweb\/wp-content\/uploads\/2017\/01\/IMG_2094-e1483817183302-800x600.jpg 800w, https:\/\/liceofrancestenerife.es\/nuevaweb\/wp-content\/uploads\/2017\/01\/IMG_2094-e1483817183302-1024x768.jpg 1024w, https:\/\/liceofrancestenerife.es\/nuevaweb\/wp-content\/uploads\/2017\/01\/IMG_2094-e1483817183302-1200x900.jpg 1200w, https:\/\/liceofrancestenerife.es\/nuevaweb\/wp-content\/uploads\/2017\/01\/IMG_2094-e1483817183302.jpg 1500w\" data-sizes=\"auto\" \/><\/a>\n\t\t\t<\/dt><\/dl><dl class='gallery-item'>\n\t\t\t<dt class='gallery-icon landscape'>\n\t\t\t\t<a data-rel=\"iLightbox[postimages]\" data-title=\"IMG_2096-e1483817297821\" data-caption=\"\" href='https:\/\/liceofrancestenerife.es\/fr\/mes-diciembre-los-psa-2\/img_2096-e1483817297821\/'><img decoding=\"async\" width=\"1024\" height=\"768\" src=\"https:\/\/liceofrancestenerife.es\/nuevaweb\/wp-content\/uploads\/2017\/01\/IMG_2096-e1483817297821-1024x768.jpg\" class=\"attachment-large size-large lazyload\" alt=\"\" srcset=\"data:image\/svg+xml,%3Csvg%20xmlns%3D%27http%3A%2F%2Fwww.w3.org%2F2000%2Fsvg%27%20width%3D%271500%27%20height%3D%271125%27%20viewBox%3D%270%200%201500%201125%27%3E%3Crect%20width%3D%271500%27%20height%3D%271125%27%20fill-opacity%3D%220%22%2F%3E%3C%2Fsvg%3E\" data-orig-src=\"https:\/\/liceofrancestenerife.es\/nuevaweb\/wp-content\/uploads\/2017\/01\/IMG_2096-e1483817297821-1024x768.jpg\" data-srcset=\"https:\/\/liceofrancestenerife.es\/nuevaweb\/wp-content\/uploads\/2017\/01\/IMG_2096-e1483817297821-200x150.jpg 200w, https:\/\/liceofrancestenerife.es\/nuevaweb\/wp-content\/uploads\/2017\/01\/IMG_2096-e1483817297821-300x225.jpg 300w, https:\/\/liceofrancestenerife.es\/nuevaweb\/wp-content\/uploads\/2017\/01\/IMG_2096-e1483817297821-400x300.jpg 400w, https:\/\/liceofrancestenerife.es\/nuevaweb\/wp-content\/uploads\/2017\/01\/IMG_2096-e1483817297821-600x450.jpg 600w, https:\/\/liceofrancestenerife.es\/nuevaweb\/wp-content\/uploads\/2017\/01\/IMG_2096-e1483817297821-768x576.jpg 768w, https:\/\/liceofrancestenerife.es\/nuevaweb\/wp-content\/uploads\/2017\/01\/IMG_2096-e1483817297821-800x600.jpg 800w, https:\/\/liceofrancestenerife.es\/nuevaweb\/wp-content\/uploads\/2017\/01\/IMG_2096-e1483817297821-1024x768.jpg 1024w, https:\/\/liceofrancestenerife.es\/nuevaweb\/wp-content\/uploads\/2017\/01\/IMG_2096-e1483817297821-1200x900.jpg 1200w, https:\/\/liceofrancestenerife.es\/nuevaweb\/wp-content\/uploads\/2017\/01\/IMG_2096-e1483817297821.jpg 1500w\" data-sizes=\"auto\" \/><\/a>\n\t\t\t<\/dt><\/dl><dl class='gallery-item'>\n\t\t\t<dt class='gallery-icon landscape'>\n\t\t\t\t<a data-rel=\"iLightbox[postimages]\" data-title=\"IMG_2094-e1483817183302\" data-caption=\"\" href='https:\/\/liceofrancestenerife.es\/fr\/mes-diciembre-los-psa-2\/img_2094-e1483817183302-2\/'><img decoding=\"async\" width=\"1024\" height=\"768\" src=\"https:\/\/liceofrancestenerife.es\/nuevaweb\/wp-content\/uploads\/2017\/01\/IMG_2094-e1483817183302-1-1024x768.jpg\" class=\"attachment-large size-large lazyload\" alt=\"\" srcset=\"data:image\/svg+xml,%3Csvg%20xmlns%3D%27http%3A%2F%2Fwww.w3.org%2F2000%2Fsvg%27%20width%3D%271500%27%20height%3D%271125%27%20viewBox%3D%270%200%201500%201125%27%3E%3Crect%20width%3D%271500%27%20height%3D%271125%27%20fill-opacity%3D%220%22%2F%3E%3C%2Fsvg%3E\" data-orig-src=\"https:\/\/liceofrancestenerife.es\/nuevaweb\/wp-content\/uploads\/2017\/01\/IMG_2094-e1483817183302-1-1024x768.jpg\" data-srcset=\"https:\/\/liceofrancestenerife.es\/nuevaweb\/wp-content\/uploads\/2017\/01\/IMG_2094-e1483817183302-1-200x150.jpg 200w, https:\/\/liceofrancestenerife.es\/nuevaweb\/wp-content\/uploads\/2017\/01\/IMG_2094-e1483817183302-1-300x225.jpg 300w, https:\/\/liceofrancestenerife.es\/nuevaweb\/wp-content\/uploads\/2017\/01\/IMG_2094-e1483817183302-1-400x300.jpg 400w, https:\/\/liceofrancestenerife.es\/nuevaweb\/wp-content\/uploads\/2017\/01\/IMG_2094-e1483817183302-1-600x450.jpg 600w, https:\/\/liceofrancestenerife.es\/nuevaweb\/wp-content\/uploads\/2017\/01\/IMG_2094-e1483817183302-1-768x576.jpg 768w, https:\/\/liceofrancestenerife.es\/nuevaweb\/wp-content\/uploads\/2017\/01\/IMG_2094-e1483817183302-1-800x600.jpg 800w, https:\/\/liceofrancestenerife.es\/nuevaweb\/wp-content\/uploads\/2017\/01\/IMG_2094-e1483817183302-1-1024x768.jpg 1024w, https:\/\/liceofrancestenerife.es\/nuevaweb\/wp-content\/uploads\/2017\/01\/IMG_2094-e1483817183302-1-1200x900.jpg 1200w, https:\/\/liceofrancestenerife.es\/nuevaweb\/wp-content\/uploads\/2017\/01\/IMG_2094-e1483817183302-1.jpg 1500w\" data-sizes=\"auto\" \/><\/a>\n\t\t\t<\/dt><\/dl><br style=\"clear: both\" \/>\n\t\t<\/div>\n\n<p><strong>Le P\u00e8re No\u00ebl nous a rendu visite :\u00a0<\/strong><\/p>\n\n\t\t<style type=\"text\/css\">\n\t\t\t#gallery-10 {\n\t\t\t\tmargin: auto;\n\t\t\t}\n\t\t\t#gallery-10 .gallery-item {\n\t\t\t\tfloat: left;\n\t\t\t\tmargin-top: 10px;\n\t\t\t\ttext-align: center;\n\t\t\t\twidth: 33%;\n\t\t\t}\n\t\t\t#gallery-10 img {\n\t\t\t\tborder: 2px solid #cfcfcf;\n\t\t\t}\n\t\t\t#gallery-10 .gallery-caption {\n\t\t\t\tmargin-left: 0;\n\t\t\t}\n\t\t\t\/* see gallery_shortcode() in wp-includes\/media.php *\/\n\t\t<\/style>\n\t\t<div id='gallery-10' class='gallery galleryid-10060 gallery-columns-3 gallery-size-large'><dl class='gallery-item'>\n\t\t\t<dt class='gallery-icon portrait'>\n\t\t\t\t<a data-rel=\"iLightbox[postimages]\" data-title=\"IMG_2129-e1483817920350\" data-caption=\"\" href='https:\/\/liceofrancestenerife.es\/fr\/mes-diciembre-los-psa-2\/img_2129-e1483817920350\/'><img decoding=\"async\" width=\"768\" height=\"1024\" src=\"https:\/\/liceofrancestenerife.es\/nuevaweb\/wp-content\/uploads\/2017\/01\/IMG_2129-e1483817920350-768x1024.jpg\" class=\"attachment-large size-large lazyload\" alt=\"\" srcset=\"data:image\/svg+xml,%3Csvg%20xmlns%3D%27http%3A%2F%2Fwww.w3.org%2F2000%2Fsvg%27%20width%3D%271125%27%20height%3D%271500%27%20viewBox%3D%270%200%201125%201500%27%3E%3Crect%20width%3D%271125%27%20height%3D%271500%27%20fill-opacity%3D%220%22%2F%3E%3C%2Fsvg%3E\" data-orig-src=\"https:\/\/liceofrancestenerife.es\/nuevaweb\/wp-content\/uploads\/2017\/01\/IMG_2129-e1483817920350-768x1024.jpg\" data-srcset=\"https:\/\/liceofrancestenerife.es\/nuevaweb\/wp-content\/uploads\/2017\/01\/IMG_2129-e1483817920350-200x267.jpg 200w, https:\/\/liceofrancestenerife.es\/nuevaweb\/wp-content\/uploads\/2017\/01\/IMG_2129-e1483817920350-225x300.jpg 225w, https:\/\/liceofrancestenerife.es\/nuevaweb\/wp-content\/uploads\/2017\/01\/IMG_2129-e1483817920350-400x533.jpg 400w, https:\/\/liceofrancestenerife.es\/nuevaweb\/wp-content\/uploads\/2017\/01\/IMG_2129-e1483817920350-600x800.jpg 600w, https:\/\/liceofrancestenerife.es\/nuevaweb\/wp-content\/uploads\/2017\/01\/IMG_2129-e1483817920350-768x1024.jpg 768w, https:\/\/liceofrancestenerife.es\/nuevaweb\/wp-content\/uploads\/2017\/01\/IMG_2129-e1483817920350-800x1066.jpg 800w, https:\/\/liceofrancestenerife.es\/nuevaweb\/wp-content\/uploads\/2017\/01\/IMG_2129-e1483817920350.jpg 1125w, https:\/\/liceofrancestenerife.es\/nuevaweb\/wp-content\/uploads\/2017\/01\/IMG_2129-e1483817920350-1200x1600.jpg 1200w\" data-sizes=\"auto\" \/><\/a>\n\t\t\t<\/dt><\/dl><dl class='gallery-item'>\n\t\t\t<dt class='gallery-icon portrait'>\n\t\t\t\t<a data-rel=\"iLightbox[postimages]\" data-title=\"IMG_2136-e1483818081977\" data-caption=\"\" href='https:\/\/liceofrancestenerife.es\/fr\/mes-diciembre-los-psa-2\/img_2136-e1483818081977\/'><img decoding=\"async\" width=\"768\" height=\"1024\" src=\"https:\/\/liceofrancestenerife.es\/nuevaweb\/wp-content\/uploads\/2017\/01\/IMG_2136-e1483818081977-768x1024.jpg\" class=\"attachment-large size-large lazyload\" alt=\"\" srcset=\"data:image\/svg+xml,%3Csvg%20xmlns%3D%27http%3A%2F%2Fwww.w3.org%2F2000%2Fsvg%27%20width%3D%271125%27%20height%3D%271500%27%20viewBox%3D%270%200%201125%201500%27%3E%3Crect%20width%3D%271125%27%20height%3D%271500%27%20fill-opacity%3D%220%22%2F%3E%3C%2Fsvg%3E\" data-orig-src=\"https:\/\/liceofrancestenerife.es\/nuevaweb\/wp-content\/uploads\/2017\/01\/IMG_2136-e1483818081977-768x1024.jpg\" data-srcset=\"https:\/\/liceofrancestenerife.es\/nuevaweb\/wp-content\/uploads\/2017\/01\/IMG_2136-e1483818081977-200x267.jpg 200w, https:\/\/liceofrancestenerife.es\/nuevaweb\/wp-content\/uploads\/2017\/01\/IMG_2136-e1483818081977-225x300.jpg 225w, https:\/\/liceofrancestenerife.es\/nuevaweb\/wp-content\/uploads\/2017\/01\/IMG_2136-e1483818081977-400x533.jpg 400w, https:\/\/liceofrancestenerife.es\/nuevaweb\/wp-content\/uploads\/2017\/01\/IMG_2136-e1483818081977-600x800.jpg 600w, https:\/\/liceofrancestenerife.es\/nuevaweb\/wp-content\/uploads\/2017\/01\/IMG_2136-e1483818081977-768x1024.jpg 768w, https:\/\/liceofrancestenerife.es\/nuevaweb\/wp-content\/uploads\/2017\/01\/IMG_2136-e1483818081977-800x1066.jpg 800w, https:\/\/liceofrancestenerife.es\/nuevaweb\/wp-content\/uploads\/2017\/01\/IMG_2136-e1483818081977.jpg 1125w, https:\/\/liceofrancestenerife.es\/nuevaweb\/wp-content\/uploads\/2017\/01\/IMG_2136-e1483818081977-1200x1600.jpg 1200w\" data-sizes=\"auto\" \/><\/a>\n\t\t\t<\/dt><\/dl><dl class='gallery-item'>\n\t\t\t<dt class='gallery-icon portrait'>\n\t\t\t\t<a data-rel=\"iLightbox[postimages]\" data-title=\"IMG_2139-e1483818162732\" data-caption=\"\" href='https:\/\/liceofrancestenerife.es\/fr\/mes-diciembre-los-psa-2\/img_2139-e1483818162732\/'><img decoding=\"async\" width=\"768\" height=\"1024\" src=\"https:\/\/liceofrancestenerife.es\/nuevaweb\/wp-content\/uploads\/2017\/01\/IMG_2139-e1483818162732-768x1024.jpg\" class=\"attachment-large size-large lazyload\" alt=\"\" srcset=\"data:image\/svg+xml,%3Csvg%20xmlns%3D%27http%3A%2F%2Fwww.w3.org%2F2000%2Fsvg%27%20width%3D%271125%27%20height%3D%271500%27%20viewBox%3D%270%200%201125%201500%27%3E%3Crect%20width%3D%271125%27%20height%3D%271500%27%20fill-opacity%3D%220%22%2F%3E%3C%2Fsvg%3E\" data-orig-src=\"https:\/\/liceofrancestenerife.es\/nuevaweb\/wp-content\/uploads\/2017\/01\/IMG_2139-e1483818162732-768x1024.jpg\" data-srcset=\"https:\/\/liceofrancestenerife.es\/nuevaweb\/wp-content\/uploads\/2017\/01\/IMG_2139-e1483818162732-200x267.jpg 200w, https:\/\/liceofrancestenerife.es\/nuevaweb\/wp-content\/uploads\/2017\/01\/IMG_2139-e1483818162732-225x300.jpg 225w, https:\/\/liceofrancestenerife.es\/nuevaweb\/wp-content\/uploads\/2017\/01\/IMG_2139-e1483818162732-400x533.jpg 400w, https:\/\/liceofrancestenerife.es\/nuevaweb\/wp-content\/uploads\/2017\/01\/IMG_2139-e1483818162732-600x800.jpg 600w, https:\/\/liceofrancestenerife.es\/nuevaweb\/wp-content\/uploads\/2017\/01\/IMG_2139-e1483818162732-768x1024.jpg 768w, https:\/\/liceofrancestenerife.es\/nuevaweb\/wp-content\/uploads\/2017\/01\/IMG_2139-e1483818162732-800x1066.jpg 800w, https:\/\/liceofrancestenerife.es\/nuevaweb\/wp-content\/uploads\/2017\/01\/IMG_2139-e1483818162732.jpg 1125w, https:\/\/liceofrancestenerife.es\/nuevaweb\/wp-content\/uploads\/2017\/01\/IMG_2139-e1483818162732-1200x1600.jpg 1200w\" data-sizes=\"auto\" \/><\/a>\n\t\t\t<\/dt><\/dl><br style=\"clear: both\" \/><dl class='gallery-item'>\n\t\t\t<dt class='gallery-icon portrait'>\n\t\t\t\t<a data-rel=\"iLightbox[postimages]\" data-title=\"IMG_2143-e1483818194721\" data-caption=\"\" href='https:\/\/liceofrancestenerife.es\/fr\/mes-diciembre-los-psa-2\/img_2143-e1483818194721\/'><img decoding=\"async\" width=\"768\" height=\"1024\" src=\"https:\/\/liceofrancestenerife.es\/nuevaweb\/wp-content\/uploads\/2017\/01\/IMG_2143-e1483818194721-768x1024.jpg\" class=\"attachment-large size-large lazyload\" alt=\"\" srcset=\"data:image\/svg+xml,%3Csvg%20xmlns%3D%27http%3A%2F%2Fwww.w3.org%2F2000%2Fsvg%27%20width%3D%271125%27%20height%3D%271500%27%20viewBox%3D%270%200%201125%201500%27%3E%3Crect%20width%3D%271125%27%20height%3D%271500%27%20fill-opacity%3D%220%22%2F%3E%3C%2Fsvg%3E\" data-orig-src=\"https:\/\/liceofrancestenerife.es\/nuevaweb\/wp-content\/uploads\/2017\/01\/IMG_2143-e1483818194721-768x1024.jpg\" data-srcset=\"https:\/\/liceofrancestenerife.es\/nuevaweb\/wp-content\/uploads\/2017\/01\/IMG_2143-e1483818194721-200x267.jpg 200w, https:\/\/liceofrancestenerife.es\/nuevaweb\/wp-content\/uploads\/2017\/01\/IMG_2143-e1483818194721-225x300.jpg 225w, https:\/\/liceofrancestenerife.es\/nuevaweb\/wp-content\/uploads\/2017\/01\/IMG_2143-e1483818194721-400x533.jpg 400w, https:\/\/liceofrancestenerife.es\/nuevaweb\/wp-content\/uploads\/2017\/01\/IMG_2143-e1483818194721-600x800.jpg 600w, https:\/\/liceofrancestenerife.es\/nuevaweb\/wp-content\/uploads\/2017\/01\/IMG_2143-e1483818194721-768x1024.jpg 768w, https:\/\/liceofrancestenerife.es\/nuevaweb\/wp-content\/uploads\/2017\/01\/IMG_2143-e1483818194721-800x1066.jpg 800w, https:\/\/liceofrancestenerife.es\/nuevaweb\/wp-content\/uploads\/2017\/01\/IMG_2143-e1483818194721.jpg 1125w, https:\/\/liceofrancestenerife.es\/nuevaweb\/wp-content\/uploads\/2017\/01\/IMG_2143-e1483818194721-1200x1600.jpg 1200w\" data-sizes=\"auto\" \/><\/a>\n\t\t\t<\/dt><\/dl><dl class='gallery-item'>\n\t\t\t<dt class='gallery-icon portrait'>\n\t\t\t\t<a data-rel=\"iLightbox[postimages]\" data-title=\"IMG_2148-e1483818226333\" data-caption=\"\" href='https:\/\/liceofrancestenerife.es\/fr\/mes-diciembre-los-psa-2\/img_2148-e1483818226333\/'><img decoding=\"async\" width=\"768\" height=\"1024\" src=\"https:\/\/liceofrancestenerife.es\/nuevaweb\/wp-content\/uploads\/2017\/01\/IMG_2148-e1483818226333-768x1024.jpg\" class=\"attachment-large size-large lazyload\" alt=\"\" srcset=\"data:image\/svg+xml,%3Csvg%20xmlns%3D%27http%3A%2F%2Fwww.w3.org%2F2000%2Fsvg%27%20width%3D%271125%27%20height%3D%271500%27%20viewBox%3D%270%200%201125%201500%27%3E%3Crect%20width%3D%271125%27%20height%3D%271500%27%20fill-opacity%3D%220%22%2F%3E%3C%2Fsvg%3E\" data-orig-src=\"https:\/\/liceofrancestenerife.es\/nuevaweb\/wp-content\/uploads\/2017\/01\/IMG_2148-e1483818226333-768x1024.jpg\" data-srcset=\"https:\/\/liceofrancestenerife.es\/nuevaweb\/wp-content\/uploads\/2017\/01\/IMG_2148-e1483818226333-200x267.jpg 200w, https:\/\/liceofrancestenerife.es\/nuevaweb\/wp-content\/uploads\/2017\/01\/IMG_2148-e1483818226333-225x300.jpg 225w, https:\/\/liceofrancestenerife.es\/nuevaweb\/wp-content\/uploads\/2017\/01\/IMG_2148-e1483818226333-400x533.jpg 400w, https:\/\/liceofrancestenerife.es\/nuevaweb\/wp-content\/uploads\/2017\/01\/IMG_2148-e1483818226333-600x800.jpg 600w, https:\/\/liceofrancestenerife.es\/nuevaweb\/wp-content\/uploads\/2017\/01\/IMG_2148-e1483818226333-768x1024.jpg 768w, https:\/\/liceofrancestenerife.es\/nuevaweb\/wp-content\/uploads\/2017\/01\/IMG_2148-e1483818226333-800x1066.jpg 800w, https:\/\/liceofrancestenerife.es\/nuevaweb\/wp-content\/uploads\/2017\/01\/IMG_2148-e1483818226333.jpg 1125w, https:\/\/liceofrancestenerife.es\/nuevaweb\/wp-content\/uploads\/2017\/01\/IMG_2148-e1483818226333-1200x1600.jpg 1200w\" data-sizes=\"auto\" \/><\/a>\n\t\t\t<\/dt><\/dl>\n\t\t\t<br style='clear: both' \/>\n\t\t<\/div>\n\n<p style=\"text-align: center;\"><strong>Ils ont eu trois ans en D\u00e9cembre<\/strong><\/p>\n\n\t\t<style type=\"text\/css\">\n\t\t\t#gallery-11 {\n\t\t\t\tmargin: auto;\n\t\t\t}\n\t\t\t#gallery-11 .gallery-item {\n\t\t\t\tfloat: left;\n\t\t\t\tmargin-top: 10px;\n\t\t\t\ttext-align: center;\n\t\t\t\twidth: 33%;\n\t\t\t}\n\t\t\t#gallery-11 img {\n\t\t\t\tborder: 2px solid #cfcfcf;\n\t\t\t}\n\t\t\t#gallery-11 .gallery-caption {\n\t\t\t\tmargin-left: 0;\n\t\t\t}\n\t\t\t\/* see gallery_shortcode() in wp-includes\/media.php *\/\n\t\t<\/style>\n\t\t<div id='gallery-11' class='gallery galleryid-10060 gallery-columns-3 gallery-size-large'><dl class='gallery-item'>\n\t\t\t<dt class='gallery-icon portrait'>\n\t\t\t\t<a data-rel=\"iLightbox[postimages]\" data-title=\"IMG_1981-e1483818452975\" data-caption=\"\" href='https:\/\/liceofrancestenerife.es\/fr\/mes-diciembre-los-psa-2\/img_1981-e1483818452975\/'><img decoding=\"async\" width=\"768\" height=\"1024\" src=\"https:\/\/liceofrancestenerife.es\/nuevaweb\/wp-content\/uploads\/2017\/01\/IMG_1981-e1483818452975-768x1024.jpg\" class=\"attachment-large size-large lazyload\" alt=\"\" srcset=\"data:image\/svg+xml,%3Csvg%20xmlns%3D%27http%3A%2F%2Fwww.w3.org%2F2000%2Fsvg%27%20width%3D%271125%27%20height%3D%271500%27%20viewBox%3D%270%200%201125%201500%27%3E%3Crect%20width%3D%271125%27%20height%3D%271500%27%20fill-opacity%3D%220%22%2F%3E%3C%2Fsvg%3E\" data-orig-src=\"https:\/\/liceofrancestenerife.es\/nuevaweb\/wp-content\/uploads\/2017\/01\/IMG_1981-e1483818452975-768x1024.jpg\" data-srcset=\"https:\/\/liceofrancestenerife.es\/nuevaweb\/wp-content\/uploads\/2017\/01\/IMG_1981-e1483818452975-200x267.jpg 200w, https:\/\/liceofrancestenerife.es\/nuevaweb\/wp-content\/uploads\/2017\/01\/IMG_1981-e1483818452975-225x300.jpg 225w, https:\/\/liceofrancestenerife.es\/nuevaweb\/wp-content\/uploads\/2017\/01\/IMG_1981-e1483818452975-400x533.jpg 400w, https:\/\/liceofrancestenerife.es\/nuevaweb\/wp-content\/uploads\/2017\/01\/IMG_1981-e1483818452975-600x800.jpg 600w, https:\/\/liceofrancestenerife.es\/nuevaweb\/wp-content\/uploads\/2017\/01\/IMG_1981-e1483818452975-768x1024.jpg 768w, https:\/\/liceofrancestenerife.es\/nuevaweb\/wp-content\/uploads\/2017\/01\/IMG_1981-e1483818452975-800x1066.jpg 800w, https:\/\/liceofrancestenerife.es\/nuevaweb\/wp-content\/uploads\/2017\/01\/IMG_1981-e1483818452975.jpg 1125w, https:\/\/liceofrancestenerife.es\/nuevaweb\/wp-content\/uploads\/2017\/01\/IMG_1981-e1483818452975-1200x1600.jpg 1200w\" data-sizes=\"auto\" \/><\/a>\n\t\t\t<\/dt><\/dl><dl class='gallery-item'>\n\t\t\t<dt class='gallery-icon portrait'>\n\t\t\t\t<a data-rel=\"iLightbox[postimages]\" data-title=\"IMG_2084-e1483818597616\" data-caption=\"\" href='https:\/\/liceofrancestenerife.es\/fr\/mes-diciembre-los-psa-2\/img_2084-e1483818597616\/'><img decoding=\"async\" width=\"768\" height=\"1024\" src=\"https:\/\/liceofrancestenerife.es\/nuevaweb\/wp-content\/uploads\/2017\/01\/IMG_2084-e1483818597616-768x1024.jpg\" class=\"attachment-large size-large lazyload\" alt=\"\" srcset=\"data:image\/svg+xml,%3Csvg%20xmlns%3D%27http%3A%2F%2Fwww.w3.org%2F2000%2Fsvg%27%20width%3D%271125%27%20height%3D%271500%27%20viewBox%3D%270%200%201125%201500%27%3E%3Crect%20width%3D%271125%27%20height%3D%271500%27%20fill-opacity%3D%220%22%2F%3E%3C%2Fsvg%3E\" data-orig-src=\"https:\/\/liceofrancestenerife.es\/nuevaweb\/wp-content\/uploads\/2017\/01\/IMG_2084-e1483818597616-768x1024.jpg\" data-srcset=\"https:\/\/liceofrancestenerife.es\/nuevaweb\/wp-content\/uploads\/2017\/01\/IMG_2084-e1483818597616-200x267.jpg 200w, https:\/\/liceofrancestenerife.es\/nuevaweb\/wp-content\/uploads\/2017\/01\/IMG_2084-e1483818597616-225x300.jpg 225w, https:\/\/liceofrancestenerife.es\/nuevaweb\/wp-content\/uploads\/2017\/01\/IMG_2084-e1483818597616-400x533.jpg 400w, https:\/\/liceofrancestenerife.es\/nuevaweb\/wp-content\/uploads\/2017\/01\/IMG_2084-e1483818597616-600x800.jpg 600w, https:\/\/liceofrancestenerife.es\/nuevaweb\/wp-content\/uploads\/2017\/01\/IMG_2084-e1483818597616-768x1024.jpg 768w, https:\/\/liceofrancestenerife.es\/nuevaweb\/wp-content\/uploads\/2017\/01\/IMG_2084-e1483818597616-800x1066.jpg 800w, https:\/\/liceofrancestenerife.es\/nuevaweb\/wp-content\/uploads\/2017\/01\/IMG_2084-e1483818597616.jpg 1125w, https:\/\/liceofrancestenerife.es\/nuevaweb\/wp-content\/uploads\/2017\/01\/IMG_2084-e1483818597616-1200x1600.jpg 1200w\" data-sizes=\"auto\" \/><\/a>\n\t\t\t<\/dt><\/dl>\n\t\t\t<br style='clear: both' \/>\n\t\t<\/div>\n\n","protected":false},"excerpt":{"rendered":"<p>Durant le mois de D\u00e9cembre les \u00e9l\u00e8ves de PSA ont travaill\u00e9 sur le th\u00e8me de No\u00ebl. Pour apprendre le nouveau vocabulaire, Samuel nous a lu des histoires de No\u00ebl et nous avons jou\u00e9 \u00e0 divers jeux tel que le loto. Nous avons \u00e9galement continu\u00e9 notre travail de reconnaissance des lettres en \u00e9crivant des mots avec [&hellip;]<\/p>\n","protected":false},"author":3,"featured_media":13400,"comment_status":"open","ping_status":"open","sticky":false,"template":"","format":"standard","meta":{"footnotes":""},"categories":[106,111,197,149],"tags":[],"class_list":["post-10060","post","type-post","status-publish","format-standard","has-post-thumbnail","hentry","category-maternelle","category-prive","category-psa-fr","category-stade-resumes-maternalle"],"jetpack_featured_media_url":"https:\/\/liceofrancestenerife.es\/nuevaweb\/wp-content\/uploads\/2017\/01\/IMG_2094-e1483817183302-1.jpg","_links":{"self":[{"href":"https:\/\/liceofrancestenerife.es\/fr\/wp-json\/wp\/v2\/posts\/10060","targetHints":{"allow":["GET"]}}],"collection":[{"href":"https:\/\/liceofrancestenerife.es\/fr\/wp-json\/wp\/v2\/posts"}],"about":[{"href":"https:\/\/liceofrancestenerife.es\/fr\/wp-json\/wp\/v2\/types\/post"}],"author":[{"embeddable":true,"href":"https:\/\/liceofrancestenerife.es\/fr\/wp-json\/wp\/v2\/users\/3"}],"replies":[{"embeddable":true,"href":"https:\/\/liceofrancestenerife.es\/fr\/wp-json\/wp\/v2\/comments?post=10060"}],"version-history":[{"count":4,"href":"https:\/\/liceofrancestenerife.es\/fr\/wp-json\/wp\/v2\/posts\/10060\/revisions"}],"predecessor-version":[{"id":13410,"href":"https:\/\/liceofrancestenerife.es\/fr\/wp-json\/wp\/v2\/posts\/10060\/revisions\/13410"}],"wp:featuredmedia":[{"embeddable":true,"href":"https:\/\/liceofrancestenerife.es\/fr\/wp-json\/wp\/v2\/media\/13400"}],"wp:attachment":[{"href":"https:\/\/liceofrancestenerife.es\/fr\/wp-json\/wp\/v2\/media?parent=10060"}],"wp:term":[{"taxonomy":"category","embeddable":true,"href":"https:\/\/liceofrancestenerife.es\/fr\/wp-json\/wp\/v2\/categories?post=10060"},{"taxonomy":"post_tag","embeddable":true,"href":"https:\/\/liceofrancestenerife.es\/fr\/wp-json\/wp\/v2\/tags?post=10060"}],"curies":[{"name":"wp","href":"https:\/\/api.w.org\/{rel}","templated":true}]}}