{"id":10517,"date":"2015-02-11T13:40:36","date_gmt":"2015-02-11T13:40:36","guid":{"rendered":"http:\/\/liceofrancestenerife.es\/nuevaweb\/felicidades\/"},"modified":"2016-12-15T12:59:13","modified_gmt":"2016-12-15T12:59:13","slug":"felicidades","status":"publish","type":"post","link":"https:\/\/liceofrancestenerife.es\/fr\/felicidades\/","title":{"rendered":"F\u00e9licitations!"},"content":{"rendered":"<p>Chers coll\u00e8gues,<\/p>\n<p>Au nom de toute la communaut\u00e9 \u00e9ducative, je souhaite le meilleur pour cette nouvelle ann\u00e9e 2015, la sant\u00e9, la s\u00e9r\u00e9nit\u00e9 et de succ\u00e8s pour usteded et leurs familles. Je saisis cette occasion pour revenir \u00e0 agradercerles, la qualit\u00e9 de nos relations de travail bas\u00e9e sur la confiance, la coexistence et le professionnalisme.<\/p>\n<p>Attentivement,<\/p>\n<p>Herv\u00e9 Saint M\u00e9zard<br \/>\nproviseur<\/p>\n","protected":false},"excerpt":{"rendered":"<p>Chers coll\u00e8gues, Au nom de toute la communaut\u00e9 \u00e9ducative, je souhaite le meilleur pour cette nouvelle ann\u00e9e 2015, la sant\u00e9, la s\u00e9r\u00e9nit\u00e9 et de succ\u00e8s pour usteded et leurs familles. Je saisis cette occasion pour revenir \u00e0 agradercerles, la qualit\u00e9 de nos relations de travail bas\u00e9e sur la confiance, la coexistence et le professionnalisme. Attentivement, [&hellip;]<\/p>\n","protected":false},"author":1,"featured_media":10515,"comment_status":"closed","ping_status":"closed","sticky":false,"template":"","format":"standard","meta":{"footnotes":""},"categories":[2,57],"tags":[],"class_list":["post-10517","post","type-post","status-publish","format-standard","has-post-thumbnail","hentry","category-non-classifiee","category-notes-du-directeur"],"jetpack_featured_media_url":"https:\/\/liceofrancestenerife.es\/nuevaweb\/wp-content\/uploads\/2015\/02\/914685f7b31464.jpg","_links":{"self":[{"href":"https:\/\/liceofrancestenerife.es\/fr\/wp-json\/wp\/v2\/posts\/10517","targetHints":{"allow":["GET"]}}],"collection":[{"href":"https:\/\/liceofrancestenerife.es\/fr\/wp-json\/wp\/v2\/posts"}],"about":[{"href":"https:\/\/liceofrancestenerife.es\/fr\/wp-json\/wp\/v2\/types\/post"}],"author":[{"embeddable":true,"href":"https:\/\/liceofrancestenerife.es\/fr\/wp-json\/wp\/v2\/users\/1"}],"replies":[{"embeddable":true,"href":"https:\/\/liceofrancestenerife.es\/fr\/wp-json\/wp\/v2\/comments?post=10517"}],"version-history":[{"count":1,"href":"https:\/\/liceofrancestenerife.es\/fr\/wp-json\/wp\/v2\/posts\/10517\/revisions"}],"predecessor-version":[{"id":10518,"href":"https:\/\/liceofrancestenerife.es\/fr\/wp-json\/wp\/v2\/posts\/10517\/revisions\/10518"}],"wp:featuredmedia":[{"embeddable":true,"href":"https:\/\/liceofrancestenerife.es\/fr\/wp-json\/wp\/v2\/media\/10515"}],"wp:attachment":[{"href":"https:\/\/liceofrancestenerife.es\/fr\/wp-json\/wp\/v2\/media?parent=10517"}],"wp:term":[{"taxonomy":"category","embeddable":true,"href":"https:\/\/liceofrancestenerife.es\/fr\/wp-json\/wp\/v2\/categories?post=10517"},{"taxonomy":"post_tag","embeddable":true,"href":"https:\/\/liceofrancestenerife.es\/fr\/wp-json\/wp\/v2\/tags?post=10517"}],"curies":[{"name":"wp","href":"https:\/\/api.w.org\/{rel}","templated":true}]}}