{"id":10524,"date":"2015-02-11T13:40:52","date_gmt":"2015-02-11T13:40:52","guid":{"rendered":"http:\/\/liceofrancestenerife.es\/nuevaweb\/feloche-en-el-colegio-con-los-alumnos-de-cm2\/"},"modified":"2016-12-15T13:15:41","modified_gmt":"2016-12-15T13:15:41","slug":"feloche-a-lecole-avec-les-eleves-cm2","status":"publish","type":"post","link":"https:\/\/liceofrancestenerife.es\/fr\/feloche-a-lecole-avec-les-eleves-cm2\/","title":{"rendered":"F\u00e9loche \u00e0 l&#8217;\u00e9cole avec les \u00e9l\u00e8ves cm2"},"content":{"rendered":"","protected":false},"excerpt":{"rendered":"","protected":false},"author":1,"featured_media":0,"comment_status":"closed","ping_status":"closed","sticky":false,"template":"","format":"video","meta":{"footnotes":""},"categories":[101,2],"tags":[],"class_list":["post-10524","post","type-post","status-publish","format-video","hentry","category-elementaire","category-non-classifiee","post_format-post-format-video"],"jetpack_featured_media_url":"","_links":{"self":[{"href":"https:\/\/liceofrancestenerife.es\/fr\/wp-json\/wp\/v2\/posts\/10524","targetHints":{"allow":["GET"]}}],"collection":[{"href":"https:\/\/liceofrancestenerife.es\/fr\/wp-json\/wp\/v2\/posts"}],"about":[{"href":"https:\/\/liceofrancestenerife.es\/fr\/wp-json\/wp\/v2\/types\/post"}],"author":[{"embeddable":true,"href":"https:\/\/liceofrancestenerife.es\/fr\/wp-json\/wp\/v2\/users\/1"}],"replies":[{"embeddable":true,"href":"https:\/\/liceofrancestenerife.es\/fr\/wp-json\/wp\/v2\/comments?post=10524"}],"version-history":[{"count":1,"href":"https:\/\/liceofrancestenerife.es\/fr\/wp-json\/wp\/v2\/posts\/10524\/revisions"}],"predecessor-version":[{"id":10525,"href":"https:\/\/liceofrancestenerife.es\/fr\/wp-json\/wp\/v2\/posts\/10524\/revisions\/10525"}],"wp:attachment":[{"href":"https:\/\/liceofrancestenerife.es\/fr\/wp-json\/wp\/v2\/media?parent=10524"}],"wp:term":[{"taxonomy":"category","embeddable":true,"href":"https:\/\/liceofrancestenerife.es\/fr\/wp-json\/wp\/v2\/categories?post=10524"},{"taxonomy":"post_tag","embeddable":true,"href":"https:\/\/liceofrancestenerife.es\/fr\/wp-json\/wp\/v2\/tags?post=10524"}],"curies":[{"name":"wp","href":"https:\/\/api.w.org\/{rel}","templated":true}]}}