{"id":10665,"date":"2015-05-11T13:18:07","date_gmt":"2015-05-11T13:18:07","guid":{"rendered":"http:\/\/liceofrancestenerife.es\/nuevaweb\/ensayos-entrega-de-premios-2015\/"},"modified":"2016-12-16T10:32:54","modified_gmt":"2016-12-16T10:32:54","slug":"tests-prix-2015","status":"publish","type":"post","link":"https:\/\/liceofrancestenerife.es\/fr\/tests-prix-2015\/","title":{"rendered":"Tests, prix 2015"},"content":{"rendered":"<p>Prix pour les \u00e9tudiants \u00e0 des conf\u00e9rences du MLF \u00e0 Dijon, mai 2015<\/p>\n","protected":false},"excerpt":{"rendered":"<p>Prix pour les \u00e9tudiants \u00e0 des conf\u00e9rences du MLF \u00e0 Dijon, mai 2015<\/p>\n","protected":false},"author":1,"featured_media":0,"comment_status":"closed","ping_status":"closed","sticky":false,"template":"","format":"video","meta":{"footnotes":""},"categories":[59],"tags":[],"class_list":["post-10665","post","type-post","status-publish","format-video","hentry","category-evenements-commemoratifs","post_format-post-format-video"],"jetpack_featured_media_url":"","_links":{"self":[{"href":"https:\/\/liceofrancestenerife.es\/fr\/wp-json\/wp\/v2\/posts\/10665","targetHints":{"allow":["GET"]}}],"collection":[{"href":"https:\/\/liceofrancestenerife.es\/fr\/wp-json\/wp\/v2\/posts"}],"about":[{"href":"https:\/\/liceofrancestenerife.es\/fr\/wp-json\/wp\/v2\/types\/post"}],"author":[{"embeddable":true,"href":"https:\/\/liceofrancestenerife.es\/fr\/wp-json\/wp\/v2\/users\/1"}],"replies":[{"embeddable":true,"href":"https:\/\/liceofrancestenerife.es\/fr\/wp-json\/wp\/v2\/comments?post=10665"}],"version-history":[{"count":1,"href":"https:\/\/liceofrancestenerife.es\/fr\/wp-json\/wp\/v2\/posts\/10665\/revisions"}],"predecessor-version":[{"id":10666,"href":"https:\/\/liceofrancestenerife.es\/fr\/wp-json\/wp\/v2\/posts\/10665\/revisions\/10666"}],"wp:attachment":[{"href":"https:\/\/liceofrancestenerife.es\/fr\/wp-json\/wp\/v2\/media?parent=10665"}],"wp:term":[{"taxonomy":"category","embeddable":true,"href":"https:\/\/liceofrancestenerife.es\/fr\/wp-json\/wp\/v2\/categories?post=10665"},{"taxonomy":"post_tag","embeddable":true,"href":"https:\/\/liceofrancestenerife.es\/fr\/wp-json\/wp\/v2\/tags?post=10665"}],"curies":[{"name":"wp","href":"https:\/\/api.w.org\/{rel}","templated":true}]}}