{"id":16231,"date":"2017-03-21T16:57:57","date_gmt":"2017-03-21T16:57:57","guid":{"rendered":"http:\/\/liceofrancestenerife.es\/canto-los-posibles\/"},"modified":"2017-03-21T17:00:34","modified_gmt":"2017-03-21T17:00:34","slug":"canto-los-posibles","status":"publish","type":"post","link":"https:\/\/liceofrancestenerife.es\/fr\/canto-los-posibles\/","title":{"rendered":"Le chant des possibles"},"content":{"rendered":"<p><strong><a href=\"http:\/\/liceofrancestenerife.es\/fr\/capitaine-alexandre-alain-larribet\/\">Capitaine Alexandre<\/a> et Alain Larribet<\/strong> au lyc\u00e9e fran\u00e7ais de Tenerife: po\u00e9sie et musique pour nos \u00e9l\u00e8ves de 3eme et 2nde, une exp\u00e9rience inoubliable.<\/p>\n<h3><a href=\"http:\/\/liceofrancestenerife.es\/fr\/creacion-poetica-musical\/\"><strong>\u201cLe chant des possibles\u201d<\/strong><\/a><\/h3>\n","protected":false},"excerpt":{"rendered":"<p>Capitaine Alexandre et Alain Larribet au lyc\u00e9e fran\u00e7ais de Tenerife: po\u00e9sie et musique pour nos \u00e9l\u00e8ves de 3eme et 2nde, une exp\u00e9rience inoubliable. \u201cLe chant des possibles\u201d<\/p>\n","protected":false},"author":1,"featured_media":16228,"comment_status":"open","ping_status":"open","sticky":false,"template":"","format":"standard","meta":{"footnotes":""},"categories":[215],"tags":[],"class_list":["post-16231","post","type-post","status-publish","format-standard","has-post-thumbnail","hentry","category-vie-artistique-et-culturelle"],"jetpack_featured_media_url":"https:\/\/liceofrancestenerife.es\/nuevaweb\/wp-content\/uploads\/2017\/03\/LIceo-captain.png","_links":{"self":[{"href":"https:\/\/liceofrancestenerife.es\/fr\/wp-json\/wp\/v2\/posts\/16231","targetHints":{"allow":["GET"]}}],"collection":[{"href":"https:\/\/liceofrancestenerife.es\/fr\/wp-json\/wp\/v2\/posts"}],"about":[{"href":"https:\/\/liceofrancestenerife.es\/fr\/wp-json\/wp\/v2\/types\/post"}],"author":[{"embeddable":true,"href":"https:\/\/liceofrancestenerife.es\/fr\/wp-json\/wp\/v2\/users\/1"}],"replies":[{"embeddable":true,"href":"https:\/\/liceofrancestenerife.es\/fr\/wp-json\/wp\/v2\/comments?post=16231"}],"version-history":[{"count":2,"href":"https:\/\/liceofrancestenerife.es\/fr\/wp-json\/wp\/v2\/posts\/16231\/revisions"}],"predecessor-version":[{"id":16233,"href":"https:\/\/liceofrancestenerife.es\/fr\/wp-json\/wp\/v2\/posts\/16231\/revisions\/16233"}],"wp:featuredmedia":[{"embeddable":true,"href":"https:\/\/liceofrancestenerife.es\/fr\/wp-json\/wp\/v2\/media\/16228"}],"wp:attachment":[{"href":"https:\/\/liceofrancestenerife.es\/fr\/wp-json\/wp\/v2\/media?parent=16231"}],"wp:term":[{"taxonomy":"category","embeddable":true,"href":"https:\/\/liceofrancestenerife.es\/fr\/wp-json\/wp\/v2\/categories?post=16231"},{"taxonomy":"post_tag","embeddable":true,"href":"https:\/\/liceofrancestenerife.es\/fr\/wp-json\/wp\/v2\/tags?post=16231"}],"curies":[{"name":"wp","href":"https:\/\/api.w.org\/{rel}","templated":true}]}}