{"id":16860,"date":"2017-04-24T09:23:33","date_gmt":"2017-04-24T08:23:33","guid":{"rendered":"http:\/\/liceofrancestenerife.es\/semana-del-respeto-la-tolerancia-24-al-28-abril\/"},"modified":"2017-04-25T10:43:26","modified_gmt":"2017-04-25T09:43:26","slug":"semana-del-respeto-la-tolerancia-24-al-28-abril","status":"publish","type":"post","link":"https:\/\/liceofrancestenerife.es\/fr\/semana-del-respeto-la-tolerancia-24-al-28-abril\/","title":{"rendered":"Semaine du respect et de la tol\u00e9rance: ressources en ligne"},"content":{"rendered":"<p>Dans le cadre de notre <strong>semaine d\u00e9di\u00e9e au respect et \u00e0 la tol\u00e9rance<\/strong>, toutes sortes d&#8217;activit\u00e9s sont organis\u00e9es au sein de l&#8217;\u00e9tablissement pour nos \u00e9l\u00e8ves du Primaire et du Secondaire : lecture d&#8217;albums, \u00e9tude de textes litt\u00e9raires, projection de films, d\u00e9bats, \u201ccharlas\u201d, ateliers&#8230; \u00c0 travers ces diff\u00e9rentes activit\u00e9s, nos \u00e9l\u00e8ves sont invit\u00e9s \u00e0 r\u00e9fl\u00e9chir \u00e0 <strong>la tol\u00e9rance, au respect des autres et au \u201cvivre ensemble\u201d.<\/strong><\/p>\n<p>Voici des <strong>ressources en ligne<\/strong> pour aider nos jeunes \u00e0 mieux comprendre les notions <strong>de tol\u00e9rance, de respect de l&#8217;autre et de droit \u00e0 la non-discrimination.<\/strong><\/p>\n<p>&nbsp;<\/p>\n<iframe src=\"\/\/docs.google.com\/viewer?url=http%3A%2F%2Fliceofrancestenerife.es%2Fnuevaweb%2Fwp-content%2Fuploads%2F2017%2F04%2FRessources-Semaine-Respect-et-Tol%C3%A9rance.pdf&hl=es&embedded=true\" class=\"gde-frame\" style=\"width:100%; height:500px; border: none;\" scrolling=\"no\"><\/iframe>\n<p class=\"gde-text\"><a href=\"http:\/\/liceofrancestenerife.es\/nuevaweb\/wp-content\/uploads\/2017\/04\/Ressources-Semaine-Respect-et-Tol\u00e9rance.pdf\" class=\"gde-link\">Descargar (PDF, Inconnu)<\/a><\/p>\n","protected":false},"excerpt":{"rendered":"<p>Dans le cadre de notre semaine d\u00e9di\u00e9e au respect et \u00e0 la tol\u00e9rance, toutes sortes d&#8217;activit\u00e9s sont organis\u00e9es au sein de l&#8217;\u00e9tablissement pour nos \u00e9l\u00e8ves du Primaire et du Secondaire : lecture d&#8217;albums, \u00e9tude de textes litt\u00e9raires, projection de films, d\u00e9bats, \u201ccharlas\u201d, ateliers&#8230; \u00c0 travers ces diff\u00e9rentes activit\u00e9s, nos \u00e9l\u00e8ves sont invit\u00e9s \u00e0 r\u00e9fl\u00e9chir \u00e0 [&hellip;]<\/p>\n","protected":false},"author":1,"featured_media":16858,"comment_status":"open","ping_status":"open","sticky":false,"template":"","format":"standard","meta":{"footnotes":""},"categories":[101,58,107],"tags":[245,244],"class_list":["post-16860","post","type-post","status-publish","format-standard","has-post-thumbnail","hentry","category-elementaire","category-liens-pour-parents","category-secondaire","tag-semaine-du-respect-et-de-la-tolerance","tag-semana-del-respeto-y-la-tolerancia-fr"],"jetpack_featured_media_url":"https:\/\/liceofrancestenerife.es\/nuevaweb\/wp-content\/uploads\/2017\/04\/LIceo-Frances-Tenerife-semana-de-la-tolerancia-y-el-respeto.jpg","_links":{"self":[{"href":"https:\/\/liceofrancestenerife.es\/fr\/wp-json\/wp\/v2\/posts\/16860","targetHints":{"allow":["GET"]}}],"collection":[{"href":"https:\/\/liceofrancestenerife.es\/fr\/wp-json\/wp\/v2\/posts"}],"about":[{"href":"https:\/\/liceofrancestenerife.es\/fr\/wp-json\/wp\/v2\/types\/post"}],"author":[{"embeddable":true,"href":"https:\/\/liceofrancestenerife.es\/fr\/wp-json\/wp\/v2\/users\/1"}],"replies":[{"embeddable":true,"href":"https:\/\/liceofrancestenerife.es\/fr\/wp-json\/wp\/v2\/comments?post=16860"}],"version-history":[{"count":3,"href":"https:\/\/liceofrancestenerife.es\/fr\/wp-json\/wp\/v2\/posts\/16860\/revisions"}],"predecessor-version":[{"id":16890,"href":"https:\/\/liceofrancestenerife.es\/fr\/wp-json\/wp\/v2\/posts\/16860\/revisions\/16890"}],"wp:featuredmedia":[{"embeddable":true,"href":"https:\/\/liceofrancestenerife.es\/fr\/wp-json\/wp\/v2\/media\/16858"}],"wp:attachment":[{"href":"https:\/\/liceofrancestenerife.es\/fr\/wp-json\/wp\/v2\/media?parent=16860"}],"wp:term":[{"taxonomy":"category","embeddable":true,"href":"https:\/\/liceofrancestenerife.es\/fr\/wp-json\/wp\/v2\/categories?post=16860"},{"taxonomy":"post_tag","embeddable":true,"href":"https:\/\/liceofrancestenerife.es\/fr\/wp-json\/wp\/v2\/tags?post=16860"}],"curies":[{"name":"wp","href":"https:\/\/api.w.org\/{rel}","templated":true}]}}