{"id":16984,"date":"2017-05-05T12:15:37","date_gmt":"2017-05-05T11:15:37","guid":{"rendered":"http:\/\/liceofrancestenerife.es\/enhorabuena-alumnos-5eme\/"},"modified":"2017-05-05T12:22:37","modified_gmt":"2017-05-05T11:22:37","slug":"enhorabuena-alumnos-5eme","status":"publish","type":"post","link":"https:\/\/liceofrancestenerife.es\/fr\/enhorabuena-alumnos-5eme\/","title":{"rendered":"F\u00e9licitations \u00e0 nos \u00e9l\u00e8ves de cinqui\u00e8me !"},"content":{"rendered":"<p>Nos \u00e9l\u00e8ves de 5\u00e8me ont remport\u00e9 le <strong>prix de l&#8217;\u00e9criture collective<\/strong> du concours de nouvelles organis\u00e9 par la <a href=\"http:\/\/www.mlfmonde.org\/\"><strong>MLF<\/strong><\/a> ( Mission La\u00efque Fran\u00e7aise ) avec la nouvelle <strong>\u00ab Murmures \u00bb<\/strong>.<\/p>\n<p>Les deux classes ont particip\u00e9 \u00e0 un concours de nouvelles en collaboration avec le <strong>coll\u00e8ge Beaumarchais de Paris<\/strong>. Le principe \u00e9tait de construire ensemble une nouvelle \u00e0 partir de la phrase de <strong>Victor Hugo<\/strong> : <em>\u00ab C\u2019est une triste chose de songer que la nature parle et que le genre humain n\u2019\u00e9coute pas \u00bb<\/em>. Les \u00e9l\u00e8ves volontaires de<strong> 5\u00e8meA et 5\u00e8meB<\/strong> ont pris part \u00e0 l&#8217;\u00e9criture en r\u00e9alisant des d\u00e9buts d&#8217;histoire. Ceux-ci \u00e9taient envoy\u00e9s \u00e0 leurs camarades de Paris qui en choisissait un et continuaient l\u2019histoire. Et enfin, apr\u00e8s un choix de leur suite, nous \u00e9crivions la fin de la nouvelle. Et inversement. Tous les \u00e9l\u00e8ves ont pu donner leur avis concernant le choix des histoires \u00e0 envoyer.<\/p>\n<p>Nous avons cr\u00e9\u00e9 ainsi deux histoires, <strong>\u00ab Murmures \u00bb<\/strong> et <strong>\u00ab Les taches vertes \u00bb<\/strong> que vous pouvez lire en pi\u00e8ces-jointes. Je tiens donc \u00e0 f\u00e9liciter les deux classes, les \u00e9l\u00e8ves qui ont collabor\u00e9 \u00e0 l&#8217;\u00e9criture et en particulier <strong>Jorge Gutierrez Le\u00f3n et Lara Suarez Garc\u00eda<\/strong> qui ont fait preuve d&#8217;une implication remarquable.<\/p>\n<p>&nbsp;<\/p>\n<p style=\"text-align: right;\"><em>Elodie Langlois<\/em><\/p>\n<h1 style=\"text-align: center;\"><span style=\"color: #1675a0;\"><strong>Murmullos<\/strong><\/span><\/h1>\n<p style=\"text-align: center;\"><iframe src=\"\/\/docs.google.com\/viewer?url=http%3A%2F%2Fliceofrancestenerife.es%2Fnuevaweb%2Fwp-content%2Fuploads%2F2017%2F05%2FMurmures-1.pdf&hl=es&embedded=true\" class=\"gde-frame\" style=\"width:100%; height:500px; border: none;\" scrolling=\"no\"><\/iframe>\n<p class=\"gde-text\"><a href=\"http:\/\/liceofrancestenerife.es\/nuevaweb\/wp-content\/uploads\/2017\/05\/Murmures-1.pdf\" class=\"gde-link\">Descargar (PDF, Inconnu)<\/a><\/p><\/p>\n<h1 style=\"text-align: center;\"><span style=\"color: #1675a0;\"><strong>Las manchas verdes<\/strong><\/span><\/h1>\n<p style=\"text-align: center;\"><iframe src=\"\/\/docs.google.com\/viewer?url=http%3A%2F%2Fliceofrancestenerife.es%2Fnuevaweb%2Fwp-content%2Fuploads%2F2017%2F05%2FLes-t%C3%A2ches-vertes-1.pdf&hl=es&embedded=true\" class=\"gde-frame\" style=\"width:100%; height:500px; border: none;\" scrolling=\"no\"><\/iframe>\n<p class=\"gde-text\"><a href=\"http:\/\/liceofrancestenerife.es\/nuevaweb\/wp-content\/uploads\/2017\/05\/Les-t\u00e2ches-vertes-1.pdf\" class=\"gde-link\">Descargar (PDF, Inconnu)<\/a><\/p><\/p>\n","protected":false},"excerpt":{"rendered":"<p>Nos \u00e9l\u00e8ves de 5\u00e8me ont remport\u00e9 le prix de l&#8217;\u00e9criture collective du concours de nouvelles organis\u00e9 par la MLF ( Mission La\u00efque Fran\u00e7aise ) avec la nouvelle \u00ab Murmures \u00bb. Les deux classes ont particip\u00e9 \u00e0 un concours de nouvelles en collaboration avec le coll\u00e8ge Beaumarchais de Paris. Le principe \u00e9tait de construire ensemble une [&hellip;]<\/p>\n","protected":false},"author":1,"featured_media":16980,"comment_status":"open","ping_status":"open","sticky":false,"template":"","format":"standard","meta":{"footnotes":""},"categories":[107,215],"tags":[249,250,251],"class_list":["post-16984","post","type-post","status-publish","format-standard","has-post-thumbnail","hentry","category-secondaire","category-vie-artistique-et-culturelle","tag-mission-laique-francaise-fr","tag-mlfmonde-fr","tag-premio-fr"],"jetpack_featured_media_url":"https:\/\/liceofrancestenerife.es\/nuevaweb\/wp-content\/uploads\/2017\/05\/Liceo-Frances-JUlio-Verne-ganador-novela.png","_links":{"self":[{"href":"https:\/\/liceofrancestenerife.es\/fr\/wp-json\/wp\/v2\/posts\/16984","targetHints":{"allow":["GET"]}}],"collection":[{"href":"https:\/\/liceofrancestenerife.es\/fr\/wp-json\/wp\/v2\/posts"}],"about":[{"href":"https:\/\/liceofrancestenerife.es\/fr\/wp-json\/wp\/v2\/types\/post"}],"author":[{"embeddable":true,"href":"https:\/\/liceofrancestenerife.es\/fr\/wp-json\/wp\/v2\/users\/1"}],"replies":[{"embeddable":true,"href":"https:\/\/liceofrancestenerife.es\/fr\/wp-json\/wp\/v2\/comments?post=16984"}],"version-history":[{"count":2,"href":"https:\/\/liceofrancestenerife.es\/fr\/wp-json\/wp\/v2\/posts\/16984\/revisions"}],"predecessor-version":[{"id":16986,"href":"https:\/\/liceofrancestenerife.es\/fr\/wp-json\/wp\/v2\/posts\/16984\/revisions\/16986"}],"wp:featuredmedia":[{"embeddable":true,"href":"https:\/\/liceofrancestenerife.es\/fr\/wp-json\/wp\/v2\/media\/16980"}],"wp:attachment":[{"href":"https:\/\/liceofrancestenerife.es\/fr\/wp-json\/wp\/v2\/media?parent=16984"}],"wp:term":[{"taxonomy":"category","embeddable":true,"href":"https:\/\/liceofrancestenerife.es\/fr\/wp-json\/wp\/v2\/categories?post=16984"},{"taxonomy":"post_tag","embeddable":true,"href":"https:\/\/liceofrancestenerife.es\/fr\/wp-json\/wp\/v2\/tags?post=16984"}],"curies":[{"name":"wp","href":"https:\/\/api.w.org\/{rel}","templated":true}]}}