{"id":16995,"date":"2017-05-08T13:32:00","date_gmt":"2017-05-08T12:32:00","guid":{"rendered":"http:\/\/liceofrancestenerife.es\/campeonato-del-mundo-juvenil-la-modalidad-vela-ligera-radial\/"},"modified":"2017-05-08T13:36:25","modified_gmt":"2017-05-08T12:36:25","slug":"campeonato-del-mundo-juvenil-la-modalidad-vela-ligera-radial","status":"publish","type":"post","link":"https:\/\/liceofrancestenerife.es\/fr\/campeonato-del-mundo-juvenil-la-modalidad-vela-ligera-radial\/","title":{"rendered":"Championnat du monde de voile l\u00e9g\u00e8re"},"content":{"rendered":"<p>F\u00e9liciter notre \u00e9l\u00e8ve Felipe Monje (Terminale) pour sa 7\u00e8me place au <strong>championnat du monde de voile<\/strong> l\u00e9g\u00e8re c\u00e9l\u00e9br\u00e9 r\u00e9cemment en Irlande. F\u00e9licitations !<\/p>\n","protected":false},"excerpt":{"rendered":"<p>F\u00e9liciter notre \u00e9l\u00e8ve Felipe Monje (Terminale) pour sa 7\u00e8me place au championnat du monde de voile l\u00e9g\u00e8re c\u00e9l\u00e9br\u00e9 r\u00e9cemment en Irlande. F\u00e9licitations !<\/p>\n","protected":false},"author":1,"featured_media":16992,"comment_status":"open","ping_status":"open","sticky":false,"template":"","format":"standard","meta":{"footnotes":""},"categories":[102,131],"tags":[254,255],"class_list":["post-16995","post","type-post","status-publish","format-standard","has-post-thumbnail","hentry","category-bachibac","category-les-nouvelles-du-monde","tag-vela-fr","tag-voile-fr"],"jetpack_featured_media_url":"https:\/\/liceofrancestenerife.es\/nuevaweb\/wp-content\/uploads\/2017\/05\/Liceo-Frances-Tenerife-Julio-Verne-Felipe-Monje.png","_links":{"self":[{"href":"https:\/\/liceofrancestenerife.es\/fr\/wp-json\/wp\/v2\/posts\/16995","targetHints":{"allow":["GET"]}}],"collection":[{"href":"https:\/\/liceofrancestenerife.es\/fr\/wp-json\/wp\/v2\/posts"}],"about":[{"href":"https:\/\/liceofrancestenerife.es\/fr\/wp-json\/wp\/v2\/types\/post"}],"author":[{"embeddable":true,"href":"https:\/\/liceofrancestenerife.es\/fr\/wp-json\/wp\/v2\/users\/1"}],"replies":[{"embeddable":true,"href":"https:\/\/liceofrancestenerife.es\/fr\/wp-json\/wp\/v2\/comments?post=16995"}],"version-history":[{"count":2,"href":"https:\/\/liceofrancestenerife.es\/fr\/wp-json\/wp\/v2\/posts\/16995\/revisions"}],"predecessor-version":[{"id":16997,"href":"https:\/\/liceofrancestenerife.es\/fr\/wp-json\/wp\/v2\/posts\/16995\/revisions\/16997"}],"wp:featuredmedia":[{"embeddable":true,"href":"https:\/\/liceofrancestenerife.es\/fr\/wp-json\/wp\/v2\/media\/16992"}],"wp:attachment":[{"href":"https:\/\/liceofrancestenerife.es\/fr\/wp-json\/wp\/v2\/media?parent=16995"}],"wp:term":[{"taxonomy":"category","embeddable":true,"href":"https:\/\/liceofrancestenerife.es\/fr\/wp-json\/wp\/v2\/categories?post=16995"},{"taxonomy":"post_tag","embeddable":true,"href":"https:\/\/liceofrancestenerife.es\/fr\/wp-json\/wp\/v2\/tags?post=16995"}],"curies":[{"name":"wp","href":"https:\/\/api.w.org\/{rel}","templated":true}]}}