{"id":17159,"date":"2017-05-23T16:58:11","date_gmt":"2017-05-23T15:58:11","guid":{"rendered":"http:\/\/liceofrancestenerife.es\/representacion-teatral-4eme\/"},"modified":"2017-05-23T17:04:37","modified_gmt":"2017-05-23T16:04:37","slug":"representacion-teatral-4eme","status":"publish","type":"post","link":"https:\/\/liceofrancestenerife.es\/fr\/representacion-teatral-4eme\/","title":{"rendered":"Spectacle th\u00e9\u00e2tral, 4\u00e8me"},"content":{"rendered":"<p>Ch\u00e8res familles, <img decoding=\"async\" class=\"lazyload alignright wp-image-17147\" src=\"http:\/\/liceofrancestenerife.es\/nuevaweb\/wp-content\/uploads\/2017\/05\/Liceo-Frances-Tenerife-JUlio-Verne-teatro-4eme-686x1024.jpg\" data-orig-src=\"http:\/\/liceofrancestenerife.es\/nuevaweb\/wp-content\/uploads\/2017\/05\/Liceo-Frances-Tenerife-JUlio-Verne-teatro-4eme-686x1024.jpg\" alt=\"Liceo Frances Tenerife JUlio Verne teatro 4eme\" width=\"300\" height=\"448\" srcset=\"data:image\/svg+xml,%3Csvg%20xmlns%3D%27http%3A%2F%2Fwww.w3.org%2F2000%2Fsvg%27%20width%3D%27300%27%20height%3D%27448%27%20viewBox%3D%270%200%20300%20448%27%3E%3Crect%20width%3D%27300%27%20height%3D%27448%27%20fill-opacity%3D%220%22%2F%3E%3C%2Fsvg%3E\" data-srcset=\"https:\/\/liceofrancestenerife.es\/nuevaweb\/wp-content\/uploads\/2017\/05\/Liceo-Frances-Tenerife-JUlio-Verne-teatro-4eme-200x299.jpg 200w, https:\/\/liceofrancestenerife.es\/nuevaweb\/wp-content\/uploads\/2017\/05\/Liceo-Frances-Tenerife-JUlio-Verne-teatro-4eme-201x300.jpg 201w, https:\/\/liceofrancestenerife.es\/nuevaweb\/wp-content\/uploads\/2017\/05\/Liceo-Frances-Tenerife-JUlio-Verne-teatro-4eme-400x597.jpg 400w, https:\/\/liceofrancestenerife.es\/nuevaweb\/wp-content\/uploads\/2017\/05\/Liceo-Frances-Tenerife-JUlio-Verne-teatro-4eme-600x896.jpg 600w, https:\/\/liceofrancestenerife.es\/nuevaweb\/wp-content\/uploads\/2017\/05\/Liceo-Frances-Tenerife-JUlio-Verne-teatro-4eme-686x1024.jpg 686w, https:\/\/liceofrancestenerife.es\/nuevaweb\/wp-content\/uploads\/2017\/05\/Liceo-Frances-Tenerife-JUlio-Verne-teatro-4eme-768x1147.jpg 768w, https:\/\/liceofrancestenerife.es\/nuevaweb\/wp-content\/uploads\/2017\/05\/Liceo-Frances-Tenerife-JUlio-Verne-teatro-4eme-800x1194.jpg 800w, https:\/\/liceofrancestenerife.es\/nuevaweb\/wp-content\/uploads\/2017\/05\/Liceo-Frances-Tenerife-JUlio-Verne-teatro-4eme.jpg 1000w\" data-sizes=\"auto\" data-orig-sizes=\"(max-width: 300px) 100vw, 300px\" \/><\/p>\n<p>Les \u00e9l\u00e8ves de <strong>4\u00e8me<\/strong> et leur professeure de langue avons le plaisir de vous inviter \u00e0 notre spectacle th\u00e9\u00e2tral qui aura lieu le <strong>jeudi 8 juin\u00e0 16h45<\/strong> au <a href=\"http:\/\/circulobellasartestf.com\/\">C\u00edrculo de Bellas Artes de Santa Cruz<\/a>.<\/p>\n<p>Cette ann\u00e9e, nous avons choisi l\u2019oeuvre Las piernas de Amaid\u00fa que nous avons \u00e9tudi\u00e9e et travaill\u00e9e depuis le premier trimestre et qui traite de sujets universels tels que la paix, l\u2019amiti\u00e9, la solidarit\u00e9&#8230;<\/p>\n<p>Nous avons <strong>employ\u00e9 beaucoup d\u2019\u00e9nergie et d\u2019illusion dans ce projet<\/strong> et nous esp\u00e9rons, de tout coeur, que vous en profiterez.<\/p>\n<p>Nous vous prions de bien vouloir \u00eatre ponctuels. Merci beaucoup !<\/p>\n","protected":false},"excerpt":{"rendered":"<p>Ch\u00e8res familles, Les \u00e9l\u00e8ves de 4\u00e8me et leur professeure de langue avons le plaisir de vous inviter \u00e0 notre spectacle th\u00e9\u00e2tral qui aura lieu le jeudi 8 juin\u00e0 16h45 au C\u00edrculo de Bellas Artes de Santa Cruz. Cette ann\u00e9e, nous avons choisi l\u2019oeuvre Las piernas de Amaid\u00fa que nous avons \u00e9tudi\u00e9e et travaill\u00e9e depuis le [&hellip;]<\/p>\n","protected":false},"author":1,"featured_media":17155,"comment_status":"open","ping_status":"open","sticky":false,"template":"","format":"standard","meta":{"footnotes":""},"categories":[58,107,215],"tags":[279,280],"class_list":["post-17159","post","type-post","status-publish","format-standard","has-post-thumbnail","hentry","category-liens-pour-parents","category-secondaire","category-vie-artistique-et-culturelle","tag-teatro-fr","tag-theatre-fr"],"jetpack_featured_media_url":"https:\/\/liceofrancestenerife.es\/nuevaweb\/wp-content\/uploads\/2017\/05\/Teatro-libro.jpg","_links":{"self":[{"href":"https:\/\/liceofrancestenerife.es\/fr\/wp-json\/wp\/v2\/posts\/17159","targetHints":{"allow":["GET"]}}],"collection":[{"href":"https:\/\/liceofrancestenerife.es\/fr\/wp-json\/wp\/v2\/posts"}],"about":[{"href":"https:\/\/liceofrancestenerife.es\/fr\/wp-json\/wp\/v2\/types\/post"}],"author":[{"embeddable":true,"href":"https:\/\/liceofrancestenerife.es\/fr\/wp-json\/wp\/v2\/users\/1"}],"replies":[{"embeddable":true,"href":"https:\/\/liceofrancestenerife.es\/fr\/wp-json\/wp\/v2\/comments?post=17159"}],"version-history":[{"count":2,"href":"https:\/\/liceofrancestenerife.es\/fr\/wp-json\/wp\/v2\/posts\/17159\/revisions"}],"predecessor-version":[{"id":17161,"href":"https:\/\/liceofrancestenerife.es\/fr\/wp-json\/wp\/v2\/posts\/17159\/revisions\/17161"}],"wp:featuredmedia":[{"embeddable":true,"href":"https:\/\/liceofrancestenerife.es\/fr\/wp-json\/wp\/v2\/media\/17155"}],"wp:attachment":[{"href":"https:\/\/liceofrancestenerife.es\/fr\/wp-json\/wp\/v2\/media?parent=17159"}],"wp:term":[{"taxonomy":"category","embeddable":true,"href":"https:\/\/liceofrancestenerife.es\/fr\/wp-json\/wp\/v2\/categories?post=17159"},{"taxonomy":"post_tag","embeddable":true,"href":"https:\/\/liceofrancestenerife.es\/fr\/wp-json\/wp\/v2\/tags?post=17159"}],"curies":[{"name":"wp","href":"https:\/\/api.w.org\/{rel}","templated":true}]}}