{"id":19541,"date":"2017-11-16T11:36:22","date_gmt":"2017-11-16T11:36:22","guid":{"rendered":"http:\/\/liceofrancestenerife.es\/?p=19541"},"modified":"2017-11-16T11:36:22","modified_gmt":"2017-11-16T11:36:22","slug":"les-eleves-sixieme-troisieme-et-terminale-vous-convient-la-presentation-leur-travail-choregraphique","status":"publish","type":"post","link":"https:\/\/liceofrancestenerife.es\/fr\/les-eleves-sixieme-troisieme-et-terminale-vous-convient-la-presentation-leur-travail-choregraphique\/","title":{"rendered":"Les \u00e9l\u00e8ves de sixi\u00e8me, de troisi\u00e8me et de terminale vous convient \u00e0 la pr\u00e9sentation de leur travail chor\u00e9graphique"},"content":{"rendered":"<p>Venez nombreux, les petits (grands) artistes comptent sur votre pr\u00e9sence:<\/p>\n<h2 style=\"text-align: center;\"><strong>Vendredi 1er d\u00e9cembre<\/strong><br \/>\n\u00e0 17:00<br \/>\nPlace de Candelaria \u00e0 Santa Cruz de Tenerife.<\/h2>\n","protected":false},"excerpt":{"rendered":"<p>Venez nombreux, les petits (grands) artistes comptent sur votre pr\u00e9sence: Vendredi 1er d\u00e9cembre \u00e0 17:00 Place de Candelaria \u00e0 Santa Cruz de Tenerife.<\/p>\n","protected":false},"author":1,"featured_media":19547,"comment_status":"open","ping_status":"open","sticky":false,"template":"","format":"standard","meta":{"footnotes":""},"categories":[102,58,107,215],"tags":[],"class_list":["post-19541","post","type-post","status-publish","format-standard","has-post-thumbnail","hentry","category-bachibac","category-liens-pour-parents","category-secondaire","category-vie-artistique-et-culturelle"],"jetpack_featured_media_url":"https:\/\/liceofrancestenerife.es\/nuevaweb\/wp-content\/uploads\/2017\/11\/Lyce-Francais-Tenerife-Jules-verne.png","_links":{"self":[{"href":"https:\/\/liceofrancestenerife.es\/fr\/wp-json\/wp\/v2\/posts\/19541","targetHints":{"allow":["GET"]}}],"collection":[{"href":"https:\/\/liceofrancestenerife.es\/fr\/wp-json\/wp\/v2\/posts"}],"about":[{"href":"https:\/\/liceofrancestenerife.es\/fr\/wp-json\/wp\/v2\/types\/post"}],"author":[{"embeddable":true,"href":"https:\/\/liceofrancestenerife.es\/fr\/wp-json\/wp\/v2\/users\/1"}],"replies":[{"embeddable":true,"href":"https:\/\/liceofrancestenerife.es\/fr\/wp-json\/wp\/v2\/comments?post=19541"}],"version-history":[{"count":3,"href":"https:\/\/liceofrancestenerife.es\/fr\/wp-json\/wp\/v2\/posts\/19541\/revisions"}],"predecessor-version":[{"id":19548,"href":"https:\/\/liceofrancestenerife.es\/fr\/wp-json\/wp\/v2\/posts\/19541\/revisions\/19548"}],"wp:featuredmedia":[{"embeddable":true,"href":"https:\/\/liceofrancestenerife.es\/fr\/wp-json\/wp\/v2\/media\/19547"}],"wp:attachment":[{"href":"https:\/\/liceofrancestenerife.es\/fr\/wp-json\/wp\/v2\/media?parent=19541"}],"wp:term":[{"taxonomy":"category","embeddable":true,"href":"https:\/\/liceofrancestenerife.es\/fr\/wp-json\/wp\/v2\/categories?post=19541"},{"taxonomy":"post_tag","embeddable":true,"href":"https:\/\/liceofrancestenerife.es\/fr\/wp-json\/wp\/v2\/tags?post=19541"}],"curies":[{"name":"wp","href":"https:\/\/api.w.org\/{rel}","templated":true}]}}