{"id":19789,"date":"2017-12-20T12:08:58","date_gmt":"2017-12-20T12:08:58","guid":{"rendered":"http:\/\/liceofrancestenerife.es\/poemas-de-navidad\/"},"modified":"2017-12-20T12:38:52","modified_gmt":"2017-12-20T12:38:52","slug":"poemas-de-navidad","status":"publish","type":"post","link":"https:\/\/liceofrancestenerife.es\/fr\/poemas-de-navidad\/","title":{"rendered":"Po\u00e8mes sur le th\u00e8me de No\u00ebl"},"content":{"rendered":"<p><strong>Les \u00e9l\u00e8ves de CM2B ont \u00e9crit des po\u00e8mes sur le th\u00e8me de No\u00ebl.<\/strong> Ils ont d\u00e9cid\u00e9 de les partager pour vous souhaiter un Joyeux No\u00ebl \u00e0 tous !<\/p>\n<h3 style=\"padding-left: 30px;\"><strong>La magie de No\u00ebl<\/strong><\/h3>\n<p style=\"padding-left: 30px;\"><em>Je r\u00eave d\u2019amour<\/em><br \/>\n<em> Je r\u00eave de manger<\/em><\/p>\n<p style=\"padding-left: 30px;\"><em>Il y a de la magie<\/em><br \/>\n<em> Il y a de la neige<\/em><\/p>\n<p style=\"padding-left: 30px;\"><em>Souviens-toi de la joie<\/em><br \/>\n<em> Souviens-toi de la lumi\u00e8re<\/em><\/p>\n<p style=\"padding-left: 30px;\"><em>Demain tout ne sera que du bonheur<\/em><br \/>\n<em> Demain tout sera froid<\/em><\/p>\n<p style=\"padding-left: 30px;\"><em>Un jour tu verras la paix<\/em><br \/>\n<em> Un jour tu verras l\u2019hiver<\/em><\/p>\n<p style=\"padding-left: 30px;\"><em>Pourquoi c\u2019est No\u00ebl ?<\/em><br \/>\n<em> Pourquoi c\u2019est une Surprise ?<\/em><br \/>\n<em> C\u2019est No\u00ebl et voil\u00e0\u00a0!<\/em><\/p>\n<h4 style=\"padding-left: 30px; text-align: center;\"><em>Eugenia<\/em><\/h4>\n<p><img decoding=\"async\" class=\"lazyload aligncenter wp-image-19796\" src=\"http:\/\/liceofrancestenerife.es\/nuevaweb\/wp-content\/uploads\/2017\/12\/2.png\" data-orig-src=\"http:\/\/liceofrancestenerife.es\/nuevaweb\/wp-content\/uploads\/2017\/12\/2.png\" alt=\"\" width=\"141\" height=\"22\" srcset=\"data:image\/svg+xml,%3Csvg%20xmlns%3D%27http%3A%2F%2Fwww.w3.org%2F2000%2Fsvg%27%20width%3D%27141%27%20height%3D%2722%27%20viewBox%3D%270%200%20141%2022%27%3E%3Crect%20width%3D%27141%27%20height%3D%2722%27%20fill-opacity%3D%220%22%2F%3E%3C%2Fsvg%3E\" data-srcset=\"https:\/\/liceofrancestenerife.es\/nuevaweb\/wp-content\/uploads\/2017\/12\/2-200x32.png 200w, https:\/\/liceofrancestenerife.es\/nuevaweb\/wp-content\/uploads\/2017\/12\/2-300x47.png 300w, https:\/\/liceofrancestenerife.es\/nuevaweb\/wp-content\/uploads\/2017\/12\/2-400x63.png 400w, https:\/\/liceofrancestenerife.es\/nuevaweb\/wp-content\/uploads\/2017\/12\/2-600x95.png 600w, https:\/\/liceofrancestenerife.es\/nuevaweb\/wp-content\/uploads\/2017\/12\/2.png 741w\" data-sizes=\"auto\" data-orig-sizes=\"(max-width: 141px) 100vw, 141px\" \/><\/p>\n<p>&nbsp;<\/p>\n<h3 style=\"padding-left: 30px;\"><strong>No\u00ebl<\/strong><\/h3>\n<p style=\"padding-left: 30px;\"><em>No\u00ebl jour d&#8217;amour<\/em><br \/>\n<em> No\u00ebl jour de cadeaux<\/em><br \/>\n<em> No\u00ebl jour de chants<\/em><br \/>\n<em> No\u00ebl jour de g\u00e2teaux<\/em><br \/>\n<em> No\u00ebl jour de partages<\/em><br \/>\n<em> No\u00ebl jour de chocolats<\/em><br \/>\n<em> No\u00ebl jour de sourire<\/em><br \/>\n<em> No\u00ebl, no\u00ebl dis-moi tu aimes tout \u00e7a ?<\/em><\/p>\n<h4 style=\"padding-left: 30px; text-align: center;\"><em>Maya<\/em><\/h4>\n<p><img decoding=\"async\" class=\"lazyload aligncenter wp-image-19796\" src=\"http:\/\/liceofrancestenerife.es\/nuevaweb\/wp-content\/uploads\/2017\/12\/2.png\" data-orig-src=\"http:\/\/liceofrancestenerife.es\/nuevaweb\/wp-content\/uploads\/2017\/12\/2.png\" alt=\"\" width=\"141\" height=\"22\" srcset=\"data:image\/svg+xml,%3Csvg%20xmlns%3D%27http%3A%2F%2Fwww.w3.org%2F2000%2Fsvg%27%20width%3D%27141%27%20height%3D%2722%27%20viewBox%3D%270%200%20141%2022%27%3E%3Crect%20width%3D%27141%27%20height%3D%2722%27%20fill-opacity%3D%220%22%2F%3E%3C%2Fsvg%3E\" data-srcset=\"https:\/\/liceofrancestenerife.es\/nuevaweb\/wp-content\/uploads\/2017\/12\/2-200x32.png 200w, https:\/\/liceofrancestenerife.es\/nuevaweb\/wp-content\/uploads\/2017\/12\/2-300x47.png 300w, https:\/\/liceofrancestenerife.es\/nuevaweb\/wp-content\/uploads\/2017\/12\/2-400x63.png 400w, https:\/\/liceofrancestenerife.es\/nuevaweb\/wp-content\/uploads\/2017\/12\/2-600x95.png 600w, https:\/\/liceofrancestenerife.es\/nuevaweb\/wp-content\/uploads\/2017\/12\/2.png 741w\" data-sizes=\"auto\" data-orig-sizes=\"(max-width: 141px) 100vw, 141px\" \/><\/p>\n<p>&nbsp;<\/p>\n<h3 style=\"padding-left: 30px;\"><strong>La magie de No\u00ebl<\/strong><\/h3>\n<p style=\"padding-left: 30px;\"><em>Pourquoi des cadeaux<\/em><br \/>\n<em> Pourquoi des guerres<\/em><br \/>\n<em> Pourquoi des personnes m\u00e9chantes<\/em><br \/>\n<em> Pourquoi la pauvret\u00e9<\/em><br \/>\n<em> Je r\u00eave de solidarit\u00e9<\/em><br \/>\n<em> Je r\u00eave du sourire d\u2019un pauvre<\/em><br \/>\n<em> Je r\u00eave de la paix pour le monde<\/em><br \/>\n<em> Je r\u00eave de la vie<\/em><br \/>\n<em> Je r\u00eave de personnes joyeuses<\/em><\/p>\n<h4 style=\"padding-left: 30px; text-align: center;\"><em>Aitana<\/em><\/h4>\n<p><img decoding=\"async\" class=\"lazyload aligncenter wp-image-19796\" src=\"http:\/\/liceofrancestenerife.es\/nuevaweb\/wp-content\/uploads\/2017\/12\/2.png\" data-orig-src=\"http:\/\/liceofrancestenerife.es\/nuevaweb\/wp-content\/uploads\/2017\/12\/2.png\" alt=\"\" width=\"141\" height=\"22\" srcset=\"data:image\/svg+xml,%3Csvg%20xmlns%3D%27http%3A%2F%2Fwww.w3.org%2F2000%2Fsvg%27%20width%3D%27141%27%20height%3D%2722%27%20viewBox%3D%270%200%20141%2022%27%3E%3Crect%20width%3D%27141%27%20height%3D%2722%27%20fill-opacity%3D%220%22%2F%3E%3C%2Fsvg%3E\" data-srcset=\"https:\/\/liceofrancestenerife.es\/nuevaweb\/wp-content\/uploads\/2017\/12\/2-200x32.png 200w, https:\/\/liceofrancestenerife.es\/nuevaweb\/wp-content\/uploads\/2017\/12\/2-300x47.png 300w, https:\/\/liceofrancestenerife.es\/nuevaweb\/wp-content\/uploads\/2017\/12\/2-400x63.png 400w, https:\/\/liceofrancestenerife.es\/nuevaweb\/wp-content\/uploads\/2017\/12\/2-600x95.png 600w, https:\/\/liceofrancestenerife.es\/nuevaweb\/wp-content\/uploads\/2017\/12\/2.png 741w\" data-sizes=\"auto\" data-orig-sizes=\"(max-width: 141px) 100vw, 141px\" \/><\/p>\n<h3 style=\"padding-left: 30px;\"><strong>Le joyeux No\u00ebl<\/strong><\/h3>\n<p style=\"padding-left: 30px;\"><em>Il y a une famille<\/em><br \/>\n<em> Il y a des sourires<\/em><br \/>\n<em> Il y a des amis<\/em><br \/>\n<em> Il y a des cadeaux<\/em><br \/>\n<em> Il y a du chocolat<\/em><br \/>\n<em> Pas de guerre<\/em><br \/>\n<em> Pas d\u2019\u00e9go\u00efsme<\/em><br \/>\n<em> Pas d\u2019injustice<\/em><\/p>\n<h4 style=\"padding-left: 30px; text-align: center;\"><em>Lorena<\/em><\/h4>\n<p><img decoding=\"async\" class=\"lazyload aligncenter wp-image-19796\" src=\"http:\/\/liceofrancestenerife.es\/nuevaweb\/wp-content\/uploads\/2017\/12\/2.png\" data-orig-src=\"http:\/\/liceofrancestenerife.es\/nuevaweb\/wp-content\/uploads\/2017\/12\/2.png\" alt=\"\" width=\"141\" height=\"22\" srcset=\"data:image\/svg+xml,%3Csvg%20xmlns%3D%27http%3A%2F%2Fwww.w3.org%2F2000%2Fsvg%27%20width%3D%27141%27%20height%3D%2722%27%20viewBox%3D%270%200%20141%2022%27%3E%3Crect%20width%3D%27141%27%20height%3D%2722%27%20fill-opacity%3D%220%22%2F%3E%3C%2Fsvg%3E\" data-srcset=\"https:\/\/liceofrancestenerife.es\/nuevaweb\/wp-content\/uploads\/2017\/12\/2-200x32.png 200w, https:\/\/liceofrancestenerife.es\/nuevaweb\/wp-content\/uploads\/2017\/12\/2-300x47.png 300w, https:\/\/liceofrancestenerife.es\/nuevaweb\/wp-content\/uploads\/2017\/12\/2-400x63.png 400w, https:\/\/liceofrancestenerife.es\/nuevaweb\/wp-content\/uploads\/2017\/12\/2-600x95.png 600w, https:\/\/liceofrancestenerife.es\/nuevaweb\/wp-content\/uploads\/2017\/12\/2.png 741w\" data-sizes=\"auto\" data-orig-sizes=\"(max-width: 141px) 100vw, 141px\" \/><\/p>\n<p>&nbsp;<\/p>\n<h3 style=\"padding-left: 30px;\"><strong>Le jour de no\u00ebl<\/strong><\/h3>\n<p style=\"padding-left: 30px;\"><em>Demain c\u2019est no\u00ebl<\/em><br \/>\n<em> Demain les lumi\u00e8res<\/em><br \/>\n<em> Demain les enfants tous joyeux<\/em><br \/>\n<em> Avec leurs cadeaux<\/em><br \/>\n<em> Je r\u00eave de voir No\u00ebl<\/em><br \/>\n<em> Avec son traineau rouge et blanc<\/em><br \/>\n<em> La magie et les f\u00eates<\/em><br \/>\n<em> Dans les maisons sous la neige<\/em><br \/>\n<em> Et tous les elfes avec les jouets<\/em><br \/>\n<em> Sont contents car vient No\u00ebl.<\/em><\/p>\n<h4 style=\"padding-left: 30px; text-align: center;\"><em>Elena<\/em><\/h4>\n<p><img decoding=\"async\" class=\"lazyload aligncenter wp-image-19796\" src=\"http:\/\/liceofrancestenerife.es\/nuevaweb\/wp-content\/uploads\/2017\/12\/2.png\" data-orig-src=\"http:\/\/liceofrancestenerife.es\/nuevaweb\/wp-content\/uploads\/2017\/12\/2.png\" alt=\"\" width=\"141\" height=\"22\" srcset=\"data:image\/svg+xml,%3Csvg%20xmlns%3D%27http%3A%2F%2Fwww.w3.org%2F2000%2Fsvg%27%20width%3D%27141%27%20height%3D%2722%27%20viewBox%3D%270%200%20141%2022%27%3E%3Crect%20width%3D%27141%27%20height%3D%2722%27%20fill-opacity%3D%220%22%2F%3E%3C%2Fsvg%3E\" data-srcset=\"https:\/\/liceofrancestenerife.es\/nuevaweb\/wp-content\/uploads\/2017\/12\/2-200x32.png 200w, https:\/\/liceofrancestenerife.es\/nuevaweb\/wp-content\/uploads\/2017\/12\/2-300x47.png 300w, https:\/\/liceofrancestenerife.es\/nuevaweb\/wp-content\/uploads\/2017\/12\/2-400x63.png 400w, https:\/\/liceofrancestenerife.es\/nuevaweb\/wp-content\/uploads\/2017\/12\/2-600x95.png 600w, https:\/\/liceofrancestenerife.es\/nuevaweb\/wp-content\/uploads\/2017\/12\/2.png 741w\" data-sizes=\"auto\" data-orig-sizes=\"(max-width: 141px) 100vw, 141px\" \/><\/p>\n<p>&nbsp;<\/p>\n<h3 style=\"padding-left: 30px;\"><strong>DEMAIN C\u2019EST N\u00d6EL<\/strong><\/h3>\n<p style=\"padding-left: 30px;\"><em>Demain c\u2019est le 25 d\u00e9cembre<\/em><br \/>\n<em> Demain mes amis je verrai<\/em><br \/>\n<em> Demain l\u2019Amour sera l\u00e0<\/em><br \/>\n<em> Demain la magie sera dans les maisons<\/em><br \/>\n<em> Demain je ferai la carte postale pour les Rois Mages<\/em><br \/>\n<em> Demain je ferai un bonhomme de neige<\/em><br \/>\n<em> Demain vient le p\u00e8re N\u00f6el.<\/em><\/p>\n<h4 style=\"padding-left: 30px; text-align: center;\"><em>Irene<\/em><\/h4>\n<p><img decoding=\"async\" class=\"lazyload aligncenter wp-image-19796\" src=\"http:\/\/liceofrancestenerife.es\/nuevaweb\/wp-content\/uploads\/2017\/12\/2.png\" data-orig-src=\"http:\/\/liceofrancestenerife.es\/nuevaweb\/wp-content\/uploads\/2017\/12\/2.png\" alt=\"\" width=\"141\" height=\"22\" srcset=\"data:image\/svg+xml,%3Csvg%20xmlns%3D%27http%3A%2F%2Fwww.w3.org%2F2000%2Fsvg%27%20width%3D%27141%27%20height%3D%2722%27%20viewBox%3D%270%200%20141%2022%27%3E%3Crect%20width%3D%27141%27%20height%3D%2722%27%20fill-opacity%3D%220%22%2F%3E%3C%2Fsvg%3E\" data-srcset=\"https:\/\/liceofrancestenerife.es\/nuevaweb\/wp-content\/uploads\/2017\/12\/2-200x32.png 200w, https:\/\/liceofrancestenerife.es\/nuevaweb\/wp-content\/uploads\/2017\/12\/2-300x47.png 300w, https:\/\/liceofrancestenerife.es\/nuevaweb\/wp-content\/uploads\/2017\/12\/2-400x63.png 400w, https:\/\/liceofrancestenerife.es\/nuevaweb\/wp-content\/uploads\/2017\/12\/2-600x95.png 600w, https:\/\/liceofrancestenerife.es\/nuevaweb\/wp-content\/uploads\/2017\/12\/2.png 741w\" data-sizes=\"auto\" data-orig-sizes=\"(max-width: 141px) 100vw, 141px\" \/><\/p>\n<p>&nbsp;<\/p>\n<h3 style=\"padding-left: 30px;\"><strong>Cher Noel<\/strong><\/h3>\n<p style=\"padding-left: 30px;\"><em>Tout est rouge, dor\u00e9, blanc et vert.<\/em><br \/>\n<em> Le p\u00e8re no\u00ebl<\/em><br \/>\n<em> Tous les mois de d\u00e9cembre<\/em><br \/>\n<em> Quand la famille se r\u00e9unit<\/em><br \/>\n<em> Pour manger un d\u00e9licieux repas<\/em><br \/>\n<em> Le 25 d\u00e9cembre<\/em><br \/>\n<em> Tous les enfants du monde \u00e9crivent<\/em><br \/>\n<em> Des cartes postales \u00e0 leur famille, \u00e0 leurs amis.<\/em><br \/>\n<em> Durant cette nuit, dans chaque maison<\/em><br \/>\n<em> Il y a de l\u00b4amour, des \u00e9toiles, des sapins<\/em><br \/>\n<em> Et au pied du sapin,<\/em><br \/>\n<em> Des gros cadeaux.<\/em><br \/>\n<em> Le P\u00e8re Noel lui est avec ses amis les elfes.<\/em><\/p>\n<p style=\"padding-left: 30px;\"><em>Bon P\u00e8re No\u00ebl<\/em><\/p>\n<h4 style=\"padding-left: 30px; text-align: center;\"><em>Miriam<\/em><\/h4>\n<p><img decoding=\"async\" class=\"lazyload aligncenter wp-image-19796\" src=\"http:\/\/liceofrancestenerife.es\/nuevaweb\/wp-content\/uploads\/2017\/12\/2.png\" data-orig-src=\"http:\/\/liceofrancestenerife.es\/nuevaweb\/wp-content\/uploads\/2017\/12\/2.png\" alt=\"\" width=\"141\" height=\"22\" srcset=\"data:image\/svg+xml,%3Csvg%20xmlns%3D%27http%3A%2F%2Fwww.w3.org%2F2000%2Fsvg%27%20width%3D%27141%27%20height%3D%2722%27%20viewBox%3D%270%200%20141%2022%27%3E%3Crect%20width%3D%27141%27%20height%3D%2722%27%20fill-opacity%3D%220%22%2F%3E%3C%2Fsvg%3E\" data-srcset=\"https:\/\/liceofrancestenerife.es\/nuevaweb\/wp-content\/uploads\/2017\/12\/2-200x32.png 200w, https:\/\/liceofrancestenerife.es\/nuevaweb\/wp-content\/uploads\/2017\/12\/2-300x47.png 300w, https:\/\/liceofrancestenerife.es\/nuevaweb\/wp-content\/uploads\/2017\/12\/2-400x63.png 400w, https:\/\/liceofrancestenerife.es\/nuevaweb\/wp-content\/uploads\/2017\/12\/2-600x95.png 600w, https:\/\/liceofrancestenerife.es\/nuevaweb\/wp-content\/uploads\/2017\/12\/2.png 741w\" data-sizes=\"auto\" data-orig-sizes=\"(max-width: 141px) 100vw, 141px\" \/><\/p>\n<p>&nbsp;<\/p>\n<h3 style=\"padding-left: 30px;\"><strong>Question au p\u00e8re no\u00ebl<\/strong><\/h3>\n<p style=\"padding-left: 30px;\"><em>Tu as un bonnet rouge,<\/em><br \/>\n<em> Tu portes une chemise rouge,<\/em><br \/>\n<em> Tu fais des cadeaux rouges,<\/em><br \/>\n<em> Pourquoi as-tu toutes ces choses rouges ?<\/em><\/p>\n<h4 style=\"padding-left: 30px; text-align: center;\"><em>H\u00e9ctor<\/em><\/h4>\n<p><img decoding=\"async\" class=\"lazyload aligncenter wp-image-19796\" src=\"http:\/\/liceofrancestenerife.es\/nuevaweb\/wp-content\/uploads\/2017\/12\/2.png\" data-orig-src=\"http:\/\/liceofrancestenerife.es\/nuevaweb\/wp-content\/uploads\/2017\/12\/2.png\" alt=\"\" width=\"141\" height=\"22\" srcset=\"data:image\/svg+xml,%3Csvg%20xmlns%3D%27http%3A%2F%2Fwww.w3.org%2F2000%2Fsvg%27%20width%3D%27141%27%20height%3D%2722%27%20viewBox%3D%270%200%20141%2022%27%3E%3Crect%20width%3D%27141%27%20height%3D%2722%27%20fill-opacity%3D%220%22%2F%3E%3C%2Fsvg%3E\" data-srcset=\"https:\/\/liceofrancestenerife.es\/nuevaweb\/wp-content\/uploads\/2017\/12\/2-200x32.png 200w, https:\/\/liceofrancestenerife.es\/nuevaweb\/wp-content\/uploads\/2017\/12\/2-300x47.png 300w, https:\/\/liceofrancestenerife.es\/nuevaweb\/wp-content\/uploads\/2017\/12\/2-400x63.png 400w, https:\/\/liceofrancestenerife.es\/nuevaweb\/wp-content\/uploads\/2017\/12\/2-600x95.png 600w, https:\/\/liceofrancestenerife.es\/nuevaweb\/wp-content\/uploads\/2017\/12\/2.png 741w\" data-sizes=\"auto\" data-orig-sizes=\"(max-width: 141px) 100vw, 141px\" \/><\/p>\n<p>&nbsp;<\/p>\n<h3 style=\"padding-left: 30px;\"><strong>No\u00ebl<\/strong><\/h3>\n<p style=\"padding-left: 30px;\"><em>No\u00ebl c\u2019est les cadeaux et les surprises<\/em><br \/>\n<em> No\u00ebl c\u2019est la famille et la paix<\/em><br \/>\n<em> Il y a des lumi\u00e8res et des guirlandes dans les villes<\/em><br \/>\n<em> Il y a de la chaleur et de la beaut\u00e9<\/em><br \/>\n<em> Demain le 25 d\u00e9cembre il y aura des bonhommes de neige<\/em><br \/>\n<em> Demain il y aura du chocolat<\/em><br \/>\n<em> La nuit du 24 d\u00e9cembre, un jour en famille<\/em><br \/>\n<em> La nuit du 24 d\u00e9cembre, il y aura de la musique<\/em><br \/>\n<em> Le jour de No\u00ebl est merveilleux.<\/em><\/p>\n<h4 style=\"padding-left: 30px; text-align: center;\"><em>Luna<\/em><\/h4>\n<p><img decoding=\"async\" class=\"lazyload aligncenter wp-image-19796\" src=\"http:\/\/liceofrancestenerife.es\/nuevaweb\/wp-content\/uploads\/2017\/12\/2.png\" data-orig-src=\"http:\/\/liceofrancestenerife.es\/nuevaweb\/wp-content\/uploads\/2017\/12\/2.png\" alt=\"\" width=\"141\" height=\"22\" srcset=\"data:image\/svg+xml,%3Csvg%20xmlns%3D%27http%3A%2F%2Fwww.w3.org%2F2000%2Fsvg%27%20width%3D%27141%27%20height%3D%2722%27%20viewBox%3D%270%200%20141%2022%27%3E%3Crect%20width%3D%27141%27%20height%3D%2722%27%20fill-opacity%3D%220%22%2F%3E%3C%2Fsvg%3E\" data-srcset=\"https:\/\/liceofrancestenerife.es\/nuevaweb\/wp-content\/uploads\/2017\/12\/2-200x32.png 200w, https:\/\/liceofrancestenerife.es\/nuevaweb\/wp-content\/uploads\/2017\/12\/2-300x47.png 300w, https:\/\/liceofrancestenerife.es\/nuevaweb\/wp-content\/uploads\/2017\/12\/2-400x63.png 400w, https:\/\/liceofrancestenerife.es\/nuevaweb\/wp-content\/uploads\/2017\/12\/2-600x95.png 600w, https:\/\/liceofrancestenerife.es\/nuevaweb\/wp-content\/uploads\/2017\/12\/2.png 741w\" data-sizes=\"auto\" data-orig-sizes=\"(max-width: 141px) 100vw, 141px\" \/><\/p>\n<p>&nbsp;<\/p>\n<h3 style=\"padding-left: 30px;\"><strong>La nuit de no\u00ebl<\/strong><\/h3>\n<p style=\"padding-left: 30px;\"><em>Dans la chemin\u00e9e o\u00f9 passe le p\u00e8re no\u00ebl.<\/em><br \/>\n<em> Laissant tous les beaux jouets.<\/em><br \/>\n<em> La lumi\u00e8re o\u00f9 tu vois le tra\u00eeneau.<\/em><br \/>\n<em> Le sac gros et brillant.<\/em><br \/>\n<em> Les jouets, l&#8217;enfant qui chante de plaisir.<\/em><br \/>\n<em> La famille et la nuit dans laquelle tu entends la musique.<\/em><\/p>\n<h4 style=\"padding-left: 30px; text-align: center;\"><em>Camilla<\/em><\/h4>\n<p><img decoding=\"async\" class=\"lazyload aligncenter wp-image-19796\" src=\"http:\/\/liceofrancestenerife.es\/nuevaweb\/wp-content\/uploads\/2017\/12\/2.png\" data-orig-src=\"http:\/\/liceofrancestenerife.es\/nuevaweb\/wp-content\/uploads\/2017\/12\/2.png\" alt=\"\" width=\"141\" height=\"22\" srcset=\"data:image\/svg+xml,%3Csvg%20xmlns%3D%27http%3A%2F%2Fwww.w3.org%2F2000%2Fsvg%27%20width%3D%27141%27%20height%3D%2722%27%20viewBox%3D%270%200%20141%2022%27%3E%3Crect%20width%3D%27141%27%20height%3D%2722%27%20fill-opacity%3D%220%22%2F%3E%3C%2Fsvg%3E\" data-srcset=\"https:\/\/liceofrancestenerife.es\/nuevaweb\/wp-content\/uploads\/2017\/12\/2-200x32.png 200w, https:\/\/liceofrancestenerife.es\/nuevaweb\/wp-content\/uploads\/2017\/12\/2-300x47.png 300w, https:\/\/liceofrancestenerife.es\/nuevaweb\/wp-content\/uploads\/2017\/12\/2-400x63.png 400w, https:\/\/liceofrancestenerife.es\/nuevaweb\/wp-content\/uploads\/2017\/12\/2-600x95.png 600w, https:\/\/liceofrancestenerife.es\/nuevaweb\/wp-content\/uploads\/2017\/12\/2.png 741w\" data-sizes=\"auto\" data-orig-sizes=\"(max-width: 141px) 100vw, 141px\" \/><\/p>\n<p>&nbsp;<\/p>\n<h3 style=\"padding-left: 30px;\"><strong>La joie de no\u00ebl<\/strong><\/h3>\n<p style=\"padding-left: 30px;\"><em>Un jour il y a des cadeaux<\/em><br \/>\n<em> Un jour il y a de la solidarit\u00e9<\/em><br \/>\n<em> Un jour on mange trop<\/em><br \/>\n<em> Un jour on est en famille<\/em><br \/>\n<em> Un jour on termine le calendrier de l\u00b4avent<\/em><br \/>\n<em> Un jour il y a de la neige<\/em><br \/>\n<em> Un jour on fait le sapin<\/em><br \/>\n<em> Un jour on met du lait<\/em><br \/>\n<em> Au pied du sapin<\/em><br \/>\n<em> Un jour on partage<\/em><br \/>\n<em> Un jour il y a une surprise<\/em><br \/>\n<em> Ce jour s\u00b4appelle no\u00ebl<\/em><\/p>\n<h4 style=\"padding-left: 30px; text-align: center;\"><em>Amelia<\/em><\/h4>\n<p><img decoding=\"async\" class=\"lazyload aligncenter wp-image-19796\" src=\"http:\/\/liceofrancestenerife.es\/nuevaweb\/wp-content\/uploads\/2017\/12\/2.png\" data-orig-src=\"http:\/\/liceofrancestenerife.es\/nuevaweb\/wp-content\/uploads\/2017\/12\/2.png\" alt=\"\" width=\"141\" height=\"22\" srcset=\"data:image\/svg+xml,%3Csvg%20xmlns%3D%27http%3A%2F%2Fwww.w3.org%2F2000%2Fsvg%27%20width%3D%27141%27%20height%3D%2722%27%20viewBox%3D%270%200%20141%2022%27%3E%3Crect%20width%3D%27141%27%20height%3D%2722%27%20fill-opacity%3D%220%22%2F%3E%3C%2Fsvg%3E\" data-srcset=\"https:\/\/liceofrancestenerife.es\/nuevaweb\/wp-content\/uploads\/2017\/12\/2-200x32.png 200w, https:\/\/liceofrancestenerife.es\/nuevaweb\/wp-content\/uploads\/2017\/12\/2-300x47.png 300w, https:\/\/liceofrancestenerife.es\/nuevaweb\/wp-content\/uploads\/2017\/12\/2-400x63.png 400w, https:\/\/liceofrancestenerife.es\/nuevaweb\/wp-content\/uploads\/2017\/12\/2-600x95.png 600w, https:\/\/liceofrancestenerife.es\/nuevaweb\/wp-content\/uploads\/2017\/12\/2.png 741w\" data-sizes=\"auto\" data-orig-sizes=\"(max-width: 141px) 100vw, 141px\" \/><\/p>\n<p>&nbsp;<\/p>\n<h3 style=\"padding-left: 30px;\"><strong>No\u00ebl<\/strong><\/h3>\n<p style=\"padding-left: 30px;\"><em>C&#8217;est l&#8217;amour<\/em><br \/>\n<em> C&#8217;est la paix<\/em><br \/>\n<em> Les guerres peuvent-elles s&#8217;arr\u00eater ?<\/em><br \/>\n<em> Aujourd&#8217;hui ce sont les sourires qui r\u00e8gnent,<\/em><br \/>\n<em> La fraternit\u00e9,<\/em><br \/>\n<em> L&#8217;\u00e9galit\u00e9.<\/em><br \/>\n<em> Aujourd&#8217;hui les cadeaux<\/em><br \/>\n<em> Les bonbons<\/em><br \/>\n<em> La libert\u00e9.<\/em><br \/>\n<em> Je r\u00eave de voir tous les jours comme celui l\u00e0<\/em><br \/>\n<em> Car aujourd&#8217;hui c&#8217;est No\u00ebl.<\/em><\/p>\n<h4 style=\"padding-left: 30px; text-align: center;\"><em>Isabel<\/em><\/h4>\n<p><img decoding=\"async\" class=\"lazyload aligncenter wp-image-19796\" src=\"http:\/\/liceofrancestenerife.es\/nuevaweb\/wp-content\/uploads\/2017\/12\/2.png\" data-orig-src=\"http:\/\/liceofrancestenerife.es\/nuevaweb\/wp-content\/uploads\/2017\/12\/2.png\" alt=\"\" width=\"141\" height=\"22\" srcset=\"data:image\/svg+xml,%3Csvg%20xmlns%3D%27http%3A%2F%2Fwww.w3.org%2F2000%2Fsvg%27%20width%3D%27141%27%20height%3D%2722%27%20viewBox%3D%270%200%20141%2022%27%3E%3Crect%20width%3D%27141%27%20height%3D%2722%27%20fill-opacity%3D%220%22%2F%3E%3C%2Fsvg%3E\" data-srcset=\"https:\/\/liceofrancestenerife.es\/nuevaweb\/wp-content\/uploads\/2017\/12\/2-200x32.png 200w, https:\/\/liceofrancestenerife.es\/nuevaweb\/wp-content\/uploads\/2017\/12\/2-300x47.png 300w, https:\/\/liceofrancestenerife.es\/nuevaweb\/wp-content\/uploads\/2017\/12\/2-400x63.png 400w, https:\/\/liceofrancestenerife.es\/nuevaweb\/wp-content\/uploads\/2017\/12\/2-600x95.png 600w, https:\/\/liceofrancestenerife.es\/nuevaweb\/wp-content\/uploads\/2017\/12\/2.png 741w\" data-sizes=\"auto\" data-orig-sizes=\"(max-width: 141px) 100vw, 141px\" \/><\/p>\n<p>&nbsp;<\/p>\n<h3 style=\"padding-left: 30px;\"><strong>Mon petit No\u00ebl<\/strong><\/h3>\n<p style=\"padding-left: 30px;\"><em>Mon petit p\u00e8re No\u00ebl qui vit avec les rennes<\/em><br \/>\n<em> Mon petit sapin qui ne dort pas<\/em><br \/>\n<em> Mon petit feu qui me r\u00e9chauffe<\/em><br \/>\n<em> Mon petit lutin qui ne fait rien<\/em><br \/>\n<em> Ma petite souris qui dort toute la nuit<\/em><br \/>\n<em> Et mon No\u00ebl qui est \u00e9ternel<\/em><\/p>\n<h4 style=\"padding-left: 30px; text-align: center;\"><em>Carlota R.<\/em><\/h4>\n<p><img decoding=\"async\" class=\"lazyload aligncenter wp-image-19796\" src=\"http:\/\/liceofrancestenerife.es\/nuevaweb\/wp-content\/uploads\/2017\/12\/2.png\" data-orig-src=\"http:\/\/liceofrancestenerife.es\/nuevaweb\/wp-content\/uploads\/2017\/12\/2.png\" alt=\"\" width=\"141\" height=\"22\" srcset=\"data:image\/svg+xml,%3Csvg%20xmlns%3D%27http%3A%2F%2Fwww.w3.org%2F2000%2Fsvg%27%20width%3D%27141%27%20height%3D%2722%27%20viewBox%3D%270%200%20141%2022%27%3E%3Crect%20width%3D%27141%27%20height%3D%2722%27%20fill-opacity%3D%220%22%2F%3E%3C%2Fsvg%3E\" data-srcset=\"https:\/\/liceofrancestenerife.es\/nuevaweb\/wp-content\/uploads\/2017\/12\/2-200x32.png 200w, https:\/\/liceofrancestenerife.es\/nuevaweb\/wp-content\/uploads\/2017\/12\/2-300x47.png 300w, https:\/\/liceofrancestenerife.es\/nuevaweb\/wp-content\/uploads\/2017\/12\/2-400x63.png 400w, https:\/\/liceofrancestenerife.es\/nuevaweb\/wp-content\/uploads\/2017\/12\/2-600x95.png 600w, https:\/\/liceofrancestenerife.es\/nuevaweb\/wp-content\/uploads\/2017\/12\/2.png 741w\" data-sizes=\"auto\" data-orig-sizes=\"(max-width: 141px) 100vw, 141px\" \/><\/p>\n<p>&nbsp;<\/p>\n<h3 style=\"padding-left: 30px;\"><strong>Le miracle de No\u00ebl<\/strong><\/h3>\n<p style=\"padding-left: 30px;\"><em>Je r\u00eave du jour de No\u00ebl<\/em><br \/>\n<em> Je r\u00eave du jour o\u00f9 tout le monde sera en paix<\/em><br \/>\n<em> Je r\u00eave de tout le monde f\u00eatant ce jour de joie<\/em><br \/>\n<em> Demain sera ce magnifique jour de No\u00ebl<\/em><br \/>\n<em> O\u00f9 tous les enfants du monde seront joyeux<\/em><br \/>\n<em> Demain tout sera magnifique<\/em><br \/>\n<em> Demain les miracles se r\u00e9aliseront.<\/em><\/p>\n<h4 style=\"padding-left: 30px; text-align: center;\"><em>Carlota D.<\/em><\/h4>\n<p><img decoding=\"async\" class=\"lazyload aligncenter wp-image-19796\" src=\"http:\/\/liceofrancestenerife.es\/nuevaweb\/wp-content\/uploads\/2017\/12\/2.png\" data-orig-src=\"http:\/\/liceofrancestenerife.es\/nuevaweb\/wp-content\/uploads\/2017\/12\/2.png\" alt=\"\" width=\"141\" height=\"22\" srcset=\"data:image\/svg+xml,%3Csvg%20xmlns%3D%27http%3A%2F%2Fwww.w3.org%2F2000%2Fsvg%27%20width%3D%27141%27%20height%3D%2722%27%20viewBox%3D%270%200%20141%2022%27%3E%3Crect%20width%3D%27141%27%20height%3D%2722%27%20fill-opacity%3D%220%22%2F%3E%3C%2Fsvg%3E\" data-srcset=\"https:\/\/liceofrancestenerife.es\/nuevaweb\/wp-content\/uploads\/2017\/12\/2-200x32.png 200w, https:\/\/liceofrancestenerife.es\/nuevaweb\/wp-content\/uploads\/2017\/12\/2-300x47.png 300w, https:\/\/liceofrancestenerife.es\/nuevaweb\/wp-content\/uploads\/2017\/12\/2-400x63.png 400w, https:\/\/liceofrancestenerife.es\/nuevaweb\/wp-content\/uploads\/2017\/12\/2-600x95.png 600w, https:\/\/liceofrancestenerife.es\/nuevaweb\/wp-content\/uploads\/2017\/12\/2.png 741w\" data-sizes=\"auto\" data-orig-sizes=\"(max-width: 141px) 100vw, 141px\" \/><\/p>\n<p>&nbsp;<\/p>\n<h3 style=\"padding-left: 30px;\"><strong>No\u00ebl<\/strong><\/h3>\n<p style=\"padding-left: 30px;\"><em>No\u00ebl c\u2019est la joie et l\u2019amour.<\/em><br \/>\n<em> No\u00ebl c\u2019est une vielle tradition heureuse.<\/em><br \/>\n<em> No\u00ebl c\u2019est la magie et la fleur de la vie.<\/em><br \/>\n<em> No\u00ebl c\u2019est la f\u00eate et les amis.<\/em><br \/>\n<em> No\u00ebl c\u2019est la famille et les jouets.<\/em><br \/>\n<em> No\u00ebl c\u2019est le miracle de l\u2019hiver.<\/em><br \/>\n<em> No\u00ebl c\u2019est les merveilles et la naissance du petit J\u00e9sus.<\/em><br \/>\n<em> No\u00ebl c\u2019est le 25 d\u00e9cembre.<\/em><\/p>\n<h4 style=\"padding-left: 30px; text-align: center;\"><em>Hugo<\/em><\/h4>\n<p><img decoding=\"async\" class=\"lazyload aligncenter wp-image-19796\" src=\"http:\/\/liceofrancestenerife.es\/nuevaweb\/wp-content\/uploads\/2017\/12\/2.png\" data-orig-src=\"http:\/\/liceofrancestenerife.es\/nuevaweb\/wp-content\/uploads\/2017\/12\/2.png\" alt=\"\" width=\"141\" height=\"22\" srcset=\"data:image\/svg+xml,%3Csvg%20xmlns%3D%27http%3A%2F%2Fwww.w3.org%2F2000%2Fsvg%27%20width%3D%27141%27%20height%3D%2722%27%20viewBox%3D%270%200%20141%2022%27%3E%3Crect%20width%3D%27141%27%20height%3D%2722%27%20fill-opacity%3D%220%22%2F%3E%3C%2Fsvg%3E\" data-srcset=\"https:\/\/liceofrancestenerife.es\/nuevaweb\/wp-content\/uploads\/2017\/12\/2-200x32.png 200w, https:\/\/liceofrancestenerife.es\/nuevaweb\/wp-content\/uploads\/2017\/12\/2-300x47.png 300w, https:\/\/liceofrancestenerife.es\/nuevaweb\/wp-content\/uploads\/2017\/12\/2-400x63.png 400w, https:\/\/liceofrancestenerife.es\/nuevaweb\/wp-content\/uploads\/2017\/12\/2-600x95.png 600w, https:\/\/liceofrancestenerife.es\/nuevaweb\/wp-content\/uploads\/2017\/12\/2.png 741w\" data-sizes=\"auto\" data-orig-sizes=\"(max-width: 141px) 100vw, 141px\" \/><\/p>\n<p>&nbsp;<\/p>\n<h3 style=\"padding-left: 30px;\"><strong>No\u00ebl<\/strong><\/h3>\n<p style=\"padding-left: 30px;\"><em>No\u00ebl est merveilleux<\/em><br \/>\n<em> No\u00ebl est un jour plein d\u2019amour<\/em><br \/>\n<em> No\u00ebl est une tradition de bonheur<\/em><br \/>\n<em> No\u00ebl est un jour de paix<\/em><br \/>\n<em> Le 25 d\u00e9cembre est un jour de sourire<\/em><br \/>\n<em> Et tous les jours doivent \u00eatre merveilleux.<\/em><\/p>\n<h4 style=\"padding-left: 30px; text-align: center;\"><em>Jaime<\/em><\/h4>\n<p><img decoding=\"async\" class=\"lazyload aligncenter wp-image-19796\" src=\"http:\/\/liceofrancestenerife.es\/nuevaweb\/wp-content\/uploads\/2017\/12\/2.png\" data-orig-src=\"http:\/\/liceofrancestenerife.es\/nuevaweb\/wp-content\/uploads\/2017\/12\/2.png\" alt=\"\" width=\"141\" height=\"22\" srcset=\"data:image\/svg+xml,%3Csvg%20xmlns%3D%27http%3A%2F%2Fwww.w3.org%2F2000%2Fsvg%27%20width%3D%27141%27%20height%3D%2722%27%20viewBox%3D%270%200%20141%2022%27%3E%3Crect%20width%3D%27141%27%20height%3D%2722%27%20fill-opacity%3D%220%22%2F%3E%3C%2Fsvg%3E\" data-srcset=\"https:\/\/liceofrancestenerife.es\/nuevaweb\/wp-content\/uploads\/2017\/12\/2-200x32.png 200w, https:\/\/liceofrancestenerife.es\/nuevaweb\/wp-content\/uploads\/2017\/12\/2-300x47.png 300w, https:\/\/liceofrancestenerife.es\/nuevaweb\/wp-content\/uploads\/2017\/12\/2-400x63.png 400w, https:\/\/liceofrancestenerife.es\/nuevaweb\/wp-content\/uploads\/2017\/12\/2-600x95.png 600w, https:\/\/liceofrancestenerife.es\/nuevaweb\/wp-content\/uploads\/2017\/12\/2.png 741w\" data-sizes=\"auto\" data-orig-sizes=\"(max-width: 141px) 100vw, 141px\" \/><\/p>\n<p>&nbsp;<\/p>\n<h3 style=\"padding-left: 30px;\"><strong>Je r\u00eave de<\/strong><\/h3>\n<p style=\"padding-left: 30px;\"><em>Je r\u00eave de l\u00b4amour<\/em><br \/>\n<em> Je r\u00eave de l\u00b4espoir<\/em><br \/>\n<em> Je r\u00eave de tranquillit\u00e9<\/em><br \/>\n<em> Je r\u00eave des bons moments<\/em><br \/>\n<em> Et des cadeaux<\/em><br \/>\n<em> Je r\u00eave de ma famille<\/em><br \/>\n<em> Et de sa sant\u00e9<\/em><br \/>\n<em> Je r\u00eave de bonheur<\/em><br \/>\n<em> Et de f\u00e9licit\u00e9<\/em><\/p>\n<h4 style=\"padding-left: 30px; text-align: center;\"><em>Pablo<\/em><\/h4>\n<p><img decoding=\"async\" class=\"lazyload aligncenter wp-image-19796\" src=\"http:\/\/liceofrancestenerife.es\/nuevaweb\/wp-content\/uploads\/2017\/12\/2.png\" data-orig-src=\"http:\/\/liceofrancestenerife.es\/nuevaweb\/wp-content\/uploads\/2017\/12\/2.png\" alt=\"\" width=\"141\" height=\"22\" srcset=\"data:image\/svg+xml,%3Csvg%20xmlns%3D%27http%3A%2F%2Fwww.w3.org%2F2000%2Fsvg%27%20width%3D%27141%27%20height%3D%2722%27%20viewBox%3D%270%200%20141%2022%27%3E%3Crect%20width%3D%27141%27%20height%3D%2722%27%20fill-opacity%3D%220%22%2F%3E%3C%2Fsvg%3E\" data-srcset=\"https:\/\/liceofrancestenerife.es\/nuevaweb\/wp-content\/uploads\/2017\/12\/2-200x32.png 200w, https:\/\/liceofrancestenerife.es\/nuevaweb\/wp-content\/uploads\/2017\/12\/2-300x47.png 300w, https:\/\/liceofrancestenerife.es\/nuevaweb\/wp-content\/uploads\/2017\/12\/2-400x63.png 400w, https:\/\/liceofrancestenerife.es\/nuevaweb\/wp-content\/uploads\/2017\/12\/2-600x95.png 600w, https:\/\/liceofrancestenerife.es\/nuevaweb\/wp-content\/uploads\/2017\/12\/2.png 741w\" data-sizes=\"auto\" data-orig-sizes=\"(max-width: 141px) 100vw, 141px\" \/><\/p>\n<p>&nbsp;<\/p>\n<h3 style=\"padding-left: 30px;\"><strong>No\u00ebl<\/strong><\/h3>\n<p style=\"padding-left: 30px;\"><em>No\u00ebl c\u2019est un cadeau<\/em><br \/>\n<em> Le premier cadeau c\u2019est l\u2019amour<\/em><br \/>\n<em> Le deuxi\u00e8me cadeau c\u2019est le bon sens<\/em><br \/>\n<em> Le troisi\u00e8me cadeau c\u2019est le bonheur<\/em><br \/>\n<em> Le quatri\u00e8me cadeau c\u2019est la famille<\/em><br \/>\n<em> Et le cinqui\u00e8me cadeau, c\u2019est no\u00ebl.<\/em><\/p>\n<h4 style=\"padding-left: 30px; text-align: center;\"><em>Diego<\/em><\/h4>\n<p><img decoding=\"async\" class=\"lazyload aligncenter wp-image-19796\" src=\"http:\/\/liceofrancestenerife.es\/nuevaweb\/wp-content\/uploads\/2017\/12\/2.png\" data-orig-src=\"http:\/\/liceofrancestenerife.es\/nuevaweb\/wp-content\/uploads\/2017\/12\/2.png\" alt=\"\" width=\"141\" height=\"22\" srcset=\"data:image\/svg+xml,%3Csvg%20xmlns%3D%27http%3A%2F%2Fwww.w3.org%2F2000%2Fsvg%27%20width%3D%27141%27%20height%3D%2722%27%20viewBox%3D%270%200%20141%2022%27%3E%3Crect%20width%3D%27141%27%20height%3D%2722%27%20fill-opacity%3D%220%22%2F%3E%3C%2Fsvg%3E\" data-srcset=\"https:\/\/liceofrancestenerife.es\/nuevaweb\/wp-content\/uploads\/2017\/12\/2-200x32.png 200w, https:\/\/liceofrancestenerife.es\/nuevaweb\/wp-content\/uploads\/2017\/12\/2-300x47.png 300w, https:\/\/liceofrancestenerife.es\/nuevaweb\/wp-content\/uploads\/2017\/12\/2-400x63.png 400w, https:\/\/liceofrancestenerife.es\/nuevaweb\/wp-content\/uploads\/2017\/12\/2-600x95.png 600w, https:\/\/liceofrancestenerife.es\/nuevaweb\/wp-content\/uploads\/2017\/12\/2.png 741w\" data-sizes=\"auto\" data-orig-sizes=\"(max-width: 141px) 100vw, 141px\" \/><\/p>\n<p>&nbsp;<\/p>\n<h3 style=\"padding-left: 30px;\"><strong>No\u00ebl<\/strong><\/h3>\n<p style=\"padding-left: 30px;\"><em>Il y a des guerres<\/em><br \/>\n<em> Il y a du machisme<\/em><br \/>\n<em> Il y a des voleurs<\/em><br \/>\n<em> Pourquoi pas de l\u2019amour<\/em><br \/>\n<em> Pourquoi pas de l\u2019\u00e9galit\u00e9<\/em><br \/>\n<em> Pourquoi pas du bonheur<\/em><br \/>\n<em> Il y a des pauvres<\/em><br \/>\n<em> Il y a des silences<\/em><br \/>\n<em> Il y a de l\u2019injustice<\/em><br \/>\n<em> Pourquoi pas de solidarit\u00e9<\/em><br \/>\n<em> Pourquoi pas des chants<\/em><br \/>\n<em> Pourquoi pas de justice<\/em><br \/>\n<em> Il y a des morts<\/em><br \/>\n<em> Il y a de l\u2019obscurit\u00e9<\/em><br \/>\n<em> Il y a des ennemis<\/em><br \/>\n<em> Pourquoi pas de vie<\/em><br \/>\n<em> Pourquoi pas de lumi\u00e8re<\/em><br \/>\n<em> Pourquoi pas d\u2019amis<\/em><\/p>\n<h4 style=\"padding-left: 30px; text-align: center;\"><em>Mariana<\/em><\/h4>\n<p><img decoding=\"async\" class=\"lazyload aligncenter wp-image-19796\" src=\"http:\/\/liceofrancestenerife.es\/nuevaweb\/wp-content\/uploads\/2017\/12\/2.png\" data-orig-src=\"http:\/\/liceofrancestenerife.es\/nuevaweb\/wp-content\/uploads\/2017\/12\/2.png\" alt=\"\" width=\"141\" height=\"22\" srcset=\"data:image\/svg+xml,%3Csvg%20xmlns%3D%27http%3A%2F%2Fwww.w3.org%2F2000%2Fsvg%27%20width%3D%27141%27%20height%3D%2722%27%20viewBox%3D%270%200%20141%2022%27%3E%3Crect%20width%3D%27141%27%20height%3D%2722%27%20fill-opacity%3D%220%22%2F%3E%3C%2Fsvg%3E\" data-srcset=\"https:\/\/liceofrancestenerife.es\/nuevaweb\/wp-content\/uploads\/2017\/12\/2-200x32.png 200w, https:\/\/liceofrancestenerife.es\/nuevaweb\/wp-content\/uploads\/2017\/12\/2-300x47.png 300w, https:\/\/liceofrancestenerife.es\/nuevaweb\/wp-content\/uploads\/2017\/12\/2-400x63.png 400w, https:\/\/liceofrancestenerife.es\/nuevaweb\/wp-content\/uploads\/2017\/12\/2-600x95.png 600w, https:\/\/liceofrancestenerife.es\/nuevaweb\/wp-content\/uploads\/2017\/12\/2.png 741w\" data-sizes=\"auto\" data-orig-sizes=\"(max-width: 141px) 100vw, 141px\" \/><\/p>\n<p>&nbsp;<\/p>\n<h3 style=\"padding-left: 30px;\"><strong>Souviens-toi de No\u00ebl<\/strong><\/h3>\n<p style=\"padding-left: 30px;\"><em>Souviens-toi de la musique<\/em><br \/>\n<em> Souviens-toi des rennes qui voyagent<\/em><br \/>\n<em> Souviens-toi des jouets<\/em><br \/>\n<em> Souviens-toi des elfes qui fabriquent les cadeaux<\/em><br \/>\n<em> Souviens-toi de l\u00b4hiver et de la neige<\/em><br \/>\n<em> Souviens-toi du feu qui r\u00e9chauffe<\/em><br \/>\n<em> Souviens-toi des surprises et des richesses<\/em><br \/>\n<em> Souviens-toi des bonhommes de neige<\/em><br \/>\n<em> Souviens-toi de l\u00b4amour et des chocolats<\/em><br \/>\n<em> Demain tout ne sera que magie<\/em><\/p>\n<h4 style=\"padding-left: 30px; text-align: center;\"><em>Andrea J.<\/em><\/h4>\n<p><img decoding=\"async\" class=\"lazyload aligncenter wp-image-19796\" src=\"http:\/\/liceofrancestenerife.es\/nuevaweb\/wp-content\/uploads\/2017\/12\/2.png\" data-orig-src=\"http:\/\/liceofrancestenerife.es\/nuevaweb\/wp-content\/uploads\/2017\/12\/2.png\" alt=\"\" width=\"141\" height=\"22\" srcset=\"data:image\/svg+xml,%3Csvg%20xmlns%3D%27http%3A%2F%2Fwww.w3.org%2F2000%2Fsvg%27%20width%3D%27141%27%20height%3D%2722%27%20viewBox%3D%270%200%20141%2022%27%3E%3Crect%20width%3D%27141%27%20height%3D%2722%27%20fill-opacity%3D%220%22%2F%3E%3C%2Fsvg%3E\" data-srcset=\"https:\/\/liceofrancestenerife.es\/nuevaweb\/wp-content\/uploads\/2017\/12\/2-200x32.png 200w, https:\/\/liceofrancestenerife.es\/nuevaweb\/wp-content\/uploads\/2017\/12\/2-300x47.png 300w, https:\/\/liceofrancestenerife.es\/nuevaweb\/wp-content\/uploads\/2017\/12\/2-400x63.png 400w, https:\/\/liceofrancestenerife.es\/nuevaweb\/wp-content\/uploads\/2017\/12\/2-600x95.png 600w, https:\/\/liceofrancestenerife.es\/nuevaweb\/wp-content\/uploads\/2017\/12\/2.png 741w\" data-sizes=\"auto\" data-orig-sizes=\"(max-width: 141px) 100vw, 141px\" \/><\/p>\n<p>&nbsp;<\/p>\n<h3 style=\"padding-left: 30px;\"><strong>La magie de No\u00ebl<\/strong><\/h3>\n<p style=\"padding-left: 30px;\"><em>Je r\u00eave de l&#8217;arriv\u00e9e de No\u00ebl<\/em><br \/>\n<em> Pour pouvoir voir des elfes<\/em><br \/>\n<em> Et la magie de No\u00ebl<\/em><\/p>\n<p style=\"padding-left: 30px;\"><em>Je r\u00eave d&#8217;avoir froid<\/em><br \/>\n<em> Et me r\u00e9chauffer avec mon chocolat<\/em><\/p>\n<p style=\"padding-left: 30px;\"><em>Je r\u00eave de sourire et de rire avec mes amis<\/em><br \/>\n<em> De manger du chocolat en regardant<\/em><br \/>\n<em> La neige tomber.<\/em><\/p>\n<h4 style=\"padding-left: 30px; text-align: center;\"><em>Daniela<\/em><\/h4>\n<p><img decoding=\"async\" class=\"lazyload aligncenter wp-image-19796\" src=\"http:\/\/liceofrancestenerife.es\/nuevaweb\/wp-content\/uploads\/2017\/12\/2.png\" data-orig-src=\"http:\/\/liceofrancestenerife.es\/nuevaweb\/wp-content\/uploads\/2017\/12\/2.png\" alt=\"\" width=\"141\" height=\"22\" srcset=\"data:image\/svg+xml,%3Csvg%20xmlns%3D%27http%3A%2F%2Fwww.w3.org%2F2000%2Fsvg%27%20width%3D%27141%27%20height%3D%2722%27%20viewBox%3D%270%200%20141%2022%27%3E%3Crect%20width%3D%27141%27%20height%3D%2722%27%20fill-opacity%3D%220%22%2F%3E%3C%2Fsvg%3E\" data-srcset=\"https:\/\/liceofrancestenerife.es\/nuevaweb\/wp-content\/uploads\/2017\/12\/2-200x32.png 200w, https:\/\/liceofrancestenerife.es\/nuevaweb\/wp-content\/uploads\/2017\/12\/2-300x47.png 300w, https:\/\/liceofrancestenerife.es\/nuevaweb\/wp-content\/uploads\/2017\/12\/2-400x63.png 400w, https:\/\/liceofrancestenerife.es\/nuevaweb\/wp-content\/uploads\/2017\/12\/2-600x95.png 600w, https:\/\/liceofrancestenerife.es\/nuevaweb\/wp-content\/uploads\/2017\/12\/2.png 741w\" data-sizes=\"auto\" data-orig-sizes=\"(max-width: 141px) 100vw, 141px\" \/><\/p>\n<p>&nbsp;<\/p>\n<h3 style=\"padding-left: 30px;\"><strong>No\u00ebl<\/strong><\/h3>\n<p style=\"padding-left: 30px;\"><em>Demain c&#8217;est No\u00ebl<\/em><br \/>\n<em> Pourquoi n&#8217;es-tu pas content\u00a0?<\/em><br \/>\n<em> Demain cela s&#8217;arr\u00eatera,<\/em><br \/>\n<em> Demain les fusils se tairont<\/em><br \/>\n<em> Tous les beaux chants, les cadeaux, les lumi\u00e8res\u2026<\/em><br \/>\n<em> La maison, \u00eatre en famille, le feu dans la chemin\u00e9e,<\/em><br \/>\n<em> La veill\u00e9e, les biscuits, les bonhommes de neige<\/em><br \/>\n<em> Mais surtout crois aux miracles de No\u00ebl.<\/em><\/p>\n<h4 style=\"padding-left: 30px; text-align: center;\"><em>Clarisse<\/em><\/h4>\n<p><img decoding=\"async\" class=\"lazyload aligncenter wp-image-19796\" src=\"http:\/\/liceofrancestenerife.es\/nuevaweb\/wp-content\/uploads\/2017\/12\/2.png\" data-orig-src=\"http:\/\/liceofrancestenerife.es\/nuevaweb\/wp-content\/uploads\/2017\/12\/2.png\" alt=\"\" width=\"141\" height=\"22\" srcset=\"data:image\/svg+xml,%3Csvg%20xmlns%3D%27http%3A%2F%2Fwww.w3.org%2F2000%2Fsvg%27%20width%3D%27141%27%20height%3D%2722%27%20viewBox%3D%270%200%20141%2022%27%3E%3Crect%20width%3D%27141%27%20height%3D%2722%27%20fill-opacity%3D%220%22%2F%3E%3C%2Fsvg%3E\" data-srcset=\"https:\/\/liceofrancestenerife.es\/nuevaweb\/wp-content\/uploads\/2017\/12\/2-200x32.png 200w, https:\/\/liceofrancestenerife.es\/nuevaweb\/wp-content\/uploads\/2017\/12\/2-300x47.png 300w, https:\/\/liceofrancestenerife.es\/nuevaweb\/wp-content\/uploads\/2017\/12\/2-400x63.png 400w, https:\/\/liceofrancestenerife.es\/nuevaweb\/wp-content\/uploads\/2017\/12\/2-600x95.png 600w, https:\/\/liceofrancestenerife.es\/nuevaweb\/wp-content\/uploads\/2017\/12\/2.png 741w\" data-sizes=\"auto\" data-orig-sizes=\"(max-width: 141px) 100vw, 141px\" \/><\/p>\n<p>&nbsp;<\/p>\n<h3 style=\"padding-left: 30px;\"><strong>No\u00ebl<\/strong><\/h3>\n<p style=\"padding-left: 30px;\"><em>Demain tous les cadeaux vont \u00eatre \u00e0 c\u00f4t\u00e9 du sapin<\/em><\/p>\n<p style=\"padding-left: 30px;\"><em>Je r\u00eave de voir le p\u00e8re no\u00ebl et ses lutins<\/em><\/p>\n<p style=\"padding-left: 30px;\"><em>Demain on sera r\u00e9uni en famille pour manger et faire la f\u00eate<\/em><\/p>\n<p style=\"padding-left: 30px;\"><em>Je r\u00eave du p\u00e8re no\u00ebl et de ses rennes<\/em><\/p>\n<p style=\"padding-left: 30px;\"><em>Demain on va ouvrir toutes les surprises que nous auront donn\u00e9es les elfes<\/em><\/p>\n<p style=\"padding-left: 30px;\"><em>Et ils s&#8217;en iront au p\u00f4le nord avec des biscuits et du lait.<\/em><\/p>\n<h4 style=\"padding-left: 30px; text-align: center;\"><em>Sergio<\/em><\/h4>\n<p><img decoding=\"async\" class=\"lazyload aligncenter wp-image-19796\" src=\"http:\/\/liceofrancestenerife.es\/nuevaweb\/wp-content\/uploads\/2017\/12\/2.png\" data-orig-src=\"http:\/\/liceofrancestenerife.es\/nuevaweb\/wp-content\/uploads\/2017\/12\/2.png\" alt=\"\" width=\"141\" height=\"22\" srcset=\"data:image\/svg+xml,%3Csvg%20xmlns%3D%27http%3A%2F%2Fwww.w3.org%2F2000%2Fsvg%27%20width%3D%27141%27%20height%3D%2722%27%20viewBox%3D%270%200%20141%2022%27%3E%3Crect%20width%3D%27141%27%20height%3D%2722%27%20fill-opacity%3D%220%22%2F%3E%3C%2Fsvg%3E\" data-srcset=\"https:\/\/liceofrancestenerife.es\/nuevaweb\/wp-content\/uploads\/2017\/12\/2-200x32.png 200w, https:\/\/liceofrancestenerife.es\/nuevaweb\/wp-content\/uploads\/2017\/12\/2-300x47.png 300w, https:\/\/liceofrancestenerife.es\/nuevaweb\/wp-content\/uploads\/2017\/12\/2-400x63.png 400w, https:\/\/liceofrancestenerife.es\/nuevaweb\/wp-content\/uploads\/2017\/12\/2-600x95.png 600w, https:\/\/liceofrancestenerife.es\/nuevaweb\/wp-content\/uploads\/2017\/12\/2.png 741w\" data-sizes=\"auto\" data-orig-sizes=\"(max-width: 141px) 100vw, 141px\" \/><\/p>\n<p>&nbsp;<\/p>\n<h3 style=\"padding-left: 30px;\"><strong>No\u00ebl<\/strong><\/h3>\n<p style=\"padding-left: 30px;\"><em>\u00c0 c\u00f4t\u00e9 du sapin<\/em><br \/>\n<em> Cadeaux et joie<\/em><br \/>\n<em> Aujourd&#8217;hui surprise<\/em><br \/>\n<em> Le P\u00e8re No\u00ebl revient<\/em><br \/>\n<em> Je r\u00eave des rennes et des cadeaux<\/em><br \/>\n<em> Je sais qu&#8217;une surprise arrive<\/em><br \/>\n<em> La famille et la paix<\/em><br \/>\n<em> De la neige et un peu de poudre magique<\/em><br \/>\n<em> Du plaisir et des chants<\/em><br \/>\n<em> C&#8217;est No\u00ebl avec plein de jouets \u00e0 partager<\/em><\/p>\n<h4 style=\"padding-left: 30px; text-align: center;\"><em>Ignacio<\/em><\/h4>\n<p><img decoding=\"async\" class=\"lazyload aligncenter wp-image-19796\" src=\"http:\/\/liceofrancestenerife.es\/nuevaweb\/wp-content\/uploads\/2017\/12\/2.png\" data-orig-src=\"http:\/\/liceofrancestenerife.es\/nuevaweb\/wp-content\/uploads\/2017\/12\/2.png\" alt=\"\" width=\"141\" height=\"22\" srcset=\"data:image\/svg+xml,%3Csvg%20xmlns%3D%27http%3A%2F%2Fwww.w3.org%2F2000%2Fsvg%27%20width%3D%27141%27%20height%3D%2722%27%20viewBox%3D%270%200%20141%2022%27%3E%3Crect%20width%3D%27141%27%20height%3D%2722%27%20fill-opacity%3D%220%22%2F%3E%3C%2Fsvg%3E\" data-srcset=\"https:\/\/liceofrancestenerife.es\/nuevaweb\/wp-content\/uploads\/2017\/12\/2-200x32.png 200w, https:\/\/liceofrancestenerife.es\/nuevaweb\/wp-content\/uploads\/2017\/12\/2-300x47.png 300w, https:\/\/liceofrancestenerife.es\/nuevaweb\/wp-content\/uploads\/2017\/12\/2-400x63.png 400w, https:\/\/liceofrancestenerife.es\/nuevaweb\/wp-content\/uploads\/2017\/12\/2-600x95.png 600w, https:\/\/liceofrancestenerife.es\/nuevaweb\/wp-content\/uploads\/2017\/12\/2.png 741w\" data-sizes=\"auto\" data-orig-sizes=\"(max-width: 141px) 100vw, 141px\" \/><\/p>\n<p>&nbsp;<\/p>\n<h3 style=\"padding-left: 30px;\"><strong>Demain No\u00ebl<\/strong><\/h3>\n<p style=\"padding-left: 30px;\"><em>Demain la paix<\/em><br \/>\n<em> Demain la richesse<\/em><br \/>\n<em> Demain vient le p\u00e8re No\u00ebl avec son chapeau<\/em><br \/>\n<em> Demain c\u00b4est le 24 d\u00e9cembre<\/em><br \/>\n<em> Demain je laisse ma lettre \u00e0 la poste<\/em><br \/>\n<em> Demain la magie<\/em><br \/>\n<em> Je r\u00eave qu\u00b4il neige \u00e0 Santa Cruz<\/em><br \/>\n<em> Je r\u00eave de voir mon grand-p\u00e8re<\/em><br \/>\n<em> Je r\u00eave des p\u00e2tisseries.<\/em><\/p>\n<h4 style=\"padding-left: 30px; text-align: center;\"><em>Ra\u00fal<\/em><\/h4>\n<p><img decoding=\"async\" class=\"lazyload aligncenter wp-image-19796\" src=\"http:\/\/liceofrancestenerife.es\/nuevaweb\/wp-content\/uploads\/2017\/12\/2.png\" data-orig-src=\"http:\/\/liceofrancestenerife.es\/nuevaweb\/wp-content\/uploads\/2017\/12\/2.png\" alt=\"\" width=\"141\" height=\"22\" srcset=\"data:image\/svg+xml,%3Csvg%20xmlns%3D%27http%3A%2F%2Fwww.w3.org%2F2000%2Fsvg%27%20width%3D%27141%27%20height%3D%2722%27%20viewBox%3D%270%200%20141%2022%27%3E%3Crect%20width%3D%27141%27%20height%3D%2722%27%20fill-opacity%3D%220%22%2F%3E%3C%2Fsvg%3E\" data-srcset=\"https:\/\/liceofrancestenerife.es\/nuevaweb\/wp-content\/uploads\/2017\/12\/2-200x32.png 200w, https:\/\/liceofrancestenerife.es\/nuevaweb\/wp-content\/uploads\/2017\/12\/2-300x47.png 300w, https:\/\/liceofrancestenerife.es\/nuevaweb\/wp-content\/uploads\/2017\/12\/2-400x63.png 400w, https:\/\/liceofrancestenerife.es\/nuevaweb\/wp-content\/uploads\/2017\/12\/2-600x95.png 600w, https:\/\/liceofrancestenerife.es\/nuevaweb\/wp-content\/uploads\/2017\/12\/2.png 741w\" data-sizes=\"auto\" data-orig-sizes=\"(max-width: 141px) 100vw, 141px\" \/><\/p>\n<p>&nbsp;<\/p>\n<h3 style=\"padding-left: 30px;\"><strong>N\u00d6EL<\/strong><\/h3>\n<p style=\"padding-left: 30px;\"><em>Il y a la guerre<\/em><br \/>\n<em> Il y a des voleurs<\/em><br \/>\n<em> Il y a des mauvaises choses<\/em><br \/>\n<em> Mais demain ce sera N\u00f6el<\/em><br \/>\n<em> Demain tout le monde sera en paix<\/em><br \/>\n<em> Je r\u00eave que les fusils se taisent<\/em><br \/>\n<em> Car demain ce sera N\u00f6el<\/em><br \/>\n<em> Peut-\u00eatre qu\u2019il y a des personnes qui veulent la guerre<\/em><br \/>\n<em> Peut-\u00eatre que les coeurs ne sont pas \u00e9gaux<\/em><br \/>\n<em> Mais un de ces jours la paix r\u00e8gnera<\/em><br \/>\n<em> Mais un de ces jours ce sera la joie<\/em><br \/>\n<em> Car demain ce sera N\u00f6el<\/em><\/p>\n<h4 style=\"padding-left: 30px; text-align: center;\"><em>\u00c1lvaro<\/em><\/h4>\n<p><img decoding=\"async\" class=\"lazyload aligncenter wp-image-19796\" src=\"http:\/\/liceofrancestenerife.es\/nuevaweb\/wp-content\/uploads\/2017\/12\/2.png\" data-orig-src=\"http:\/\/liceofrancestenerife.es\/nuevaweb\/wp-content\/uploads\/2017\/12\/2.png\" alt=\"\" width=\"141\" height=\"22\" srcset=\"data:image\/svg+xml,%3Csvg%20xmlns%3D%27http%3A%2F%2Fwww.w3.org%2F2000%2Fsvg%27%20width%3D%27141%27%20height%3D%2722%27%20viewBox%3D%270%200%20141%2022%27%3E%3Crect%20width%3D%27141%27%20height%3D%2722%27%20fill-opacity%3D%220%22%2F%3E%3C%2Fsvg%3E\" data-srcset=\"https:\/\/liceofrancestenerife.es\/nuevaweb\/wp-content\/uploads\/2017\/12\/2-200x32.png 200w, https:\/\/liceofrancestenerife.es\/nuevaweb\/wp-content\/uploads\/2017\/12\/2-300x47.png 300w, https:\/\/liceofrancestenerife.es\/nuevaweb\/wp-content\/uploads\/2017\/12\/2-400x63.png 400w, https:\/\/liceofrancestenerife.es\/nuevaweb\/wp-content\/uploads\/2017\/12\/2-600x95.png 600w, https:\/\/liceofrancestenerife.es\/nuevaweb\/wp-content\/uploads\/2017\/12\/2.png 741w\" data-sizes=\"auto\" data-orig-sizes=\"(max-width: 141px) 100vw, 141px\" \/><\/p>\n<p>&nbsp;<\/p>\n<h3 style=\"padding-left: 30px;\"><strong>No\u00ebl c\u2019est l\u2019amour<\/strong><\/h3>\n<p style=\"padding-left: 30px;\"><em>No\u00ebl, tu passes par ma chemin\u00e9e<\/em><br \/>\n<em> Mes cadeaux o\u00f9 sont-ils\u00a0?<\/em><br \/>\n<em> Sont-ils dans ta maison\u00a0?<\/em><br \/>\n<em> Tu dois les trouver<\/em><br \/>\n<em> Et te rappeler que dans la vie<\/em><br \/>\n<em> Sans un peu de travail<\/em><br \/>\n<em> On n\u2019a point de plaisir<\/em><\/p>\n<h4 style=\"padding-left: 30px; text-align: center;\"><em>Jonay<\/em><\/h4>\n<p><img decoding=\"async\" class=\"lazyload aligncenter wp-image-19796\" src=\"http:\/\/liceofrancestenerife.es\/nuevaweb\/wp-content\/uploads\/2017\/12\/2.png\" data-orig-src=\"http:\/\/liceofrancestenerife.es\/nuevaweb\/wp-content\/uploads\/2017\/12\/2.png\" alt=\"\" width=\"141\" height=\"22\" srcset=\"data:image\/svg+xml,%3Csvg%20xmlns%3D%27http%3A%2F%2Fwww.w3.org%2F2000%2Fsvg%27%20width%3D%27141%27%20height%3D%2722%27%20viewBox%3D%270%200%20141%2022%27%3E%3Crect%20width%3D%27141%27%20height%3D%2722%27%20fill-opacity%3D%220%22%2F%3E%3C%2Fsvg%3E\" data-srcset=\"https:\/\/liceofrancestenerife.es\/nuevaweb\/wp-content\/uploads\/2017\/12\/2-200x32.png 200w, https:\/\/liceofrancestenerife.es\/nuevaweb\/wp-content\/uploads\/2017\/12\/2-300x47.png 300w, https:\/\/liceofrancestenerife.es\/nuevaweb\/wp-content\/uploads\/2017\/12\/2-400x63.png 400w, https:\/\/liceofrancestenerife.es\/nuevaweb\/wp-content\/uploads\/2017\/12\/2-600x95.png 600w, https:\/\/liceofrancestenerife.es\/nuevaweb\/wp-content\/uploads\/2017\/12\/2.png 741w\" data-sizes=\"auto\" data-orig-sizes=\"(max-width: 141px) 100vw, 141px\" \/><\/p>\n<p>&nbsp;<\/p>\n<h3 style=\"padding-left: 30px;\"><strong>No\u00ebl<\/strong><\/h3>\n<p style=\"padding-left: 30px;\"><em>Demain tout sera joie<\/em><br \/>\n<em> Demain tout sera amour<\/em><br \/>\n<em> Je r\u00eave de voir de la neige<\/em><br \/>\n<em> Je r\u00eave d\u2019avoir des cadeaux<\/em><br \/>\n<em> Il y a de la magie<\/em><br \/>\n<em> Il y a du bonheur<\/em><br \/>\n<em> Souviens -toi des calendriers de l\u2019avent<\/em><br \/>\n<em> Un jour de paix<\/em><br \/>\n<em> Un jour d\u2019hiver<\/em><br \/>\n<em> D\u2019amis et de lumi\u00e8re<\/em><br \/>\n<em> Et p\u00e8re No\u00ebl<\/em><br \/>\n<em> Dans son traineau<\/em><br \/>\n<em> Le 25 d\u00e9cembre<\/em><br \/>\n<em> Des miracles vont faire sourire.<\/em><\/p>\n<h4 style=\"padding-left: 30px; text-align: center;\"><em>Andrea G.<\/em><\/h4>\n<p><img decoding=\"async\" class=\"lazyload aligncenter wp-image-19796\" src=\"http:\/\/liceofrancestenerife.es\/nuevaweb\/wp-content\/uploads\/2017\/12\/2.png\" data-orig-src=\"http:\/\/liceofrancestenerife.es\/nuevaweb\/wp-content\/uploads\/2017\/12\/2.png\" alt=\"\" width=\"141\" height=\"22\" srcset=\"data:image\/svg+xml,%3Csvg%20xmlns%3D%27http%3A%2F%2Fwww.w3.org%2F2000%2Fsvg%27%20width%3D%27141%27%20height%3D%2722%27%20viewBox%3D%270%200%20141%2022%27%3E%3Crect%20width%3D%27141%27%20height%3D%2722%27%20fill-opacity%3D%220%22%2F%3E%3C%2Fsvg%3E\" data-srcset=\"https:\/\/liceofrancestenerife.es\/nuevaweb\/wp-content\/uploads\/2017\/12\/2-200x32.png 200w, https:\/\/liceofrancestenerife.es\/nuevaweb\/wp-content\/uploads\/2017\/12\/2-300x47.png 300w, https:\/\/liceofrancestenerife.es\/nuevaweb\/wp-content\/uploads\/2017\/12\/2-400x63.png 400w, https:\/\/liceofrancestenerife.es\/nuevaweb\/wp-content\/uploads\/2017\/12\/2-600x95.png 600w, https:\/\/liceofrancestenerife.es\/nuevaweb\/wp-content\/uploads\/2017\/12\/2.png 741w\" data-sizes=\"auto\" data-orig-sizes=\"(max-width: 141px) 100vw, 141px\" \/><\/p>\n<p>&nbsp;<\/p>\n<h3 style=\"padding-left: 30px;\"><strong>No\u00ebl<\/strong><\/h3>\n<p style=\"padding-left: 30px;\"><em>Ce soir tu rencontres ta famille.<\/em><br \/>\n<em> Ce soir le bonheur est avec nous.<\/em><br \/>\n<em> Ce soir tu dois manger ou tu n\u2019as pas de c\u0153ur.<\/em><br \/>\n<em> Ce soir la crevette est \u00e0 100 euros le kg.<\/em><br \/>\n<em> Ce soir tu chantes, tu manges ou tu tombes par terre de trop danser.<\/em><br \/>\n<em> Ce soir est temps de voyager<\/em><br \/>\n<em> Mais personne ne te sauve de l\u2019immense queue que tu dois faire.<\/em><br \/>\n<em> Ce soir c&#8217;est No\u00ebl.<\/em><\/p>\n<h4 style=\"padding-left: 30px; text-align: center;\"><em>Alfonso<\/em><\/h4>\n<p><img decoding=\"async\" class=\"lazyload aligncenter wp-image-19796\" src=\"http:\/\/liceofrancestenerife.es\/nuevaweb\/wp-content\/uploads\/2017\/12\/2.png\" data-orig-src=\"http:\/\/liceofrancestenerife.es\/nuevaweb\/wp-content\/uploads\/2017\/12\/2.png\" alt=\"\" width=\"141\" height=\"22\" srcset=\"data:image\/svg+xml,%3Csvg%20xmlns%3D%27http%3A%2F%2Fwww.w3.org%2F2000%2Fsvg%27%20width%3D%27141%27%20height%3D%2722%27%20viewBox%3D%270%200%20141%2022%27%3E%3Crect%20width%3D%27141%27%20height%3D%2722%27%20fill-opacity%3D%220%22%2F%3E%3C%2Fsvg%3E\" data-srcset=\"https:\/\/liceofrancestenerife.es\/nuevaweb\/wp-content\/uploads\/2017\/12\/2-200x32.png 200w, https:\/\/liceofrancestenerife.es\/nuevaweb\/wp-content\/uploads\/2017\/12\/2-300x47.png 300w, https:\/\/liceofrancestenerife.es\/nuevaweb\/wp-content\/uploads\/2017\/12\/2-400x63.png 400w, https:\/\/liceofrancestenerife.es\/nuevaweb\/wp-content\/uploads\/2017\/12\/2-600x95.png 600w, https:\/\/liceofrancestenerife.es\/nuevaweb\/wp-content\/uploads\/2017\/12\/2.png 741w\" data-sizes=\"auto\" data-orig-sizes=\"(max-width: 141px) 100vw, 141px\" \/><\/p>\n<p>&nbsp;<\/p>\n<blockquote>\n<h2><strong><span style=\"color: #0076a5;\"><a style=\"color: #0076a5;\" href=\"http:\/\/liceofrancestenerife.es\/fr\/charades-sur-le-theme-noel\/\" target=\"_blank\" rel=\"noopener\">Charades sur le th\u00e8me de No\u00ebl<\/a><\/span><\/strong><\/h2>\n<\/blockquote>\n","protected":false},"excerpt":{"rendered":"<p>Les \u00e9l\u00e8ves de CM2B ont \u00e9crit des po\u00e8mes sur le th\u00e8me de No\u00ebl. Ils ont d\u00e9cid\u00e9 de les partager pour vous souhaiter un Joyeux No\u00ebl \u00e0 tous ! La magie de No\u00ebl Je r\u00eave d\u2019amour Je r\u00eave de manger Il y a de la magie Il y a de la neige Souviens-toi de la joie [&hellip;]<\/p>\n","protected":false},"author":1,"featured_media":19786,"comment_status":"open","ping_status":"open","sticky":false,"template":"","format":"standard","meta":{"footnotes":""},"categories":[95,213,101,215],"tags":[387,388],"class_list":["post-19789","post","type-post","status-publish","format-standard","has-post-thumbnail","hentry","category-activites","category-cm2b-fr","category-elementaire","category-vie-artistique-et-culturelle","tag-navidad-fr","tag-noel-fr"],"jetpack_featured_media_url":"https:\/\/liceofrancestenerife.es\/nuevaweb\/wp-content\/uploads\/2017\/12\/wishes-3006367_1920.jpg","_links":{"self":[{"href":"https:\/\/liceofrancestenerife.es\/fr\/wp-json\/wp\/v2\/posts\/19789","targetHints":{"allow":["GET"]}}],"collection":[{"href":"https:\/\/liceofrancestenerife.es\/fr\/wp-json\/wp\/v2\/posts"}],"about":[{"href":"https:\/\/liceofrancestenerife.es\/fr\/wp-json\/wp\/v2\/types\/post"}],"author":[{"embeddable":true,"href":"https:\/\/liceofrancestenerife.es\/fr\/wp-json\/wp\/v2\/users\/1"}],"replies":[{"embeddable":true,"href":"https:\/\/liceofrancestenerife.es\/fr\/wp-json\/wp\/v2\/comments?post=19789"}],"version-history":[{"count":4,"href":"https:\/\/liceofrancestenerife.es\/fr\/wp-json\/wp\/v2\/posts\/19789\/revisions"}],"predecessor-version":[{"id":19806,"href":"https:\/\/liceofrancestenerife.es\/fr\/wp-json\/wp\/v2\/posts\/19789\/revisions\/19806"}],"wp:featuredmedia":[{"embeddable":true,"href":"https:\/\/liceofrancestenerife.es\/fr\/wp-json\/wp\/v2\/media\/19786"}],"wp:attachment":[{"href":"https:\/\/liceofrancestenerife.es\/fr\/wp-json\/wp\/v2\/media?parent=19789"}],"wp:term":[{"taxonomy":"category","embeddable":true,"href":"https:\/\/liceofrancestenerife.es\/fr\/wp-json\/wp\/v2\/categories?post=19789"},{"taxonomy":"post_tag","embeddable":true,"href":"https:\/\/liceofrancestenerife.es\/fr\/wp-json\/wp\/v2\/tags?post=19789"}],"curies":[{"name":"wp","href":"https:\/\/api.w.org\/{rel}","templated":true}]}}