{"id":21117,"date":"2018-02-20T12:25:41","date_gmt":"2018-02-20T12:25:41","guid":{"rendered":"http:\/\/liceofrancestenerife.es\/?p=21117"},"modified":"2018-02-20T12:25:41","modified_gmt":"2018-02-20T12:25:41","slug":"journee-orientation-post-bac-mardi-27-fevrier","status":"publish","type":"post","link":"https:\/\/liceofrancestenerife.es\/fr\/journee-orientation-post-bac-mardi-27-fevrier\/","title":{"rendered":"Journ\u00e9e orientation post-bac &#8211; Mardi 27 f\u00e9vrier"},"content":{"rendered":"<div class=\"fusion-fullwidth fullwidth-box fusion-builder-row-1 nonhundred-percent-fullwidth non-hundred-percent-height-scrolling\" style=\"background-color: rgba(255,255,255,0);background-position: center center;background-repeat: no-repeat;padding-top:0px;padding-right:0px;padding-bottom:0px;padding-left:0px;margin-bottom: 0px;margin-top: 0px;border-width: 0px 0px 0px 0px;border-color:#eae9e9;border-style:solid;\" ><div class=\"fusion-builder-row fusion-row\"><div class=\"fusion-layout-column fusion_builder_column fusion-builder-column-0 fusion_builder_column_1_1 1_1 fusion-one-full fusion-column-first fusion-column-last\" style=\"margin-top:0px;margin-bottom:20px;\"><div class=\"fusion-column-wrapper fusion-flex-column-wrapper-legacy\" style=\"background-position:left top;background-repeat:no-repeat;-webkit-background-size:cover;-moz-background-size:cover;-o-background-size:cover;background-size:cover;padding: 0px 0px 0px 0px;\"><div class=\"fusion-text fusion-text-1\"><p>Mardi prochain aura lieu une journ\u00e9e d&#8217;orientation destin\u00e9e aux \u00e9l\u00e8ves et familles du Lyc\u00e9e (2nde, 1\u00e8re et Terminale) avec la pr\u00e9sence de Mme Laure Cattin-Ortola, Charg\u00e9e de mission universitaire de Campus France. L&#8217;objectif sera de faire conna\u00eetre le syst\u00e8me universitaire fran\u00e7ais et ses avantages.<br \/>\nLes familles du Lyc\u00e9e sont invit\u00e9es \u00e0 y participer \u00e0 17h.<\/p>\n<\/div><div class=\"fusion-clearfix\"><\/div><\/div><\/div><\/div><\/div>\n","protected":false},"excerpt":{"rendered":"","protected":false},"author":282,"featured_media":21115,"comment_status":"open","ping_status":"open","sticky":false,"template":"","format":"standard","meta":{"footnotes":""},"categories":[102],"tags":[],"class_list":["post-21117","post","type-post","status-publish","format-standard","has-post-thumbnail","hentry","category-bachibac"],"jetpack_featured_media_url":"https:\/\/liceofrancestenerife.es\/nuevaweb\/wp-content\/uploads\/2018\/02\/different-paths.jpg","_links":{"self":[{"href":"https:\/\/liceofrancestenerife.es\/fr\/wp-json\/wp\/v2\/posts\/21117","targetHints":{"allow":["GET"]}}],"collection":[{"href":"https:\/\/liceofrancestenerife.es\/fr\/wp-json\/wp\/v2\/posts"}],"about":[{"href":"https:\/\/liceofrancestenerife.es\/fr\/wp-json\/wp\/v2\/types\/post"}],"author":[{"embeddable":true,"href":"https:\/\/liceofrancestenerife.es\/fr\/wp-json\/wp\/v2\/users\/282"}],"replies":[{"embeddable":true,"href":"https:\/\/liceofrancestenerife.es\/fr\/wp-json\/wp\/v2\/comments?post=21117"}],"version-history":[{"count":1,"href":"https:\/\/liceofrancestenerife.es\/fr\/wp-json\/wp\/v2\/posts\/21117\/revisions"}],"predecessor-version":[{"id":21118,"href":"https:\/\/liceofrancestenerife.es\/fr\/wp-json\/wp\/v2\/posts\/21117\/revisions\/21118"}],"wp:featuredmedia":[{"embeddable":true,"href":"https:\/\/liceofrancestenerife.es\/fr\/wp-json\/wp\/v2\/media\/21115"}],"wp:attachment":[{"href":"https:\/\/liceofrancestenerife.es\/fr\/wp-json\/wp\/v2\/media?parent=21117"}],"wp:term":[{"taxonomy":"category","embeddable":true,"href":"https:\/\/liceofrancestenerife.es\/fr\/wp-json\/wp\/v2\/categories?post=21117"},{"taxonomy":"post_tag","embeddable":true,"href":"https:\/\/liceofrancestenerife.es\/fr\/wp-json\/wp\/v2\/tags?post=21117"}],"curies":[{"name":"wp","href":"https:\/\/api.w.org\/{rel}","templated":true}]}}