{"id":21174,"date":"2018-02-23T15:47:27","date_gmt":"2018-02-23T15:47:27","guid":{"rendered":"http:\/\/liceofrancestenerife.es\/?p=21174"},"modified":"2018-02-23T22:12:56","modified_gmt":"2018-02-23T22:12:56","slug":"notre-rencontre-avec-lecrivain-jean-claude-mourlevat-1ere-partie","status":"publish","type":"post","link":"https:\/\/liceofrancestenerife.es\/fr\/notre-rencontre-avec-lecrivain-jean-claude-mourlevat-1ere-partie\/","title":{"rendered":"Notre rencontre avec l&#8217;\u00e9crivain Jean-Claude Mourlevat &#8211; 1\u00e8re partie"},"content":{"rendered":"<p><div class=\"fusion-fullwidth fullwidth-box fusion-builder-row-1 nonhundred-percent-fullwidth non-hundred-percent-height-scrolling\" style=\"background-color: rgba(255,255,255,0);background-position: center center;background-repeat: no-repeat;padding-top:0px;padding-right:0px;padding-bottom:0px;padding-left:0px;margin-bottom: 0px;margin-top: 0px;border-width: 0px 0px 0px 0px;border-color:#eae9e9;border-style:solid;\" ><div class=\"fusion-builder-row fusion-row\"><div class=\"fusion-layout-column fusion_builder_column fusion-builder-column-0 fusion_builder_column_1_2 1_2 fusion-one-half fusion-column-first\" style=\"width:50%;width:calc(50% - ( ( 4% ) * 0.5 ) );margin-right: 4%;margin-top:0px;margin-bottom:20px;\"><div class=\"fusion-column-wrapper fusion-flex-column-wrapper-legacy\" style=\"background-position:left top;background-repeat:no-repeat;-webkit-background-size:cover;-moz-background-size:cover;-o-background-size:cover;background-size:cover;padding: 0px 0px 0px 0px;\"><style type=\"text\/css\">.fusion-gallery-1 .fusion-gallery-image {border:0px solid #f6f6f6;}<\/style><div class=\"fusion-gallery fusion-gallery-container fusion-grid-2 fusion-columns-total-4 fusion-gallery-layout-masonry fusion-gallery-1\" style=\"margin:-5px;\"><div class=\"fusion-grid-column fusion-gallery-column fusion-gallery-column-2 fusion-grid-sizer\"><\/div><div style=\"padding:5px;\" class=\"fusion-grid-column fusion-gallery-column fusion-gallery-column-2 fusion-element-landscape fusion-element-portrait\"><div class=\"fusion-gallery-image fusion-gallery-image-liftup\"><a href=\"https:\/\/liceofrancestenerife.es\/nuevaweb\/wp-content\/uploads\/2018\/02\/De\u0301dicace-Jeff.jpg\" rel=\"noreferrer\" data-rel=\"iLightbox[gallery_image_1]\" class=\"fusion-lightbox\"><div style=\"padding-top:calc((100% + 10px) * 0.8);\" class=\"fusion-masonry-element-container lazyload\" data-bg=\"https:\/\/liceofrancestenerife.es\/nuevaweb\/wp-content\/uploads\/2018\/02\/De\u0301dicace-Jeff.jpg\"><img decoding=\"async\" src=\"https:\/\/liceofrancestenerife.es\/nuevaweb\/wp-content\/uploads\/2018\/02\/De\u0301dicace-Jeff.jpg\" data-orig-src=\"https:\/\/liceofrancestenerife.es\/nuevaweb\/wp-content\/uploads\/2018\/02\/De\u0301dicace-Jeff.jpg\" width=\"4032\" height=\"3024\" alt=\"\" title=\"De\u0301dicace Jeff\" aria-label=\"De\u0301dicace Jeff\" class=\"lazyload img-responsive wp-image-21142\" srcset=\"data:image\/svg+xml,%3Csvg%20xmlns%3D%27http%3A%2F%2Fwww.w3.org%2F2000%2Fsvg%27%20width%3D%274032%27%20height%3D%273024%27%20viewBox%3D%270%200%204032%203024%27%3E%3Crect%20width%3D%274032%27%20height%3D%273024%27%20fill-opacity%3D%220%22%2F%3E%3C%2Fsvg%3E\" data-srcset=\"https:\/\/liceofrancestenerife.es\/nuevaweb\/wp-content\/uploads\/2018\/02\/De\u0301dicace-Jeff-200x150.jpg 200w, https:\/\/liceofrancestenerife.es\/nuevaweb\/wp-content\/uploads\/2018\/02\/De\u0301dicace-Jeff-400x300.jpg 400w, https:\/\/liceofrancestenerife.es\/nuevaweb\/wp-content\/uploads\/2018\/02\/De\u0301dicace-Jeff-600x450.jpg 600w, https:\/\/liceofrancestenerife.es\/nuevaweb\/wp-content\/uploads\/2018\/02\/De\u0301dicace-Jeff-800x600.jpg 800w, https:\/\/liceofrancestenerife.es\/nuevaweb\/wp-content\/uploads\/2018\/02\/De\u0301dicace-Jeff-1200x900.jpg 1200w, https:\/\/liceofrancestenerife.es\/nuevaweb\/wp-content\/uploads\/2018\/02\/De\u0301dicace-Jeff.jpg 4032w\" data-sizes=\"auto\" data-orig-sizes=\"(min-width: 2200px) 100vw, (min-width: 640px) 1200px, \" \/><\/div><\/a><\/div><\/div><div style=\"padding:5px;\" class=\"fusion-grid-column fusion-gallery-column fusion-gallery-column-2 fusion-element-portrait\"><div class=\"fusion-gallery-image fusion-gallery-image-liftup\"><a href=\"https:\/\/liceofrancestenerife.es\/nuevaweb\/wp-content\/uploads\/2018\/02\/Jefferson.jpeg\" rel=\"noreferrer\" data-rel=\"iLightbox[gallery_image_1]\" class=\"fusion-lightbox\"><div style=\"padding-top:calc((100% + 10px) * 1.6);\" class=\"fusion-masonry-element-container lazyload\" data-bg=\"https:\/\/liceofrancestenerife.es\/nuevaweb\/wp-content\/uploads\/2018\/02\/Jefferson.jpeg\"><img decoding=\"async\" src=\"https:\/\/liceofrancestenerife.es\/nuevaweb\/wp-content\/uploads\/2018\/02\/Jefferson.jpeg\" data-orig-src=\"https:\/\/liceofrancestenerife.es\/nuevaweb\/wp-content\/uploads\/2018\/02\/Jefferson.jpeg\" width=\"3024\" height=\"4032\" alt=\"\" title=\"Jefferson\" aria-label=\"Jefferson\" class=\"lazyload img-responsive wp-image-21143\" srcset=\"data:image\/svg+xml,%3Csvg%20xmlns%3D%27http%3A%2F%2Fwww.w3.org%2F2000%2Fsvg%27%20width%3D%273024%27%20height%3D%274032%27%20viewBox%3D%270%200%203024%204032%27%3E%3Crect%20width%3D%273024%27%20height%3D%274032%27%20fill-opacity%3D%220%22%2F%3E%3C%2Fsvg%3E\" data-srcset=\"https:\/\/liceofrancestenerife.es\/nuevaweb\/wp-content\/uploads\/2018\/02\/Jefferson-200x267.jpeg 200w, https:\/\/liceofrancestenerife.es\/nuevaweb\/wp-content\/uploads\/2018\/02\/Jefferson-400x533.jpeg 400w, https:\/\/liceofrancestenerife.es\/nuevaweb\/wp-content\/uploads\/2018\/02\/Jefferson-600x800.jpeg 600w, https:\/\/liceofrancestenerife.es\/nuevaweb\/wp-content\/uploads\/2018\/02\/Jefferson-800x1067.jpeg 800w, https:\/\/liceofrancestenerife.es\/nuevaweb\/wp-content\/uploads\/2018\/02\/Jefferson-1200x1600.jpeg 1200w, https:\/\/liceofrancestenerife.es\/nuevaweb\/wp-content\/uploads\/2018\/02\/Jefferson.jpeg 3024w\" data-sizes=\"auto\" data-orig-sizes=\"(min-width: 2200px) 100vw, (min-width: 754px) 598px, (min-width: 640px) 754px, \" \/><\/div><\/a><\/div><\/div><div style=\"padding:5px;\" class=\"fusion-grid-column fusion-gallery-column fusion-gallery-column-2 fusion-element-portrait\"><div class=\"fusion-gallery-image fusion-gallery-image-liftup\"><a href=\"https:\/\/liceofrancestenerife.es\/nuevaweb\/wp-content\/uploads\/2018\/02\/Jefferson.jpg\" rel=\"noreferrer\" data-rel=\"iLightbox[gallery_image_1]\" class=\"fusion-lightbox\"><div style=\"padding-top:calc((100% + 10px) * 1.6);\" class=\"fusion-masonry-element-container lazyload\" data-bg=\"https:\/\/liceofrancestenerife.es\/nuevaweb\/wp-content\/uploads\/2018\/02\/Jefferson.jpg\"><img decoding=\"async\" src=\"https:\/\/liceofrancestenerife.es\/nuevaweb\/wp-content\/uploads\/2018\/02\/Jefferson.jpg\" data-orig-src=\"https:\/\/liceofrancestenerife.es\/nuevaweb\/wp-content\/uploads\/2018\/02\/Jefferson.jpg\" width=\"3024\" height=\"4032\" alt=\"\" title=\"Jefferson\" aria-label=\"Jefferson\" class=\"lazyload img-responsive wp-image-21144\" srcset=\"data:image\/svg+xml,%3Csvg%20xmlns%3D%27http%3A%2F%2Fwww.w3.org%2F2000%2Fsvg%27%20width%3D%273024%27%20height%3D%274032%27%20viewBox%3D%270%200%203024%204032%27%3E%3Crect%20width%3D%273024%27%20height%3D%274032%27%20fill-opacity%3D%220%22%2F%3E%3C%2Fsvg%3E\" data-srcset=\"https:\/\/liceofrancestenerife.es\/nuevaweb\/wp-content\/uploads\/2018\/02\/Jefferson-200x267.jpg 200w, https:\/\/liceofrancestenerife.es\/nuevaweb\/wp-content\/uploads\/2018\/02\/Jefferson-400x533.jpg 400w, https:\/\/liceofrancestenerife.es\/nuevaweb\/wp-content\/uploads\/2018\/02\/Jefferson-600x800.jpg 600w, https:\/\/liceofrancestenerife.es\/nuevaweb\/wp-content\/uploads\/2018\/02\/Jefferson-800x1067.jpg 800w, https:\/\/liceofrancestenerife.es\/nuevaweb\/wp-content\/uploads\/2018\/02\/Jefferson-1200x1600.jpg 1200w, https:\/\/liceofrancestenerife.es\/nuevaweb\/wp-content\/uploads\/2018\/02\/Jefferson.jpg 3024w\" data-sizes=\"auto\" data-orig-sizes=\"(min-width: 2200px) 100vw, (min-width: 754px) 598px, (min-width: 640px) 754px, \" \/><\/div><\/a><\/div><\/div><div style=\"padding:5px;\" class=\"fusion-grid-column fusion-gallery-column fusion-gallery-column-2 fusion-element-portrait\"><div class=\"fusion-gallery-image fusion-gallery-image-liftup\"><a href=\"https:\/\/liceofrancestenerife.es\/nuevaweb\/wp-content\/uploads\/2018\/02\/Chapeau.jpg\" rel=\"noreferrer\" data-rel=\"iLightbox[gallery_image_1]\" class=\"fusion-lightbox\"><div style=\"padding-top:calc((100% + 10px) * 1.6);\" class=\"fusion-masonry-element-container lazyload\" data-bg=\"https:\/\/liceofrancestenerife.es\/nuevaweb\/wp-content\/uploads\/2018\/02\/Chapeau.jpg\"><img decoding=\"async\" src=\"https:\/\/liceofrancestenerife.es\/nuevaweb\/wp-content\/uploads\/2018\/02\/Chapeau.jpg\" data-orig-src=\"https:\/\/liceofrancestenerife.es\/nuevaweb\/wp-content\/uploads\/2018\/02\/Chapeau.jpg\" width=\"3024\" height=\"4032\" alt=\"\" title=\"Chapeau\" aria-label=\"Chapeau\" class=\"lazyload img-responsive wp-image-21141\" srcset=\"data:image\/svg+xml,%3Csvg%20xmlns%3D%27http%3A%2F%2Fwww.w3.org%2F2000%2Fsvg%27%20width%3D%273024%27%20height%3D%274032%27%20viewBox%3D%270%200%203024%204032%27%3E%3Crect%20width%3D%273024%27%20height%3D%274032%27%20fill-opacity%3D%220%22%2F%3E%3C%2Fsvg%3E\" data-srcset=\"https:\/\/liceofrancestenerife.es\/nuevaweb\/wp-content\/uploads\/2018\/02\/Chapeau-200x267.jpg 200w, https:\/\/liceofrancestenerife.es\/nuevaweb\/wp-content\/uploads\/2018\/02\/Chapeau-400x533.jpg 400w, https:\/\/liceofrancestenerife.es\/nuevaweb\/wp-content\/uploads\/2018\/02\/Chapeau-600x800.jpg 600w, https:\/\/liceofrancestenerife.es\/nuevaweb\/wp-content\/uploads\/2018\/02\/Chapeau-800x1067.jpg 800w, https:\/\/liceofrancestenerife.es\/nuevaweb\/wp-content\/uploads\/2018\/02\/Chapeau-1200x1600.jpg 1200w, https:\/\/liceofrancestenerife.es\/nuevaweb\/wp-content\/uploads\/2018\/02\/Chapeau.jpg 3024w\" data-sizes=\"auto\" data-orig-sizes=\"(min-width: 2200px) 100vw, (min-width: 754px) 598px, (min-width: 640px) 754px, \" \/><\/div><\/a><\/div><\/div><\/div><div class=\"fusion-clearfix\"><\/div><\/div><\/div><div class=\"fusion-layout-column fusion_builder_column fusion-builder-column-1 fusion_builder_column_1_2 1_2 fusion-one-half fusion-column-last\" style=\"width:50%;width:calc(50% - ( ( 4% ) * 0.5 ) );margin-top:0px;margin-bottom:20px;\"><div class=\"fusion-column-wrapper fusion-flex-column-wrapper-legacy\" style=\"background-position:left top;background-repeat:no-repeat;-webkit-background-size:cover;-moz-background-size:cover;-o-background-size:cover;background-size:cover;padding: 0px 0px 0px 0px;\"><div class=\"fusion-text fusion-text-1\"><p>Les \u00e9l\u00e8ves de 4\u00e8me ont lu en classe de fran\u00e7ais le livre La Balafre de Jean-Claude Mourlevat. Cet auteur fran\u00e7ais de grand talent et de notori\u00e9t\u00e9 publique nous a fait l\u2019honneur d\u2019avoir accept\u00e9 notre invitation et fut pr\u00e9sent au lyc\u00e9e Jules Verne le lundi 19 et mardi 20 f\u00e9vrier pour rencontrer tous ses lecteurs\u2026<\/p>\n<p>Ce fut un grand \u00e9v\u00e9nement et nous l\u2019avons tous v\u00e9cu, jeunes comme adultes, avec beaucoup d\u2019\u00e9motion. Quelle chance inou\u00efe que cette visite !<\/p>\n<p>L&#8217;auteur a m\u00eame offert son dernier ouvrage \u00e0 l&#8217;\u00e9cole; il se trouve au CDI, sign\u00e9 de sa main, \u00e0 la disposition des lecteurs !<\/p>\n<\/div><div class=\"fusion-clearfix\"><\/div><\/div><\/div><\/div><\/div><div class=\"fusion-fullwidth fullwidth-box fusion-builder-row-2 nonhundred-percent-fullwidth non-hundred-percent-height-scrolling\" style=\"background-color: rgba(255,255,255,0);background-position: center center;background-repeat: no-repeat;padding-top:0px;padding-right:0px;padding-bottom:0px;padding-left:0px;margin-bottom: 0px;margin-top: 30px;border-width: 0px 0px 0px 0px;border-color:#eae9e9;border-style:solid;\" ><div class=\"fusion-builder-row fusion-row\"><div class=\"fusion-layout-column fusion_builder_column fusion-builder-column-2 fusion_builder_column_1_2 1_2 fusion-one-half fusion-column-first\" style=\"width:50%;width:calc(50% - ( ( 4% ) * 0.5 ) );margin-right: 4%;margin-top:0px;margin-bottom:20px;\"><div class=\"fusion-column-wrapper fusion-flex-column-wrapper-legacy\" style=\"background-position:left top;background-repeat:no-repeat;-webkit-background-size:cover;-moz-background-size:cover;-o-background-size:cover;background-size:cover;padding: 0px 0px 0px 0px;\"><div class=\"fusion-text fusion-text-2\"><p>L&#8217;auteur a lu plusieurs extraits pour les \u00e9l\u00e8ves&#8230;<\/p>\n<\/div><div class=\"fusion-clearfix\"><\/div><\/div><\/div><div class=\"fusion-layout-column fusion_builder_column fusion-builder-column-3 fusion_builder_column_1_2 1_2 fusion-one-half fusion-column-last\" style=\"width:50%;width:calc(50% - ( ( 4% ) * 0.5 ) );margin-top:0px;margin-bottom:20px;\"><div class=\"fusion-column-wrapper fusion-flex-column-wrapper-legacy\" style=\"background-position:left top;background-repeat:no-repeat;-webkit-background-size:cover;-moz-background-size:cover;-o-background-size:cover;background-size:cover;padding: 0px 0px 0px 0px;\"><div class=\"fusion-text fusion-text-3\"><div style=\"width: 720px;\" class=\"wp-video\"><video class=\"wp-video-shortcode\" id=\"video-21174-1\" width=\"720\" height=\"1280\" preload=\"metadata\" controls=\"controls\"><source type=\"video\/mp4\" src=\"http:\/\/liceofrancestenerife.es\/nuevaweb\/wp-content\/uploads\/2018\/02\/Lecture.mp4?_=1\" \/><a href=\"http:\/\/liceofrancestenerife.es\/nuevaweb\/wp-content\/uploads\/2018\/02\/Lecture.mp4\">http:\/\/liceofrancestenerife.es\/nuevaweb\/wp-content\/uploads\/2018\/02\/Lecture.mp4<\/a><\/video><\/div>\n<\/div><div class=\"fusion-clearfix\"><\/div><\/div><\/div><div class=\"fusion-layout-column fusion_builder_column fusion-builder-column-4 fusion_builder_column_1_1 1_1 fusion-one-full fusion-column-first fusion-column-last\" style=\"margin-top:0px;margin-bottom:20px;\"><div class=\"fusion-column-wrapper fusion-flex-column-wrapper-legacy\" style=\"background-position:left top;background-repeat:no-repeat;-webkit-background-size:cover;-moz-background-size:cover;-o-background-size:cover;background-size:cover;padding: 0px 0px 0px 0px;\"><div class=\"fusion-text fusion-text-4\"><p>Ecoutez cette vid\u00e9o o\u00f9 il r\u00e9pond aux \u00e9l\u00e8ves sur ses oeuvres pr\u00e9f\u00e9r\u00e9es.<\/p>\n<\/div><div class=\"fusion-clearfix\"><\/div><\/div><\/div><div class=\"fusion-layout-column fusion_builder_column fusion-builder-column-5 fusion_builder_column_1_1 1_1 fusion-one-full fusion-column-first fusion-column-last\" style=\"margin-top:0px;margin-bottom:20px;\"><div class=\"fusion-column-wrapper fusion-flex-column-wrapper-legacy\" style=\"background-position:left top;background-repeat:no-repeat;-webkit-background-size:cover;-moz-background-size:cover;-o-background-size:cover;background-size:cover;padding: 0px 0px 0px 0px;\"><div class=\"fusion-text fusion-text-5\"><div style=\"width: 720px;\" class=\"wp-video\"><video class=\"wp-video-shortcode\" id=\"video-21174-2\" width=\"720\" height=\"1280\" preload=\"metadata\" controls=\"controls\"><source type=\"video\/mp4\" src=\"http:\/\/liceofrancestenerife.es\/nuevaweb\/wp-content\/uploads\/2018\/02\/Biblio2.mp4?_=2\" \/><a href=\"http:\/\/liceofrancestenerife.es\/nuevaweb\/wp-content\/uploads\/2018\/02\/Biblio2.mp4\">http:\/\/liceofrancestenerife.es\/nuevaweb\/wp-content\/uploads\/2018\/02\/Biblio2.mp4<\/a><\/video><\/div>\n<\/div><div class=\"fusion-clearfix\"><\/div><\/div><\/div><div class=\"fusion-layout-column fusion_builder_column fusion-builder-column-6 fusion_builder_column_1_1 1_1 fusion-one-full fusion-column-first fusion-column-last\" style=\"margin-top:0px;margin-bottom:20px;\"><div class=\"fusion-column-wrapper fusion-flex-column-wrapper-legacy\" style=\"background-position:left top;background-repeat:no-repeat;-webkit-background-size:cover;-moz-background-size:cover;-o-background-size:cover;background-size:cover;padding: 0px 0px 0px 0px;\"><div class=\"fusion-clearfix\"><\/div><\/div><\/div><\/div><\/div><\/p>\n","protected":false},"excerpt":{"rendered":"","protected":false},"author":282,"featured_media":21178,"comment_status":"open","ping_status":"open","sticky":false,"template":"","format":"standard","meta":{"footnotes":""},"categories":[172,215],"tags":[],"class_list":["post-21174","post","type-post","status-publish","format-standard","has-post-thumbnail","hentry","category-evenements","category-vie-artistique-et-culturelle"],"jetpack_featured_media_url":"https:\/\/liceofrancestenerife.es\/nuevaweb\/wp-content\/uploads\/2018\/02\/Chapeau2.jpg","_links":{"self":[{"href":"https:\/\/liceofrancestenerife.es\/fr\/wp-json\/wp\/v2\/posts\/21174","targetHints":{"allow":["GET"]}}],"collection":[{"href":"https:\/\/liceofrancestenerife.es\/fr\/wp-json\/wp\/v2\/posts"}],"about":[{"href":"https:\/\/liceofrancestenerife.es\/fr\/wp-json\/wp\/v2\/types\/post"}],"author":[{"embeddable":true,"href":"https:\/\/liceofrancestenerife.es\/fr\/wp-json\/wp\/v2\/users\/282"}],"replies":[{"embeddable":true,"href":"https:\/\/liceofrancestenerife.es\/fr\/wp-json\/wp\/v2\/comments?post=21174"}],"version-history":[{"count":4,"href":"https:\/\/liceofrancestenerife.es\/fr\/wp-json\/wp\/v2\/posts\/21174\/revisions"}],"predecessor-version":[{"id":21180,"href":"https:\/\/liceofrancestenerife.es\/fr\/wp-json\/wp\/v2\/posts\/21174\/revisions\/21180"}],"wp:featuredmedia":[{"embeddable":true,"href":"https:\/\/liceofrancestenerife.es\/fr\/wp-json\/wp\/v2\/media\/21178"}],"wp:attachment":[{"href":"https:\/\/liceofrancestenerife.es\/fr\/wp-json\/wp\/v2\/media?parent=21174"}],"wp:term":[{"taxonomy":"category","embeddable":true,"href":"https:\/\/liceofrancestenerife.es\/fr\/wp-json\/wp\/v2\/categories?post=21174"},{"taxonomy":"post_tag","embeddable":true,"href":"https:\/\/liceofrancestenerife.es\/fr\/wp-json\/wp\/v2\/tags?post=21174"}],"curies":[{"name":"wp","href":"https:\/\/api.w.org\/{rel}","templated":true}]}}