{"id":21261,"date":"2018-03-01T21:00:29","date_gmt":"2018-03-01T21:00:29","guid":{"rendered":"http:\/\/liceofrancestenerife.es\/?p=21261"},"modified":"2018-02-26T15:13:59","modified_gmt":"2018-02-26T15:13:59","slug":"descubran-los-alumnos-premiere-participaron-proyecto-fallou","status":"publish","type":"post","link":"https:\/\/liceofrancestenerife.es\/fr\/descubran-los-alumnos-premiere-participaron-proyecto-fallou\/","title":{"rendered":"D\u00e9couvrez comment les \u00e9l\u00e8ves de premi\u00e8re ont particip\u00e9 au projet Fallou."},"content":{"rendered":"<div class=\"fusion-fullwidth fullwidth-box fusion-builder-row-1 nonhundred-percent-fullwidth non-hundred-percent-height-scrolling\" style=\"background-color: rgba(255,255,255,0);background-position: center center;background-repeat: no-repeat;padding-top:0px;padding-right:0px;padding-bottom:0px;padding-left:0px;margin-bottom: 0px;margin-top: 0px;border-width: 0px 0px 0px 0px;border-color:#eae9e9;border-style:solid;\" ><div class=\"fusion-builder-row fusion-row\"><div class=\"fusion-layout-column fusion_builder_column fusion-builder-column-0 fusion_builder_column_1_1 1_1 fusion-one-full fusion-column-first fusion-column-last\" style=\"margin-top:0px;margin-bottom:0px;\"><div class=\"fusion-column-wrapper fusion-flex-column-wrapper-legacy\" style=\"background-position:left top;background-repeat:no-repeat;-webkit-background-size:cover;-moz-background-size:cover;-o-background-size:cover;background-size:cover;padding: 0px 0px 0px 0px;\"><div class=\"fusion-text fusion-text-1\"><p align=\"justify\"><span style=\"font-family: Arial\\ Narrow, sans-serif;\">Les \u00e9tudiants de <\/span><span style=\"font-family: Arial\\ Narrow, sans-serif;\"><span lang=\"en-US\">premi\u00e8re<\/span><\/span><span style=\"font-family: Arial\\ Narrow, sans-serif;\"> de bachibac ont particip\u00e9 \u00e0 l&#8217;\u00e9v\u00e9nement solidaire qui s&#8217;est d\u00e9roul\u00e9 <\/span><span style=\"font-family: Arial\\ Narrow, sans-serif;\">le <\/span><span style=\"font-family: Arial\\ Narrow, sans-serif;\">vendredi 26 janvier dans notre \u00e9tablissement, en collaboration avec Fallou ONGD-Association de Coop\u00e9ration <\/span><span style=\"font-family: Arial\\ Narrow, sans-serif;\">du<\/span><span style=\"font-family: Arial\\ Narrow, sans-serif;\"> S\u00e9n\u00e9gal. Le but de cet \u00e9v\u00e9nement \u00e9tait de collecter des fonds et d<\/span><span style=\"font-family: Arial\\ Narrow, sans-serif;\">u<\/span><span style=\"font-family: Arial\\ Narrow, sans-serif;\"> mat\u00e9riel scolaire pour l&#8217;\u00e9cole avec laquelle l&#8217;ONG collabore, au S\u00e9n\u00e9gal.<\/span><\/p>\n<p align=\"justify\"><span style=\"font-family: Arial\\ Narrow, sans-serif;\">Dans les mati\u00e8res de biologie-g\u00e9ologie et de physique-chimie, nos \u00e9tudiants de premi\u00e8re ont d\u00e9velopp\u00e9 un atelier de maquillage d&#8217;animaux qui habitent dans les parcs nationaux du S\u00e9n\u00e9gal. En outre, ils ont pr\u00e9par\u00e9 des fiches d&#8217;information sur ces animaux, certains d\u2019entre eux sont propres <\/span><span style=\"font-family: Arial\\ Narrow, sans-serif;\">\u00e0<\/span><span style=\"font-family: Arial\\ Narrow, sans-serif;\"> ce pays (end\u00e9miques strictes), et un panneau d&#8217;information sur les parcs nationaux <\/span><span style=\"font-family: Arial\\ Narrow, sans-serif;\">mentionn\u00e9s<\/span><span style=\"font-family: Arial\\ Narrow, sans-serif;\">.<\/span><\/p>\n<\/div><style type=\"text\/css\">.fusion-gallery-1 .fusion-gallery-image {border:0px solid #f6f6f6;}<\/style><div class=\"fusion-gallery fusion-gallery-container fusion-grid-3 fusion-columns-total-6 fusion-gallery-layout-masonry fusion-gallery-1\" style=\"margin:-5px;\"><div class=\"fusion-grid-column fusion-gallery-column fusion-gallery-column-3 hover-type-none fusion-grid-sizer\"><\/div><div style=\"padding:5px;\" class=\"fusion-grid-column fusion-gallery-column fusion-gallery-column-3 hover-type-none fusion-element-landscape fusion-element-portrait\"><div class=\"fusion-gallery-image\"><a href=\"https:\/\/liceofrancestenerife.es\/nuevaweb\/wp-content\/uploads\/2018\/02\/IMG_20180207_193112.jpg\" rel=\"noreferrer\" data-rel=\"iLightbox[gallery_image_1]\" class=\"fusion-lightbox\"><div style=\"padding-top:calc((100% + 10px) * 0.8);\" class=\"fusion-masonry-element-container lazyload\" data-bg=\"https:\/\/liceofrancestenerife.es\/nuevaweb\/wp-content\/uploads\/2018\/02\/IMG_20180207_193112.jpg\"><img decoding=\"async\" src=\"https:\/\/liceofrancestenerife.es\/nuevaweb\/wp-content\/uploads\/2018\/02\/IMG_20180207_193112.jpg\" data-orig-src=\"https:\/\/liceofrancestenerife.es\/nuevaweb\/wp-content\/uploads\/2018\/02\/IMG_20180207_193112.jpg\" width=\"4160\" height=\"3120\" alt=\"\" title=\"sdr\" aria-label=\"sdr\" class=\"lazyload img-responsive wp-image-21259\" srcset=\"data:image\/svg+xml,%3Csvg%20xmlns%3D%27http%3A%2F%2Fwww.w3.org%2F2000%2Fsvg%27%20width%3D%274160%27%20height%3D%273120%27%20viewBox%3D%270%200%204160%203120%27%3E%3Crect%20width%3D%274160%27%20height%3D%273120%27%20fill-opacity%3D%220%22%2F%3E%3C%2Fsvg%3E\" data-srcset=\"https:\/\/liceofrancestenerife.es\/nuevaweb\/wp-content\/uploads\/2018\/02\/IMG_20180207_193112-200x150.jpg 200w, https:\/\/liceofrancestenerife.es\/nuevaweb\/wp-content\/uploads\/2018\/02\/IMG_20180207_193112-400x300.jpg 400w, https:\/\/liceofrancestenerife.es\/nuevaweb\/wp-content\/uploads\/2018\/02\/IMG_20180207_193112-600x450.jpg 600w, https:\/\/liceofrancestenerife.es\/nuevaweb\/wp-content\/uploads\/2018\/02\/IMG_20180207_193112-800x600.jpg 800w, https:\/\/liceofrancestenerife.es\/nuevaweb\/wp-content\/uploads\/2018\/02\/IMG_20180207_193112-1200x900.jpg 1200w, https:\/\/liceofrancestenerife.es\/nuevaweb\/wp-content\/uploads\/2018\/02\/IMG_20180207_193112.jpg 4160w\" data-sizes=\"auto\" data-orig-sizes=\"(min-width: 2200px) 100vw, (min-width: 640px) 1200px, \" \/><\/div><\/a><\/div><\/div><div style=\"padding:5px;\" class=\"fusion-grid-column fusion-gallery-column fusion-gallery-column-3 hover-type-none fusion-element-landscape fusion-element-portrait\"><div class=\"fusion-gallery-image\"><a href=\"https:\/\/liceofrancestenerife.es\/nuevaweb\/wp-content\/uploads\/2018\/02\/IMG_20180207_100202.jpg\" rel=\"noreferrer\" data-rel=\"iLightbox[gallery_image_1]\" class=\"fusion-lightbox\"><div style=\"padding-top:calc((100% + 10px) * 0.8);\" class=\"fusion-masonry-element-container lazyload\" data-bg=\"https:\/\/liceofrancestenerife.es\/nuevaweb\/wp-content\/uploads\/2018\/02\/IMG_20180207_100202.jpg\"><img decoding=\"async\" src=\"https:\/\/liceofrancestenerife.es\/nuevaweb\/wp-content\/uploads\/2018\/02\/IMG_20180207_100202.jpg\" data-orig-src=\"https:\/\/liceofrancestenerife.es\/nuevaweb\/wp-content\/uploads\/2018\/02\/IMG_20180207_100202.jpg\" width=\"4103\" height=\"2791\" alt=\"\" title=\"dav\" aria-label=\"dav\" class=\"lazyload img-responsive wp-image-21258\" srcset=\"data:image\/svg+xml,%3Csvg%20xmlns%3D%27http%3A%2F%2Fwww.w3.org%2F2000%2Fsvg%27%20width%3D%274103%27%20height%3D%272791%27%20viewBox%3D%270%200%204103%202791%27%3E%3Crect%20width%3D%274103%27%20height%3D%272791%27%20fill-opacity%3D%220%22%2F%3E%3C%2Fsvg%3E\" data-srcset=\"https:\/\/liceofrancestenerife.es\/nuevaweb\/wp-content\/uploads\/2018\/02\/IMG_20180207_100202-200x136.jpg 200w, https:\/\/liceofrancestenerife.es\/nuevaweb\/wp-content\/uploads\/2018\/02\/IMG_20180207_100202-400x272.jpg 400w, https:\/\/liceofrancestenerife.es\/nuevaweb\/wp-content\/uploads\/2018\/02\/IMG_20180207_100202-600x408.jpg 600w, https:\/\/liceofrancestenerife.es\/nuevaweb\/wp-content\/uploads\/2018\/02\/IMG_20180207_100202-800x544.jpg 800w, https:\/\/liceofrancestenerife.es\/nuevaweb\/wp-content\/uploads\/2018\/02\/IMG_20180207_100202-1200x816.jpg 1200w, https:\/\/liceofrancestenerife.es\/nuevaweb\/wp-content\/uploads\/2018\/02\/IMG_20180207_100202.jpg 4103w\" data-sizes=\"auto\" data-orig-sizes=\"(min-width: 2200px) 100vw, (min-width: 640px) 1200px, \" \/><\/div><\/a><\/div><\/div><div style=\"padding:5px;\" class=\"fusion-grid-column fusion-gallery-column fusion-gallery-column-3 hover-type-none fusion-element-portrait\"><div class=\"fusion-gallery-image\"><a href=\"https:\/\/liceofrancestenerife.es\/nuevaweb\/wp-content\/uploads\/2018\/02\/IMG_20180207_095850.jpg\" rel=\"noreferrer\" data-rel=\"iLightbox[gallery_image_1]\" class=\"fusion-lightbox\"><div style=\"padding-top:calc((100% + 10px) * 1.6);\" class=\"fusion-masonry-element-container lazyload\" data-bg=\"https:\/\/liceofrancestenerife.es\/nuevaweb\/wp-content\/uploads\/2018\/02\/IMG_20180207_095850.jpg\"><img decoding=\"async\" src=\"https:\/\/liceofrancestenerife.es\/nuevaweb\/wp-content\/uploads\/2018\/02\/IMG_20180207_095850.jpg\" data-orig-src=\"https:\/\/liceofrancestenerife.es\/nuevaweb\/wp-content\/uploads\/2018\/02\/IMG_20180207_095850.jpg\" width=\"3120\" height=\"4160\" alt=\"\" title=\"sdr\" aria-label=\"sdr\" class=\"lazyload img-responsive wp-image-21257\" srcset=\"data:image\/svg+xml,%3Csvg%20xmlns%3D%27http%3A%2F%2Fwww.w3.org%2F2000%2Fsvg%27%20width%3D%273120%27%20height%3D%274160%27%20viewBox%3D%270%200%203120%204160%27%3E%3Crect%20width%3D%273120%27%20height%3D%274160%27%20fill-opacity%3D%220%22%2F%3E%3C%2Fsvg%3E\" data-srcset=\"https:\/\/liceofrancestenerife.es\/nuevaweb\/wp-content\/uploads\/2018\/02\/IMG_20180207_095850-200x267.jpg 200w, https:\/\/liceofrancestenerife.es\/nuevaweb\/wp-content\/uploads\/2018\/02\/IMG_20180207_095850-400x533.jpg 400w, https:\/\/liceofrancestenerife.es\/nuevaweb\/wp-content\/uploads\/2018\/02\/IMG_20180207_095850-600x800.jpg 600w, https:\/\/liceofrancestenerife.es\/nuevaweb\/wp-content\/uploads\/2018\/02\/IMG_20180207_095850-800x1067.jpg 800w, https:\/\/liceofrancestenerife.es\/nuevaweb\/wp-content\/uploads\/2018\/02\/IMG_20180207_095850-1200x1600.jpg 1200w, https:\/\/liceofrancestenerife.es\/nuevaweb\/wp-content\/uploads\/2018\/02\/IMG_20180207_095850.jpg 3120w\" data-sizes=\"auto\" data-orig-sizes=\"(min-width: 2200px) 100vw, (min-width: 868px) 397px, (min-width: 754px) 595px, (min-width: 640px) 754px, \" \/><\/div><\/a><\/div><\/div><div style=\"padding:5px;\" class=\"fusion-grid-column fusion-gallery-column fusion-gallery-column-3 hover-type-none fusion-element-landscape fusion-element-portrait\"><div class=\"fusion-gallery-image\"><a href=\"https:\/\/liceofrancestenerife.es\/nuevaweb\/wp-content\/uploads\/2018\/02\/IMG_20180126_150838.jpg\" rel=\"noreferrer\" data-rel=\"iLightbox[gallery_image_1]\" class=\"fusion-lightbox\"><div style=\"padding-top:calc((100% + 10px) * 0.8);\" class=\"fusion-masonry-element-container lazyload\" data-bg=\"https:\/\/liceofrancestenerife.es\/nuevaweb\/wp-content\/uploads\/2018\/02\/IMG_20180126_150838.jpg\"><img decoding=\"async\" src=\"https:\/\/liceofrancestenerife.es\/nuevaweb\/wp-content\/uploads\/2018\/02\/IMG_20180126_150838.jpg\" data-orig-src=\"https:\/\/liceofrancestenerife.es\/nuevaweb\/wp-content\/uploads\/2018\/02\/IMG_20180126_150838.jpg\" width=\"4160\" height=\"3120\" alt=\"\" title=\"dav\" aria-label=\"dav\" class=\"lazyload img-responsive wp-image-21256\" srcset=\"data:image\/svg+xml,%3Csvg%20xmlns%3D%27http%3A%2F%2Fwww.w3.org%2F2000%2Fsvg%27%20width%3D%274160%27%20height%3D%273120%27%20viewBox%3D%270%200%204160%203120%27%3E%3Crect%20width%3D%274160%27%20height%3D%273120%27%20fill-opacity%3D%220%22%2F%3E%3C%2Fsvg%3E\" data-srcset=\"https:\/\/liceofrancestenerife.es\/nuevaweb\/wp-content\/uploads\/2018\/02\/IMG_20180126_150838-200x150.jpg 200w, https:\/\/liceofrancestenerife.es\/nuevaweb\/wp-content\/uploads\/2018\/02\/IMG_20180126_150838-400x300.jpg 400w, https:\/\/liceofrancestenerife.es\/nuevaweb\/wp-content\/uploads\/2018\/02\/IMG_20180126_150838-600x450.jpg 600w, https:\/\/liceofrancestenerife.es\/nuevaweb\/wp-content\/uploads\/2018\/02\/IMG_20180126_150838-800x600.jpg 800w, https:\/\/liceofrancestenerife.es\/nuevaweb\/wp-content\/uploads\/2018\/02\/IMG_20180126_150838-1200x900.jpg 1200w, https:\/\/liceofrancestenerife.es\/nuevaweb\/wp-content\/uploads\/2018\/02\/IMG_20180126_150838.jpg 4160w\" data-sizes=\"auto\" data-orig-sizes=\"(min-width: 2200px) 100vw, (min-width: 640px) 1200px, \" \/><\/div><\/a><\/div><\/div><div style=\"padding:5px;\" class=\"fusion-grid-column fusion-gallery-column fusion-gallery-column-3 hover-type-none fusion-element-landscape fusion-element-portrait\"><div class=\"fusion-gallery-image\"><a href=\"https:\/\/liceofrancestenerife.es\/nuevaweb\/wp-content\/uploads\/2018\/02\/IMG_20180126_150834.jpg\" rel=\"noreferrer\" data-rel=\"iLightbox[gallery_image_1]\" class=\"fusion-lightbox\"><div style=\"padding-top:calc((100% + 10px) * 0.8);\" class=\"fusion-masonry-element-container lazyload\" data-bg=\"https:\/\/liceofrancestenerife.es\/nuevaweb\/wp-content\/uploads\/2018\/02\/IMG_20180126_150834.jpg\"><img decoding=\"async\" src=\"https:\/\/liceofrancestenerife.es\/nuevaweb\/wp-content\/uploads\/2018\/02\/IMG_20180126_150834.jpg\" data-orig-src=\"https:\/\/liceofrancestenerife.es\/nuevaweb\/wp-content\/uploads\/2018\/02\/IMG_20180126_150834.jpg\" width=\"4160\" height=\"3120\" alt=\"\" title=\"sdr\" aria-label=\"sdr\" class=\"lazyload img-responsive wp-image-21255\" srcset=\"data:image\/svg+xml,%3Csvg%20xmlns%3D%27http%3A%2F%2Fwww.w3.org%2F2000%2Fsvg%27%20width%3D%274160%27%20height%3D%273120%27%20viewBox%3D%270%200%204160%203120%27%3E%3Crect%20width%3D%274160%27%20height%3D%273120%27%20fill-opacity%3D%220%22%2F%3E%3C%2Fsvg%3E\" data-srcset=\"https:\/\/liceofrancestenerife.es\/nuevaweb\/wp-content\/uploads\/2018\/02\/IMG_20180126_150834-200x150.jpg 200w, https:\/\/liceofrancestenerife.es\/nuevaweb\/wp-content\/uploads\/2018\/02\/IMG_20180126_150834-400x300.jpg 400w, https:\/\/liceofrancestenerife.es\/nuevaweb\/wp-content\/uploads\/2018\/02\/IMG_20180126_150834-600x450.jpg 600w, https:\/\/liceofrancestenerife.es\/nuevaweb\/wp-content\/uploads\/2018\/02\/IMG_20180126_150834-800x600.jpg 800w, https:\/\/liceofrancestenerife.es\/nuevaweb\/wp-content\/uploads\/2018\/02\/IMG_20180126_150834-1200x900.jpg 1200w, https:\/\/liceofrancestenerife.es\/nuevaweb\/wp-content\/uploads\/2018\/02\/IMG_20180126_150834.jpg 4160w\" data-sizes=\"auto\" data-orig-sizes=\"(min-width: 2200px) 100vw, (min-width: 640px) 1200px, \" \/><\/div><\/a><\/div><\/div><div style=\"padding:5px;\" class=\"fusion-grid-column fusion-gallery-column fusion-gallery-column-3 hover-type-none fusion-element-landscape fusion-element-portrait\"><div class=\"fusion-gallery-image\"><a href=\"https:\/\/liceofrancestenerife.es\/nuevaweb\/wp-content\/uploads\/2018\/02\/IMG_20180126_150317.jpg\" rel=\"noreferrer\" data-rel=\"iLightbox[gallery_image_1]\" class=\"fusion-lightbox\"><div style=\"padding-top:calc((100% + 10px) * 0.8);\" class=\"fusion-masonry-element-container lazyload\" data-bg=\"https:\/\/liceofrancestenerife.es\/nuevaweb\/wp-content\/uploads\/2018\/02\/IMG_20180126_150317.jpg\"><img decoding=\"async\" src=\"https:\/\/liceofrancestenerife.es\/nuevaweb\/wp-content\/uploads\/2018\/02\/IMG_20180126_150317.jpg\" data-orig-src=\"https:\/\/liceofrancestenerife.es\/nuevaweb\/wp-content\/uploads\/2018\/02\/IMG_20180126_150317.jpg\" width=\"4160\" height=\"3120\" alt=\"\" title=\"dav\" aria-label=\"dav\" class=\"lazyload img-responsive wp-image-21254\" srcset=\"data:image\/svg+xml,%3Csvg%20xmlns%3D%27http%3A%2F%2Fwww.w3.org%2F2000%2Fsvg%27%20width%3D%274160%27%20height%3D%273120%27%20viewBox%3D%270%200%204160%203120%27%3E%3Crect%20width%3D%274160%27%20height%3D%273120%27%20fill-opacity%3D%220%22%2F%3E%3C%2Fsvg%3E\" data-srcset=\"https:\/\/liceofrancestenerife.es\/nuevaweb\/wp-content\/uploads\/2018\/02\/IMG_20180126_150317-200x150.jpg 200w, https:\/\/liceofrancestenerife.es\/nuevaweb\/wp-content\/uploads\/2018\/02\/IMG_20180126_150317-400x300.jpg 400w, https:\/\/liceofrancestenerife.es\/nuevaweb\/wp-content\/uploads\/2018\/02\/IMG_20180126_150317-600x450.jpg 600w, https:\/\/liceofrancestenerife.es\/nuevaweb\/wp-content\/uploads\/2018\/02\/IMG_20180126_150317-800x600.jpg 800w, https:\/\/liceofrancestenerife.es\/nuevaweb\/wp-content\/uploads\/2018\/02\/IMG_20180126_150317-1200x900.jpg 1200w, https:\/\/liceofrancestenerife.es\/nuevaweb\/wp-content\/uploads\/2018\/02\/IMG_20180126_150317.jpg 4160w\" data-sizes=\"auto\" data-orig-sizes=\"(min-width: 2200px) 100vw, (min-width: 640px) 1200px, \" \/><\/div><\/a><\/div><\/div><\/div><div class=\"fusion-clearfix\"><\/div><\/div><\/div><\/div><\/div>\n","protected":false},"excerpt":{"rendered":"","protected":false},"author":282,"featured_media":21257,"comment_status":"open","ping_status":"open","sticky":false,"template":"","format":"standard","meta":{"footnotes":""},"categories":[172,107],"tags":[],"class_list":["post-21261","post","type-post","status-publish","format-standard","has-post-thumbnail","hentry","category-evenements","category-secondaire"],"jetpack_featured_media_url":"https:\/\/liceofrancestenerife.es\/nuevaweb\/wp-content\/uploads\/2018\/02\/IMG_20180207_095850.jpg","_links":{"self":[{"href":"https:\/\/liceofrancestenerife.es\/fr\/wp-json\/wp\/v2\/posts\/21261","targetHints":{"allow":["GET"]}}],"collection":[{"href":"https:\/\/liceofrancestenerife.es\/fr\/wp-json\/wp\/v2\/posts"}],"about":[{"href":"https:\/\/liceofrancestenerife.es\/fr\/wp-json\/wp\/v2\/types\/post"}],"author":[{"embeddable":true,"href":"https:\/\/liceofrancestenerife.es\/fr\/wp-json\/wp\/v2\/users\/282"}],"replies":[{"embeddable":true,"href":"https:\/\/liceofrancestenerife.es\/fr\/wp-json\/wp\/v2\/comments?post=21261"}],"version-history":[{"count":2,"href":"https:\/\/liceofrancestenerife.es\/fr\/wp-json\/wp\/v2\/posts\/21261\/revisions"}],"predecessor-version":[{"id":21262,"href":"https:\/\/liceofrancestenerife.es\/fr\/wp-json\/wp\/v2\/posts\/21261\/revisions\/21262"}],"wp:featuredmedia":[{"embeddable":true,"href":"https:\/\/liceofrancestenerife.es\/fr\/wp-json\/wp\/v2\/media\/21257"}],"wp:attachment":[{"href":"https:\/\/liceofrancestenerife.es\/fr\/wp-json\/wp\/v2\/media?parent=21261"}],"wp:term":[{"taxonomy":"category","embeddable":true,"href":"https:\/\/liceofrancestenerife.es\/fr\/wp-json\/wp\/v2\/categories?post=21261"},{"taxonomy":"post_tag","embeddable":true,"href":"https:\/\/liceofrancestenerife.es\/fr\/wp-json\/wp\/v2\/tags?post=21261"}],"curies":[{"name":"wp","href":"https:\/\/api.w.org\/{rel}","templated":true}]}}