{"id":21275,"date":"2018-03-02T21:00:31","date_gmt":"2018-03-02T21:00:31","guid":{"rendered":"http:\/\/liceofrancestenerife.es\/?p=21275"},"modified":"2018-02-26T15:32:36","modified_gmt":"2018-02-26T15:32:36","slug":"acercate-la-quimica","status":"publish","type":"post","link":"https:\/\/liceofrancestenerife.es\/fr\/acercate-la-quimica\/","title":{"rendered":"Plus proches de la chimie&#8230;"},"content":{"rendered":"<div class=\"fusion-fullwidth fullwidth-box fusion-builder-row-1 nonhundred-percent-fullwidth non-hundred-percent-height-scrolling\" style=\"background-color: rgba(255,255,255,0);background-position: center center;background-repeat: no-repeat;padding-top:0px;padding-right:0px;padding-bottom:0px;padding-left:0px;margin-bottom: 0px;margin-top: 0px;border-width: 0px 0px 0px 0px;border-color:#eae9e9;border-style:solid;\" ><div class=\"fusion-builder-row fusion-row\"><div class=\"fusion-layout-column fusion_builder_column fusion-builder-column-0 fusion_builder_column_1_1 1_1 fusion-one-full fusion-column-first fusion-column-last\" style=\"margin-top:0px;margin-bottom:0px;\"><div class=\"fusion-column-wrapper fusion-flex-column-wrapper-legacy\" style=\"background-position:left top;background-repeat:no-repeat;-webkit-background-size:cover;-moz-background-size:cover;-o-background-size:cover;background-size:cover;padding: 0px 0px 0px 0px;\"><div class=\"fusion-text fusion-text-1\"><p align=\"left\">Le 29 janvier nos \u00e9l\u00e8ves de la fili\u00e8re de sciences de premi\u00e8re et terminale ont particip\u00e9 \u00e0 la \u201cJourn\u00e9e de Chimie\u201d, organis\u00e9e par la facult\u00e9 de chimie de la ULL. Pendant cette journ\u00e9e, ils ont r\u00e9alis\u00e9 des exp\u00e9riences de laboratoire associ\u00e9es \u00e0 la mati\u00e8re.<\/p>\n<\/div><style type=\"text\/css\">.fusion-gallery-1 .fusion-gallery-image {border:0px solid #f6f6f6;}<\/style><div class=\"fusion-gallery fusion-gallery-container fusion-grid-3 fusion-columns-total-8 fusion-gallery-layout-masonry fusion-gallery-1\" style=\"margin:-5px;\"><div class=\"fusion-grid-column fusion-gallery-column fusion-gallery-column-3 hover-type-none fusion-grid-sizer\"><\/div><div style=\"padding:5px;\" class=\"fusion-grid-column fusion-gallery-column fusion-gallery-column-3 hover-type-none fusion-element-portrait\"><div class=\"fusion-gallery-image\"><a href=\"https:\/\/liceofrancestenerife.es\/nuevaweb\/wp-content\/uploads\/2018\/02\/IMG_20180129_110244.jpg\" rel=\"noreferrer\" data-rel=\"iLightbox[gallery_image_1]\" class=\"fusion-lightbox\"><div style=\"padding-top:calc((100% + 10px) * 1.6);\" class=\"fusion-masonry-element-container lazyload\" data-bg=\"https:\/\/liceofrancestenerife.es\/nuevaweb\/wp-content\/uploads\/2018\/02\/IMG_20180129_110244.jpg\"><img decoding=\"async\" src=\"https:\/\/liceofrancestenerife.es\/nuevaweb\/wp-content\/uploads\/2018\/02\/IMG_20180129_110244.jpg\" data-orig-src=\"https:\/\/liceofrancestenerife.es\/nuevaweb\/wp-content\/uploads\/2018\/02\/IMG_20180129_110244.jpg\" width=\"3120\" height=\"4160\" alt=\"\" title=\"dav\" aria-label=\"dav\" class=\"lazyload img-responsive wp-image-21265\" srcset=\"data:image\/svg+xml,%3Csvg%20xmlns%3D%27http%3A%2F%2Fwww.w3.org%2F2000%2Fsvg%27%20width%3D%273120%27%20height%3D%274160%27%20viewBox%3D%270%200%203120%204160%27%3E%3Crect%20width%3D%273120%27%20height%3D%274160%27%20fill-opacity%3D%220%22%2F%3E%3C%2Fsvg%3E\" data-srcset=\"https:\/\/liceofrancestenerife.es\/nuevaweb\/wp-content\/uploads\/2018\/02\/IMG_20180129_110244-200x267.jpg 200w, https:\/\/liceofrancestenerife.es\/nuevaweb\/wp-content\/uploads\/2018\/02\/IMG_20180129_110244-400x533.jpg 400w, https:\/\/liceofrancestenerife.es\/nuevaweb\/wp-content\/uploads\/2018\/02\/IMG_20180129_110244-600x800.jpg 600w, https:\/\/liceofrancestenerife.es\/nuevaweb\/wp-content\/uploads\/2018\/02\/IMG_20180129_110244-800x1067.jpg 800w, https:\/\/liceofrancestenerife.es\/nuevaweb\/wp-content\/uploads\/2018\/02\/IMG_20180129_110244-1200x1600.jpg 1200w, https:\/\/liceofrancestenerife.es\/nuevaweb\/wp-content\/uploads\/2018\/02\/IMG_20180129_110244.jpg 3120w\" data-sizes=\"auto\" data-orig-sizes=\"(min-width: 2200px) 100vw, (min-width: 868px) 397px, (min-width: 754px) 595px, (min-width: 640px) 754px, \" \/><\/div><\/a><\/div><\/div><div style=\"padding:5px;\" class=\"fusion-grid-column fusion-gallery-column fusion-gallery-column-3 hover-type-none fusion-element-portrait\"><div class=\"fusion-gallery-image\"><a href=\"https:\/\/liceofrancestenerife.es\/nuevaweb\/wp-content\/uploads\/2018\/02\/IMG_20180129_112953.jpg\" rel=\"noreferrer\" data-rel=\"iLightbox[gallery_image_1]\" class=\"fusion-lightbox\"><div style=\"padding-top:calc((100% + 10px) * 1.6);\" class=\"fusion-masonry-element-container lazyload\" data-bg=\"https:\/\/liceofrancestenerife.es\/nuevaweb\/wp-content\/uploads\/2018\/02\/IMG_20180129_112953.jpg\"><img decoding=\"async\" src=\"https:\/\/liceofrancestenerife.es\/nuevaweb\/wp-content\/uploads\/2018\/02\/IMG_20180129_112953.jpg\" data-orig-src=\"https:\/\/liceofrancestenerife.es\/nuevaweb\/wp-content\/uploads\/2018\/02\/IMG_20180129_112953.jpg\" width=\"3120\" height=\"4160\" alt=\"\" title=\"dav\" aria-label=\"dav\" class=\"lazyload img-responsive wp-image-21266\" srcset=\"data:image\/svg+xml,%3Csvg%20xmlns%3D%27http%3A%2F%2Fwww.w3.org%2F2000%2Fsvg%27%20width%3D%273120%27%20height%3D%274160%27%20viewBox%3D%270%200%203120%204160%27%3E%3Crect%20width%3D%273120%27%20height%3D%274160%27%20fill-opacity%3D%220%22%2F%3E%3C%2Fsvg%3E\" data-srcset=\"https:\/\/liceofrancestenerife.es\/nuevaweb\/wp-content\/uploads\/2018\/02\/IMG_20180129_112953-200x267.jpg 200w, https:\/\/liceofrancestenerife.es\/nuevaweb\/wp-content\/uploads\/2018\/02\/IMG_20180129_112953-400x533.jpg 400w, https:\/\/liceofrancestenerife.es\/nuevaweb\/wp-content\/uploads\/2018\/02\/IMG_20180129_112953-600x800.jpg 600w, https:\/\/liceofrancestenerife.es\/nuevaweb\/wp-content\/uploads\/2018\/02\/IMG_20180129_112953-800x1067.jpg 800w, https:\/\/liceofrancestenerife.es\/nuevaweb\/wp-content\/uploads\/2018\/02\/IMG_20180129_112953-1200x1600.jpg 1200w, https:\/\/liceofrancestenerife.es\/nuevaweb\/wp-content\/uploads\/2018\/02\/IMG_20180129_112953.jpg 3120w\" data-sizes=\"auto\" data-orig-sizes=\"(min-width: 2200px) 100vw, (min-width: 868px) 397px, (min-width: 754px) 595px, (min-width: 640px) 754px, \" \/><\/div><\/a><\/div><\/div><div style=\"padding:5px;\" class=\"fusion-grid-column fusion-gallery-column fusion-gallery-column-3 hover-type-none fusion-element-landscape fusion-element-portrait\"><div class=\"fusion-gallery-image\"><a href=\"https:\/\/liceofrancestenerife.es\/nuevaweb\/wp-content\/uploads\/2018\/02\/IMG_20180129_111231.jpg\" rel=\"noreferrer\" data-rel=\"iLightbox[gallery_image_1]\" class=\"fusion-lightbox\"><div style=\"padding-top:calc((100% + 10px) * 0.8);\" class=\"fusion-masonry-element-container lazyload\" data-bg=\"https:\/\/liceofrancestenerife.es\/nuevaweb\/wp-content\/uploads\/2018\/02\/IMG_20180129_111231.jpg\"><img decoding=\"async\" src=\"https:\/\/liceofrancestenerife.es\/nuevaweb\/wp-content\/uploads\/2018\/02\/IMG_20180129_111231.jpg\" data-orig-src=\"https:\/\/liceofrancestenerife.es\/nuevaweb\/wp-content\/uploads\/2018\/02\/IMG_20180129_111231.jpg\" width=\"4160\" height=\"3120\" alt=\"\" title=\"dav\" aria-label=\"dav\" class=\"lazyload img-responsive wp-image-21267\" srcset=\"data:image\/svg+xml,%3Csvg%20xmlns%3D%27http%3A%2F%2Fwww.w3.org%2F2000%2Fsvg%27%20width%3D%274160%27%20height%3D%273120%27%20viewBox%3D%270%200%204160%203120%27%3E%3Crect%20width%3D%274160%27%20height%3D%273120%27%20fill-opacity%3D%220%22%2F%3E%3C%2Fsvg%3E\" data-srcset=\"https:\/\/liceofrancestenerife.es\/nuevaweb\/wp-content\/uploads\/2018\/02\/IMG_20180129_111231-200x150.jpg 200w, https:\/\/liceofrancestenerife.es\/nuevaweb\/wp-content\/uploads\/2018\/02\/IMG_20180129_111231-400x300.jpg 400w, https:\/\/liceofrancestenerife.es\/nuevaweb\/wp-content\/uploads\/2018\/02\/IMG_20180129_111231-600x450.jpg 600w, https:\/\/liceofrancestenerife.es\/nuevaweb\/wp-content\/uploads\/2018\/02\/IMG_20180129_111231-800x600.jpg 800w, https:\/\/liceofrancestenerife.es\/nuevaweb\/wp-content\/uploads\/2018\/02\/IMG_20180129_111231-1200x900.jpg 1200w, https:\/\/liceofrancestenerife.es\/nuevaweb\/wp-content\/uploads\/2018\/02\/IMG_20180129_111231.jpg 4160w\" data-sizes=\"auto\" data-orig-sizes=\"(min-width: 2200px) 100vw, (min-width: 640px) 1200px, \" \/><\/div><\/a><\/div><\/div><div style=\"padding:5px;\" class=\"fusion-grid-column fusion-gallery-column fusion-gallery-column-3 hover-type-none fusion-element-landscape fusion-element-portrait\"><div class=\"fusion-gallery-image\"><a href=\"https:\/\/liceofrancestenerife.es\/nuevaweb\/wp-content\/uploads\/2018\/02\/IMG_20180129_110257.jpg\" rel=\"noreferrer\" data-rel=\"iLightbox[gallery_image_1]\" class=\"fusion-lightbox\"><div style=\"padding-top:calc((100% + 10px) * 0.8);\" class=\"fusion-masonry-element-container lazyload\" data-bg=\"https:\/\/liceofrancestenerife.es\/nuevaweb\/wp-content\/uploads\/2018\/02\/IMG_20180129_110257.jpg\"><img decoding=\"async\" src=\"https:\/\/liceofrancestenerife.es\/nuevaweb\/wp-content\/uploads\/2018\/02\/IMG_20180129_110257.jpg\" data-orig-src=\"https:\/\/liceofrancestenerife.es\/nuevaweb\/wp-content\/uploads\/2018\/02\/IMG_20180129_110257.jpg\" width=\"4160\" height=\"3120\" alt=\"\" title=\"dav\" aria-label=\"dav\" class=\"lazyload img-responsive wp-image-21268\" srcset=\"data:image\/svg+xml,%3Csvg%20xmlns%3D%27http%3A%2F%2Fwww.w3.org%2F2000%2Fsvg%27%20width%3D%274160%27%20height%3D%273120%27%20viewBox%3D%270%200%204160%203120%27%3E%3Crect%20width%3D%274160%27%20height%3D%273120%27%20fill-opacity%3D%220%22%2F%3E%3C%2Fsvg%3E\" data-srcset=\"https:\/\/liceofrancestenerife.es\/nuevaweb\/wp-content\/uploads\/2018\/02\/IMG_20180129_110257-200x150.jpg 200w, https:\/\/liceofrancestenerife.es\/nuevaweb\/wp-content\/uploads\/2018\/02\/IMG_20180129_110257-400x300.jpg 400w, https:\/\/liceofrancestenerife.es\/nuevaweb\/wp-content\/uploads\/2018\/02\/IMG_20180129_110257-600x450.jpg 600w, https:\/\/liceofrancestenerife.es\/nuevaweb\/wp-content\/uploads\/2018\/02\/IMG_20180129_110257-800x600.jpg 800w, https:\/\/liceofrancestenerife.es\/nuevaweb\/wp-content\/uploads\/2018\/02\/IMG_20180129_110257-1200x900.jpg 1200w, https:\/\/liceofrancestenerife.es\/nuevaweb\/wp-content\/uploads\/2018\/02\/IMG_20180129_110257.jpg 4160w\" data-sizes=\"auto\" data-orig-sizes=\"(min-width: 2200px) 100vw, (min-width: 640px) 1200px, \" \/><\/div><\/a><\/div><\/div><div style=\"padding:5px;\" class=\"fusion-grid-column fusion-gallery-column fusion-gallery-column-3 hover-type-none fusion-element-portrait\"><div class=\"fusion-gallery-image\"><a href=\"https:\/\/liceofrancestenerife.es\/nuevaweb\/wp-content\/uploads\/2018\/02\/IMG_20180129_104445.jpg\" rel=\"noreferrer\" data-rel=\"iLightbox[gallery_image_1]\" class=\"fusion-lightbox\"><div style=\"padding-top:calc((100% + 10px) * 1.6);\" class=\"fusion-masonry-element-container lazyload\" data-bg=\"https:\/\/liceofrancestenerife.es\/nuevaweb\/wp-content\/uploads\/2018\/02\/IMG_20180129_104445.jpg\"><img decoding=\"async\" src=\"https:\/\/liceofrancestenerife.es\/nuevaweb\/wp-content\/uploads\/2018\/02\/IMG_20180129_104445.jpg\" data-orig-src=\"https:\/\/liceofrancestenerife.es\/nuevaweb\/wp-content\/uploads\/2018\/02\/IMG_20180129_104445.jpg\" width=\"3120\" height=\"4160\" alt=\"\" title=\"dav\" aria-label=\"dav\" class=\"lazyload img-responsive wp-image-21269\" srcset=\"data:image\/svg+xml,%3Csvg%20xmlns%3D%27http%3A%2F%2Fwww.w3.org%2F2000%2Fsvg%27%20width%3D%273120%27%20height%3D%274160%27%20viewBox%3D%270%200%203120%204160%27%3E%3Crect%20width%3D%273120%27%20height%3D%274160%27%20fill-opacity%3D%220%22%2F%3E%3C%2Fsvg%3E\" data-srcset=\"https:\/\/liceofrancestenerife.es\/nuevaweb\/wp-content\/uploads\/2018\/02\/IMG_20180129_104445-200x267.jpg 200w, https:\/\/liceofrancestenerife.es\/nuevaweb\/wp-content\/uploads\/2018\/02\/IMG_20180129_104445-400x533.jpg 400w, https:\/\/liceofrancestenerife.es\/nuevaweb\/wp-content\/uploads\/2018\/02\/IMG_20180129_104445-600x800.jpg 600w, https:\/\/liceofrancestenerife.es\/nuevaweb\/wp-content\/uploads\/2018\/02\/IMG_20180129_104445-800x1067.jpg 800w, https:\/\/liceofrancestenerife.es\/nuevaweb\/wp-content\/uploads\/2018\/02\/IMG_20180129_104445-1200x1600.jpg 1200w, https:\/\/liceofrancestenerife.es\/nuevaweb\/wp-content\/uploads\/2018\/02\/IMG_20180129_104445.jpg 3120w\" data-sizes=\"auto\" data-orig-sizes=\"(min-width: 2200px) 100vw, (min-width: 868px) 397px, (min-width: 754px) 595px, (min-width: 640px) 754px, \" \/><\/div><\/a><\/div><\/div><div style=\"padding:5px;\" class=\"fusion-grid-column fusion-gallery-column fusion-gallery-column-3 hover-type-none fusion-element-portrait\"><div class=\"fusion-gallery-image\"><a href=\"https:\/\/liceofrancestenerife.es\/nuevaweb\/wp-content\/uploads\/2018\/02\/IMG_20180129_104459.jpg\" rel=\"noreferrer\" data-rel=\"iLightbox[gallery_image_1]\" class=\"fusion-lightbox\"><div style=\"padding-top:calc((100% + 10px) * 1.6);\" class=\"fusion-masonry-element-container lazyload\" data-bg=\"https:\/\/liceofrancestenerife.es\/nuevaweb\/wp-content\/uploads\/2018\/02\/IMG_20180129_104459.jpg\"><img decoding=\"async\" src=\"https:\/\/liceofrancestenerife.es\/nuevaweb\/wp-content\/uploads\/2018\/02\/IMG_20180129_104459.jpg\" data-orig-src=\"https:\/\/liceofrancestenerife.es\/nuevaweb\/wp-content\/uploads\/2018\/02\/IMG_20180129_104459.jpg\" width=\"3120\" height=\"4160\" alt=\"\" title=\"dav\" aria-label=\"dav\" class=\"lazyload img-responsive wp-image-21270\" srcset=\"data:image\/svg+xml,%3Csvg%20xmlns%3D%27http%3A%2F%2Fwww.w3.org%2F2000%2Fsvg%27%20width%3D%273120%27%20height%3D%274160%27%20viewBox%3D%270%200%203120%204160%27%3E%3Crect%20width%3D%273120%27%20height%3D%274160%27%20fill-opacity%3D%220%22%2F%3E%3C%2Fsvg%3E\" data-srcset=\"https:\/\/liceofrancestenerife.es\/nuevaweb\/wp-content\/uploads\/2018\/02\/IMG_20180129_104459-200x267.jpg 200w, https:\/\/liceofrancestenerife.es\/nuevaweb\/wp-content\/uploads\/2018\/02\/IMG_20180129_104459-400x533.jpg 400w, https:\/\/liceofrancestenerife.es\/nuevaweb\/wp-content\/uploads\/2018\/02\/IMG_20180129_104459-600x800.jpg 600w, https:\/\/liceofrancestenerife.es\/nuevaweb\/wp-content\/uploads\/2018\/02\/IMG_20180129_104459-800x1067.jpg 800w, https:\/\/liceofrancestenerife.es\/nuevaweb\/wp-content\/uploads\/2018\/02\/IMG_20180129_104459-1200x1600.jpg 1200w, https:\/\/liceofrancestenerife.es\/nuevaweb\/wp-content\/uploads\/2018\/02\/IMG_20180129_104459.jpg 3120w\" data-sizes=\"auto\" data-orig-sizes=\"(min-width: 2200px) 100vw, (min-width: 868px) 397px, (min-width: 754px) 595px, (min-width: 640px) 754px, \" \/><\/div><\/a><\/div><\/div><div style=\"padding:5px;\" class=\"fusion-grid-column fusion-gallery-column fusion-gallery-column-3 hover-type-none fusion-element-portrait\"><div class=\"fusion-gallery-image\"><a href=\"https:\/\/liceofrancestenerife.es\/nuevaweb\/wp-content\/uploads\/2018\/02\/IMG_20180129_104520.jpg\" rel=\"noreferrer\" data-rel=\"iLightbox[gallery_image_1]\" class=\"fusion-lightbox\"><div style=\"padding-top:calc((100% + 10px) * 1.6);\" class=\"fusion-masonry-element-container lazyload\" data-bg=\"https:\/\/liceofrancestenerife.es\/nuevaweb\/wp-content\/uploads\/2018\/02\/IMG_20180129_104520.jpg\"><img decoding=\"async\" src=\"https:\/\/liceofrancestenerife.es\/nuevaweb\/wp-content\/uploads\/2018\/02\/IMG_20180129_104520.jpg\" data-orig-src=\"https:\/\/liceofrancestenerife.es\/nuevaweb\/wp-content\/uploads\/2018\/02\/IMG_20180129_104520.jpg\" width=\"3120\" height=\"4160\" alt=\"\" title=\"dav\" aria-label=\"dav\" class=\"lazyload img-responsive wp-image-21271\" srcset=\"data:image\/svg+xml,%3Csvg%20xmlns%3D%27http%3A%2F%2Fwww.w3.org%2F2000%2Fsvg%27%20width%3D%273120%27%20height%3D%274160%27%20viewBox%3D%270%200%203120%204160%27%3E%3Crect%20width%3D%273120%27%20height%3D%274160%27%20fill-opacity%3D%220%22%2F%3E%3C%2Fsvg%3E\" data-srcset=\"https:\/\/liceofrancestenerife.es\/nuevaweb\/wp-content\/uploads\/2018\/02\/IMG_20180129_104520-200x267.jpg 200w, https:\/\/liceofrancestenerife.es\/nuevaweb\/wp-content\/uploads\/2018\/02\/IMG_20180129_104520-400x533.jpg 400w, https:\/\/liceofrancestenerife.es\/nuevaweb\/wp-content\/uploads\/2018\/02\/IMG_20180129_104520-600x800.jpg 600w, https:\/\/liceofrancestenerife.es\/nuevaweb\/wp-content\/uploads\/2018\/02\/IMG_20180129_104520-800x1067.jpg 800w, https:\/\/liceofrancestenerife.es\/nuevaweb\/wp-content\/uploads\/2018\/02\/IMG_20180129_104520-1200x1600.jpg 1200w, https:\/\/liceofrancestenerife.es\/nuevaweb\/wp-content\/uploads\/2018\/02\/IMG_20180129_104520.jpg 3120w\" data-sizes=\"auto\" data-orig-sizes=\"(min-width: 2200px) 100vw, (min-width: 868px) 397px, (min-width: 754px) 595px, (min-width: 640px) 754px, \" \/><\/div><\/a><\/div><\/div><div style=\"padding:5px;\" class=\"fusion-grid-column fusion-gallery-column fusion-gallery-column-3 hover-type-none fusion-element-portrait\"><div class=\"fusion-gallery-image\"><a href=\"https:\/\/liceofrancestenerife.es\/nuevaweb\/wp-content\/uploads\/2018\/02\/IMG_20180129_104759.jpg\" rel=\"noreferrer\" data-rel=\"iLightbox[gallery_image_1]\" class=\"fusion-lightbox\"><div style=\"padding-top:calc((100% + 10px) * 1.6);\" class=\"fusion-masonry-element-container lazyload\" data-bg=\"https:\/\/liceofrancestenerife.es\/nuevaweb\/wp-content\/uploads\/2018\/02\/IMG_20180129_104759.jpg\"><img decoding=\"async\" src=\"https:\/\/liceofrancestenerife.es\/nuevaweb\/wp-content\/uploads\/2018\/02\/IMG_20180129_104759.jpg\" data-orig-src=\"https:\/\/liceofrancestenerife.es\/nuevaweb\/wp-content\/uploads\/2018\/02\/IMG_20180129_104759.jpg\" width=\"3120\" height=\"4160\" alt=\"\" title=\"sdr\" aria-label=\"sdr\" class=\"lazyload img-responsive wp-image-21272\" srcset=\"data:image\/svg+xml,%3Csvg%20xmlns%3D%27http%3A%2F%2Fwww.w3.org%2F2000%2Fsvg%27%20width%3D%273120%27%20height%3D%274160%27%20viewBox%3D%270%200%203120%204160%27%3E%3Crect%20width%3D%273120%27%20height%3D%274160%27%20fill-opacity%3D%220%22%2F%3E%3C%2Fsvg%3E\" data-srcset=\"https:\/\/liceofrancestenerife.es\/nuevaweb\/wp-content\/uploads\/2018\/02\/IMG_20180129_104759-200x267.jpg 200w, https:\/\/liceofrancestenerife.es\/nuevaweb\/wp-content\/uploads\/2018\/02\/IMG_20180129_104759-400x533.jpg 400w, https:\/\/liceofrancestenerife.es\/nuevaweb\/wp-content\/uploads\/2018\/02\/IMG_20180129_104759-600x800.jpg 600w, https:\/\/liceofrancestenerife.es\/nuevaweb\/wp-content\/uploads\/2018\/02\/IMG_20180129_104759-800x1067.jpg 800w, https:\/\/liceofrancestenerife.es\/nuevaweb\/wp-content\/uploads\/2018\/02\/IMG_20180129_104759-1200x1600.jpg 1200w, https:\/\/liceofrancestenerife.es\/nuevaweb\/wp-content\/uploads\/2018\/02\/IMG_20180129_104759.jpg 3120w\" data-sizes=\"auto\" data-orig-sizes=\"(min-width: 2200px) 100vw, (min-width: 868px) 397px, (min-width: 754px) 595px, (min-width: 640px) 754px, \" \/><\/div><\/a><\/div><\/div><\/div><div class=\"fusion-clearfix\"><\/div><\/div><\/div><\/div><\/div>\n","protected":false},"excerpt":{"rendered":"","protected":false},"author":282,"featured_media":21269,"comment_status":"open","ping_status":"open","sticky":false,"template":"","format":"standard","meta":{"footnotes":""},"categories":[102,107,92,166],"tags":[],"class_list":["post-21275","post","type-post","status-publish","format-standard","has-post-thumbnail","hentry","category-bachibac","category-secondaire","category-visites-reunions","category-voyages-et-excursions"],"jetpack_featured_media_url":"https:\/\/liceofrancestenerife.es\/nuevaweb\/wp-content\/uploads\/2018\/02\/IMG_20180129_104445.jpg","_links":{"self":[{"href":"https:\/\/liceofrancestenerife.es\/fr\/wp-json\/wp\/v2\/posts\/21275","targetHints":{"allow":["GET"]}}],"collection":[{"href":"https:\/\/liceofrancestenerife.es\/fr\/wp-json\/wp\/v2\/posts"}],"about":[{"href":"https:\/\/liceofrancestenerife.es\/fr\/wp-json\/wp\/v2\/types\/post"}],"author":[{"embeddable":true,"href":"https:\/\/liceofrancestenerife.es\/fr\/wp-json\/wp\/v2\/users\/282"}],"replies":[{"embeddable":true,"href":"https:\/\/liceofrancestenerife.es\/fr\/wp-json\/wp\/v2\/comments?post=21275"}],"version-history":[{"count":2,"href":"https:\/\/liceofrancestenerife.es\/fr\/wp-json\/wp\/v2\/posts\/21275\/revisions"}],"predecessor-version":[{"id":21276,"href":"https:\/\/liceofrancestenerife.es\/fr\/wp-json\/wp\/v2\/posts\/21275\/revisions\/21276"}],"wp:featuredmedia":[{"embeddable":true,"href":"https:\/\/liceofrancestenerife.es\/fr\/wp-json\/wp\/v2\/media\/21269"}],"wp:attachment":[{"href":"https:\/\/liceofrancestenerife.es\/fr\/wp-json\/wp\/v2\/media?parent=21275"}],"wp:term":[{"taxonomy":"category","embeddable":true,"href":"https:\/\/liceofrancestenerife.es\/fr\/wp-json\/wp\/v2\/categories?post=21275"},{"taxonomy":"post_tag","embeddable":true,"href":"https:\/\/liceofrancestenerife.es\/fr\/wp-json\/wp\/v2\/tags?post=21275"}],"curies":[{"name":"wp","href":"https:\/\/api.w.org\/{rel}","templated":true}]}}