{"id":22451,"date":"2018-04-30T09:03:04","date_gmt":"2018-04-30T08:03:04","guid":{"rendered":"http:\/\/liceofrancestenerife.es\/torneo-del-mediterraneo-con-down-tenerife\/"},"modified":"2018-04-30T09:07:05","modified_gmt":"2018-04-30T08:07:05","slug":"torneo-del-mediterraneo-con-down-tenerife","status":"publish","type":"post","link":"https:\/\/liceofrancestenerife.es\/fr\/torneo-del-mediterraneo-con-down-tenerife\/","title":{"rendered":"Tournoi de la Mediterran\u00e9e avec Down Tenerife"},"content":{"rendered":"<p><span id=\"fbPhotoSnowliftCaption\" class=\"fbPhotosPhotoCaption\" tabindex=\"0\" aria-live=\"polite\" data-ft=\"{&quot;tn&quot;:&quot;K&quot;}\"><span class=\"hasCaption\">Parce que le rugby, au del\u00e0 d&#8217;un sport et d&#8217;une \u00e9cole de la vie, ce sont des valeurs de partage et solidarit\u00e9, le Tournoi de la m\u00e9diterran\u00e9e aura le plaisir cette ann\u00e9e de collaborer avec Down Tenerife. Cette association de Tenerife d\u00e9fend la dignit\u00e9 des personnes atteintes de trisomie 21, promeut et d\u00e9veloppe tous types d&#8217;activit\u00e9s visant \u00e0 atteindre une meilleure autonomie. Quel meilleur levier<span class=\"text_exposed_show\"> d&#8217;int\u00e9gration sociale que le sport? <a class=\"_58cn\" href=\"https:\/\/www.facebook.com\/hashtag\/tousensemble\" data-ft=\"{&quot;tn&quot;:&quot;*N&quot;,&quot;type&quot;:104}\">#TousEnsemble<\/a> <a class=\"_58cn\" href=\"https:\/\/www.facebook.com\/hashtag\/tousdiff\u00e9rentstous\u00e9gaux\" data-ft=\"{&quot;tn&quot;:&quot;*N&quot;,&quot;type&quot;:104}\">#TousDiff\u00e9rentsTous\u00c9gaux<\/a><\/span><\/span><\/span><\/p>\n","protected":false},"excerpt":{"rendered":"<p>Parce que le rugby, au del\u00e0 d&#8217;un sport et d&#8217;une \u00e9cole de la vie, ce sont des valeurs de partage et solidarit\u00e9, le Tournoi de la m\u00e9diterran\u00e9e aura le plaisir cette ann\u00e9e de collaborer avec Down Tenerife. Cette association de Tenerife d\u00e9fend la dignit\u00e9 des personnes atteintes de trisomie 21, promeut et d\u00e9veloppe tous types [&hellip;]<\/p>\n","protected":false},"author":282,"featured_media":22446,"comment_status":"open","ping_status":"open","sticky":false,"template":"","format":"standard","meta":{"footnotes":""},"categories":[172],"tags":[],"class_list":["post-22451","post","type-post","status-publish","format-standard","has-post-thumbnail","hentry","category-evenements"],"jetpack_featured_media_url":"https:\/\/liceofrancestenerife.es\/nuevaweb\/wp-content\/uploads\/2018\/04\/31345178_1918181871586582_4684875778734165654_n.jpg","_links":{"self":[{"href":"https:\/\/liceofrancestenerife.es\/fr\/wp-json\/wp\/v2\/posts\/22451","targetHints":{"allow":["GET"]}}],"collection":[{"href":"https:\/\/liceofrancestenerife.es\/fr\/wp-json\/wp\/v2\/posts"}],"about":[{"href":"https:\/\/liceofrancestenerife.es\/fr\/wp-json\/wp\/v2\/types\/post"}],"author":[{"embeddable":true,"href":"https:\/\/liceofrancestenerife.es\/fr\/wp-json\/wp\/v2\/users\/282"}],"replies":[{"embeddable":true,"href":"https:\/\/liceofrancestenerife.es\/fr\/wp-json\/wp\/v2\/comments?post=22451"}],"version-history":[{"count":2,"href":"https:\/\/liceofrancestenerife.es\/fr\/wp-json\/wp\/v2\/posts\/22451\/revisions"}],"predecessor-version":[{"id":22453,"href":"https:\/\/liceofrancestenerife.es\/fr\/wp-json\/wp\/v2\/posts\/22451\/revisions\/22453"}],"wp:featuredmedia":[{"embeddable":true,"href":"https:\/\/liceofrancestenerife.es\/fr\/wp-json\/wp\/v2\/media\/22446"}],"wp:attachment":[{"href":"https:\/\/liceofrancestenerife.es\/fr\/wp-json\/wp\/v2\/media?parent=22451"}],"wp:term":[{"taxonomy":"category","embeddable":true,"href":"https:\/\/liceofrancestenerife.es\/fr\/wp-json\/wp\/v2\/categories?post=22451"},{"taxonomy":"post_tag","embeddable":true,"href":"https:\/\/liceofrancestenerife.es\/fr\/wp-json\/wp\/v2\/tags?post=22451"}],"curies":[{"name":"wp","href":"https:\/\/api.w.org\/{rel}","templated":true}]}}