{"id":25138,"date":"2019-01-22T14:34:55","date_gmt":"2019-01-22T14:34:55","guid":{"rendered":"http:\/\/liceofrancestenerife.es\/c-s-i-santa-cruz-una-escena-de-crimen-en-jules-verne\/"},"modified":"2019-01-22T14:42:26","modified_gmt":"2019-01-22T14:42:26","slug":"c-s-i-santa-cruz-una-escena-de-crimen-en-jules-verne","status":"publish","type":"post","link":"https:\/\/liceofrancestenerife.es\/fr\/c-s-i-santa-cruz-una-escena-de-crimen-en-jules-verne\/","title":{"rendered":"C.S.I. Santa Cruz (Une sc\u00e8ne de crime \u00e0 Jules Verne)"},"content":{"rendered":"<div class=\"fusion-fullwidth fullwidth-box fusion-builder-row-1 nonhundred-percent-fullwidth non-hundred-percent-height-scrolling\" style=\"background-color: rgba(255,255,255,0);background-position: center center;background-repeat: no-repeat;padding-top:0px;padding-right:0px;padding-bottom:0px;padding-left:0px;margin-bottom: 0px;margin-top: 0px;border-width: 0px 0px 0px 0px;border-color:#eae9e9;border-style:solid;\" ><div class=\"fusion-builder-row fusion-row\"><div class=\"fusion-layout-column fusion_builder_column fusion-builder-column-0 fusion_builder_column_1_1 1_1 fusion-one-full fusion-column-first fusion-column-last\" style=\"margin-top:0px;margin-bottom:20px;\"><div class=\"fusion-column-wrapper fusion-flex-column-wrapper-legacy\" style=\"background-position:left top;background-repeat:no-repeat;-webkit-background-size:cover;-moz-background-size:cover;-o-background-size:cover;background-size:cover;padding: 0px 0px 0px 0px;\"><div class=\"fusion-text fusion-text-1\"><p>Une trace de pas sur le sol. Celle du coupable?<br \/>\nUne empreinte digitale sur le bureau. Celle de la victime?<br \/>\nUne corde attach\u00e9e \u00e0 une chaise. L&#8217;arme du crime?<\/p>\n<p>Telle est la sc\u00e8ne de crime -factice bien s\u00fbr- \u00e0 laquelle sont confront\u00e9s les \u00e9l\u00e8ves de seconde du lyc\u00e9e fran\u00e7ais international de Tenerife. Ils ne disposent que de quelques indices, et vont devoir d\u00e9terminer ce qui s&#8217;est pass\u00e9 et r\u00e9soudre l&#8217;\u00e9nigme. Qui? O\u00f9? Quand? Comment?<\/p>\n<p>Gr\u00e2ce \u00e0 ce petit jeu que leur propose Mme Rouzi\u00e8re, leur professeur de M.P.S. (<strong>M\u00e9thodes et Pratiques Scientifiques<\/strong>), les \u00e9l\u00e8ves de seconde vont pouvoir mettre en pratique de nombreuses choses qu&#8217;ils ont apprises en cours: ils vont devoir reconstituer la sc\u00e8ne du crime avec un <strong>logiciel 3D<\/strong>, d\u00e9terminer la <strong>composition<\/strong> d&#8217;un morceau de v\u00eatement pour tenter d&#8217;en retrouver le propri\u00e9taire, d\u00e9celer le <strong>groupe sanguin<\/strong> d&#8217;un \u00e9chantillon relev\u00e9 sur place, et bien plus.<\/p>\n<p>Comme disait Confucius, &#8220;on me l&#8217;a racont\u00e9 et j&#8217;ai oubli\u00e9 ; je l&#8217;ai vu et j&#8217;ai compris ; je l&#8217;ai fait et j&#8217;ai <strong>appris<\/strong>&#8220;.<\/p>\n<\/div><style type=\"text\/css\">.fusion-gallery-1 .fusion-gallery-image {border:0px solid #f6f6f6;}<\/style><div class=\"fusion-gallery fusion-gallery-container fusion-grid-2 fusion-columns-total-5 fusion-gallery-layout-masonry fusion-gallery-1\" style=\"margin:-5px;\"><div class=\"fusion-grid-column fusion-gallery-column fusion-gallery-column-2 hover-type-none fusion-grid-sizer\"><\/div><div style=\"padding:5px;\" class=\"fusion-grid-column fusion-gallery-column fusion-gallery-column-2 hover-type-none fusion-element-grid\"><div class=\"fusion-gallery-image\"><a href=\"https:\/\/liceofrancestenerife.es\/nuevaweb\/wp-content\/uploads\/2019\/01\/DSC_0476.jpg\" rel=\"noreferrer\" data-rel=\"iLightbox[gallery_image_1]\" class=\"fusion-lightbox\"><div style=\"padding-top:calc((100% + 10px) * 0.8 - 5px);\" class=\"fusion-masonry-element-container lazyload\" data-bg=\"https:\/\/liceofrancestenerife.es\/nuevaweb\/wp-content\/uploads\/2019\/01\/DSC_0476.jpg\"><img decoding=\"async\" src=\"https:\/\/liceofrancestenerife.es\/nuevaweb\/wp-content\/uploads\/2019\/01\/DSC_0476.jpg\" data-orig-src=\"https:\/\/liceofrancestenerife.es\/nuevaweb\/wp-content\/uploads\/2019\/01\/DSC_0476.jpg\" width=\"1500\" height=\"1000\" alt=\"\" title=\"DSC_0476\" aria-label=\"DSC_0476\" class=\"lazyload img-responsive wp-image-25134\" srcset=\"data:image\/svg+xml,%3Csvg%20xmlns%3D%27http%3A%2F%2Fwww.w3.org%2F2000%2Fsvg%27%20width%3D%271500%27%20height%3D%271000%27%20viewBox%3D%270%200%201500%201000%27%3E%3Crect%20width%3D%271500%27%20height%3D%271000%27%20fill-opacity%3D%220%22%2F%3E%3C%2Fsvg%3E\" data-srcset=\"https:\/\/liceofrancestenerife.es\/nuevaweb\/wp-content\/uploads\/2019\/01\/DSC_0476-200x133.jpg 200w, https:\/\/liceofrancestenerife.es\/nuevaweb\/wp-content\/uploads\/2019\/01\/DSC_0476-400x267.jpg 400w, https:\/\/liceofrancestenerife.es\/nuevaweb\/wp-content\/uploads\/2019\/01\/DSC_0476-600x400.jpg 600w, https:\/\/liceofrancestenerife.es\/nuevaweb\/wp-content\/uploads\/2019\/01\/DSC_0476-800x533.jpg 800w, https:\/\/liceofrancestenerife.es\/nuevaweb\/wp-content\/uploads\/2019\/01\/DSC_0476-1200x800.jpg 1200w, https:\/\/liceofrancestenerife.es\/nuevaweb\/wp-content\/uploads\/2019\/01\/DSC_0476.jpg 1500w\" data-sizes=\"auto\" data-orig-sizes=\"(min-width: 2200px) 100vw, (min-width: 754px) 598px, (min-width: 640px) 754px, \" \/><\/div><\/a><\/div><\/div><div style=\"padding:5px;\" class=\"fusion-grid-column fusion-gallery-column fusion-gallery-column-2 hover-type-none fusion-element-grid\"><div class=\"fusion-gallery-image\"><a href=\"https:\/\/liceofrancestenerife.es\/nuevaweb\/wp-content\/uploads\/2019\/01\/DSC_0475.jpg\" rel=\"noreferrer\" data-rel=\"iLightbox[gallery_image_1]\" class=\"fusion-lightbox\"><div style=\"padding-top:calc((100% + 10px) * 0.8 - 5px);\" class=\"fusion-masonry-element-container lazyload\" data-bg=\"https:\/\/liceofrancestenerife.es\/nuevaweb\/wp-content\/uploads\/2019\/01\/DSC_0475.jpg\"><img decoding=\"async\" src=\"https:\/\/liceofrancestenerife.es\/nuevaweb\/wp-content\/uploads\/2019\/01\/DSC_0475.jpg\" data-orig-src=\"https:\/\/liceofrancestenerife.es\/nuevaweb\/wp-content\/uploads\/2019\/01\/DSC_0475.jpg\" width=\"1110\" height=\"751\" alt=\"\" title=\"DSC_0475\" aria-label=\"DSC_0475\" class=\"lazyload img-responsive wp-image-25131\" srcset=\"data:image\/svg+xml,%3Csvg%20xmlns%3D%27http%3A%2F%2Fwww.w3.org%2F2000%2Fsvg%27%20width%3D%271110%27%20height%3D%27751%27%20viewBox%3D%270%200%201110%20751%27%3E%3Crect%20width%3D%271110%27%20height%3D%27751%27%20fill-opacity%3D%220%22%2F%3E%3C%2Fsvg%3E\" data-srcset=\"https:\/\/liceofrancestenerife.es\/nuevaweb\/wp-content\/uploads\/2019\/01\/DSC_0475-200x135.jpg 200w, https:\/\/liceofrancestenerife.es\/nuevaweb\/wp-content\/uploads\/2019\/01\/DSC_0475-400x271.jpg 400w, https:\/\/liceofrancestenerife.es\/nuevaweb\/wp-content\/uploads\/2019\/01\/DSC_0475-600x406.jpg 600w, https:\/\/liceofrancestenerife.es\/nuevaweb\/wp-content\/uploads\/2019\/01\/DSC_0475-800x541.jpg 800w, https:\/\/liceofrancestenerife.es\/nuevaweb\/wp-content\/uploads\/2019\/01\/DSC_0475.jpg 1110w\" data-sizes=\"auto\" data-orig-sizes=\"(min-width: 2200px) 100vw, (min-width: 754px) 598px, (min-width: 640px) 754px, \" \/><\/div><\/a><\/div><\/div><div style=\"padding:5px;\" class=\"fusion-grid-column fusion-gallery-column fusion-gallery-column-2 hover-type-none fusion-element-grid\"><div class=\"fusion-gallery-image\"><a href=\"https:\/\/liceofrancestenerife.es\/nuevaweb\/wp-content\/uploads\/2019\/01\/DSC_0472.jpg\" rel=\"noreferrer\" data-rel=\"iLightbox[gallery_image_1]\" class=\"fusion-lightbox\"><div style=\"padding-top:calc((100% + 10px) * 0.8 - 5px);\" class=\"fusion-masonry-element-container lazyload\" data-bg=\"https:\/\/liceofrancestenerife.es\/nuevaweb\/wp-content\/uploads\/2019\/01\/DSC_0472.jpg\"><img decoding=\"async\" src=\"https:\/\/liceofrancestenerife.es\/nuevaweb\/wp-content\/uploads\/2019\/01\/DSC_0472.jpg\" data-orig-src=\"https:\/\/liceofrancestenerife.es\/nuevaweb\/wp-content\/uploads\/2019\/01\/DSC_0472.jpg\" width=\"1500\" height=\"1022\" alt=\"\" title=\"DSC_0472\" aria-label=\"DSC_0472\" class=\"lazyload img-responsive wp-image-25128\" srcset=\"data:image\/svg+xml,%3Csvg%20xmlns%3D%27http%3A%2F%2Fwww.w3.org%2F2000%2Fsvg%27%20width%3D%271500%27%20height%3D%271022%27%20viewBox%3D%270%200%201500%201022%27%3E%3Crect%20width%3D%271500%27%20height%3D%271022%27%20fill-opacity%3D%220%22%2F%3E%3C%2Fsvg%3E\" data-srcset=\"https:\/\/liceofrancestenerife.es\/nuevaweb\/wp-content\/uploads\/2019\/01\/DSC_0472-200x136.jpg 200w, https:\/\/liceofrancestenerife.es\/nuevaweb\/wp-content\/uploads\/2019\/01\/DSC_0472-400x273.jpg 400w, https:\/\/liceofrancestenerife.es\/nuevaweb\/wp-content\/uploads\/2019\/01\/DSC_0472-600x409.jpg 600w, https:\/\/liceofrancestenerife.es\/nuevaweb\/wp-content\/uploads\/2019\/01\/DSC_0472-800x545.jpg 800w, https:\/\/liceofrancestenerife.es\/nuevaweb\/wp-content\/uploads\/2019\/01\/DSC_0472-1200x818.jpg 1200w, https:\/\/liceofrancestenerife.es\/nuevaweb\/wp-content\/uploads\/2019\/01\/DSC_0472.jpg 1500w\" data-sizes=\"auto\" data-orig-sizes=\"(min-width: 2200px) 100vw, (min-width: 754px) 598px, (min-width: 640px) 754px, \" \/><\/div><\/a><\/div><\/div><div style=\"padding:5px;\" class=\"fusion-grid-column fusion-gallery-column fusion-gallery-column-2 hover-type-none fusion-element-grid\"><div class=\"fusion-gallery-image\"><a href=\"https:\/\/liceofrancestenerife.es\/nuevaweb\/wp-content\/uploads\/2019\/01\/DSC_0468.jpg\" rel=\"noreferrer\" data-rel=\"iLightbox[gallery_image_1]\" class=\"fusion-lightbox\"><div style=\"padding-top:calc((100% + 10px) * 0.8 - 5px);\" class=\"fusion-masonry-element-container lazyload\" data-bg=\"https:\/\/liceofrancestenerife.es\/nuevaweb\/wp-content\/uploads\/2019\/01\/DSC_0468.jpg\"><img decoding=\"async\" src=\"https:\/\/liceofrancestenerife.es\/nuevaweb\/wp-content\/uploads\/2019\/01\/DSC_0468.jpg\" data-orig-src=\"https:\/\/liceofrancestenerife.es\/nuevaweb\/wp-content\/uploads\/2019\/01\/DSC_0468.jpg\" width=\"1500\" height=\"1000\" alt=\"\" title=\"DSC_0468\" aria-label=\"DSC_0468\" class=\"lazyload img-responsive wp-image-25125\" srcset=\"data:image\/svg+xml,%3Csvg%20xmlns%3D%27http%3A%2F%2Fwww.w3.org%2F2000%2Fsvg%27%20width%3D%271500%27%20height%3D%271000%27%20viewBox%3D%270%200%201500%201000%27%3E%3Crect%20width%3D%271500%27%20height%3D%271000%27%20fill-opacity%3D%220%22%2F%3E%3C%2Fsvg%3E\" data-srcset=\"https:\/\/liceofrancestenerife.es\/nuevaweb\/wp-content\/uploads\/2019\/01\/DSC_0468-200x133.jpg 200w, https:\/\/liceofrancestenerife.es\/nuevaweb\/wp-content\/uploads\/2019\/01\/DSC_0468-400x267.jpg 400w, https:\/\/liceofrancestenerife.es\/nuevaweb\/wp-content\/uploads\/2019\/01\/DSC_0468-600x400.jpg 600w, https:\/\/liceofrancestenerife.es\/nuevaweb\/wp-content\/uploads\/2019\/01\/DSC_0468-800x533.jpg 800w, https:\/\/liceofrancestenerife.es\/nuevaweb\/wp-content\/uploads\/2019\/01\/DSC_0468-1200x800.jpg 1200w, https:\/\/liceofrancestenerife.es\/nuevaweb\/wp-content\/uploads\/2019\/01\/DSC_0468.jpg 1500w\" data-sizes=\"auto\" data-orig-sizes=\"(min-width: 2200px) 100vw, (min-width: 754px) 598px, (min-width: 640px) 754px, \" \/><\/div><\/a><\/div><\/div><div style=\"padding:5px;\" class=\"fusion-grid-column fusion-gallery-column fusion-gallery-column-2 hover-type-none fusion-element-grid\"><div class=\"fusion-gallery-image\"><a href=\"https:\/\/liceofrancestenerife.es\/nuevaweb\/wp-content\/uploads\/2019\/01\/DSC_0464.jpg\" rel=\"noreferrer\" data-rel=\"iLightbox[gallery_image_1]\" class=\"fusion-lightbox\"><div style=\"padding-top:calc((100% + 10px) * 0.8 - 5px);\" class=\"fusion-masonry-element-container lazyload\" data-bg=\"https:\/\/liceofrancestenerife.es\/nuevaweb\/wp-content\/uploads\/2019\/01\/DSC_0464.jpg\"><img decoding=\"async\" src=\"https:\/\/liceofrancestenerife.es\/nuevaweb\/wp-content\/uploads\/2019\/01\/DSC_0464.jpg\" data-orig-src=\"https:\/\/liceofrancestenerife.es\/nuevaweb\/wp-content\/uploads\/2019\/01\/DSC_0464.jpg\" width=\"1500\" height=\"1000\" alt=\"\" title=\"DSC_0464\" aria-label=\"DSC_0464\" class=\"lazyload img-responsive wp-image-25122\" srcset=\"data:image\/svg+xml,%3Csvg%20xmlns%3D%27http%3A%2F%2Fwww.w3.org%2F2000%2Fsvg%27%20width%3D%271500%27%20height%3D%271000%27%20viewBox%3D%270%200%201500%201000%27%3E%3Crect%20width%3D%271500%27%20height%3D%271000%27%20fill-opacity%3D%220%22%2F%3E%3C%2Fsvg%3E\" data-srcset=\"https:\/\/liceofrancestenerife.es\/nuevaweb\/wp-content\/uploads\/2019\/01\/DSC_0464-200x133.jpg 200w, https:\/\/liceofrancestenerife.es\/nuevaweb\/wp-content\/uploads\/2019\/01\/DSC_0464-400x267.jpg 400w, https:\/\/liceofrancestenerife.es\/nuevaweb\/wp-content\/uploads\/2019\/01\/DSC_0464-600x400.jpg 600w, https:\/\/liceofrancestenerife.es\/nuevaweb\/wp-content\/uploads\/2019\/01\/DSC_0464-800x533.jpg 800w, https:\/\/liceofrancestenerife.es\/nuevaweb\/wp-content\/uploads\/2019\/01\/DSC_0464-1200x800.jpg 1200w, https:\/\/liceofrancestenerife.es\/nuevaweb\/wp-content\/uploads\/2019\/01\/DSC_0464.jpg 1500w\" data-sizes=\"auto\" data-orig-sizes=\"(min-width: 2200px) 100vw, (min-width: 754px) 598px, (min-width: 640px) 754px, \" \/><\/div><\/a><\/div><\/div><\/div><div class=\"fusion-clearfix\"><\/div><\/div><\/div><\/div><\/div>\n","protected":false},"excerpt":{"rendered":"","protected":false},"author":282,"featured_media":25121,"comment_status":"closed","ping_status":"closed","sticky":false,"template":"","format":"standard","meta":{"footnotes":""},"categories":[2],"tags":[],"class_list":["post-25138","post","type-post","status-publish","format-standard","has-post-thumbnail","hentry","category-non-classifiee"],"jetpack_featured_media_url":"https:\/\/liceofrancestenerife.es\/nuevaweb\/wp-content\/uploads\/2019\/01\/DSC_0457.jpg","_links":{"self":[{"href":"https:\/\/liceofrancestenerife.es\/fr\/wp-json\/wp\/v2\/posts\/25138","targetHints":{"allow":["GET"]}}],"collection":[{"href":"https:\/\/liceofrancestenerife.es\/fr\/wp-json\/wp\/v2\/posts"}],"about":[{"href":"https:\/\/liceofrancestenerife.es\/fr\/wp-json\/wp\/v2\/types\/post"}],"author":[{"embeddable":true,"href":"https:\/\/liceofrancestenerife.es\/fr\/wp-json\/wp\/v2\/users\/282"}],"replies":[{"embeddable":true,"href":"https:\/\/liceofrancestenerife.es\/fr\/wp-json\/wp\/v2\/comments?post=25138"}],"version-history":[{"count":2,"href":"https:\/\/liceofrancestenerife.es\/fr\/wp-json\/wp\/v2\/posts\/25138\/revisions"}],"predecessor-version":[{"id":25140,"href":"https:\/\/liceofrancestenerife.es\/fr\/wp-json\/wp\/v2\/posts\/25138\/revisions\/25140"}],"wp:featuredmedia":[{"embeddable":true,"href":"https:\/\/liceofrancestenerife.es\/fr\/wp-json\/wp\/v2\/media\/25121"}],"wp:attachment":[{"href":"https:\/\/liceofrancestenerife.es\/fr\/wp-json\/wp\/v2\/media?parent=25138"}],"wp:term":[{"taxonomy":"category","embeddable":true,"href":"https:\/\/liceofrancestenerife.es\/fr\/wp-json\/wp\/v2\/categories?post=25138"},{"taxonomy":"post_tag","embeddable":true,"href":"https:\/\/liceofrancestenerife.es\/fr\/wp-json\/wp\/v2\/tags?post=25138"}],"curies":[{"name":"wp","href":"https:\/\/api.w.org\/{rel}","templated":true}]}}