{"id":25278,"date":"2019-01-25T14:49:26","date_gmt":"2019-01-25T14:49:26","guid":{"rendered":"http:\/\/liceofrancestenerife.es\/llevando-nuestro-servicio-de-mediacion-al-lfi-de-gran-canaria\/"},"modified":"2019-01-25T15:00:35","modified_gmt":"2019-01-25T15:00:35","slug":"llevando-nuestro-servicio-de-mediacion-al-lfi-de-gran-canaria","status":"publish","type":"post","link":"https:\/\/liceofrancestenerife.es\/fr\/llevando-nuestro-servicio-de-mediacion-al-lfi-de-gran-canaria\/","title":{"rendered":"Nos \u00e9l\u00e8ves exportent leur service de m\u00e9diation au LFI de Gran Canaria"},"content":{"rendered":"<p><div class=\"fusion-fullwidth fullwidth-box fusion-builder-row-1 nonhundred-percent-fullwidth non-hundred-percent-height-scrolling\" style=\"background-color: rgba(255,255,255,0);background-position: center center;background-repeat: no-repeat;padding-top:0px;padding-right:0px;padding-bottom:0px;padding-left:0px;margin-bottom: 0px;margin-top: 0px;border-width: 0px 0px 0px 0px;border-color:#eae9e9;border-style:solid;\" ><div class=\"fusion-builder-row fusion-row\"><div class=\"fusion-layout-column fusion_builder_column fusion-builder-column-0 fusion_builder_column_1_1 1_1 fusion-one-full fusion-column-first fusion-column-last\" style=\"margin-top:0px;margin-bottom:20px;\"><div class=\"fusion-column-wrapper fusion-flex-column-wrapper-legacy\" style=\"background-position:left top;background-repeat:no-repeat;-webkit-background-size:cover;-moz-background-size:cover;-o-background-size:cover;background-size:cover;padding: 0px 0px 0px 0px;\"><div class=\"fusion-text fusion-text-1\"><p>Vendredi 18 Janvier, Carla, Matilda et Lucia de 3eme ont pr\u00e9sent\u00e9 le<a href=\"http:\/\/liceofrancestenerife.es\/fr\/que-es-el-servicio-de-mediacion-escolar-creado-por-lo-alumnos\/\"> service de m\u00e9diation<\/a> et form\u00e9 des \u00e9l\u00e8ves volontaires du <strong>LFI de Gran Canaria.<\/strong><\/p>\n<p>L&#8217; objectif de la m\u00e9diation entre pairs est que les \u00e9l\u00e8ves du secondaire puissent <strong>r\u00e9soudre , entre eux, des petits conflits<\/strong>.<\/p>\n<div dir=\"auto\">Cette d\u00e9marche, mise en place depuis d\u00e9j\u00e0 4 ans dans notre \u00e9tablissement, s&#8217; int\u00e8gre dans le parcours citoyen et englobe\u00a0 plusieurs aspects p\u00e9dagogiques:<\/div>\n<div dir=\"auto\">&#8211; <strong>responsabiliser<\/strong> les \u00e9l\u00e8ves<\/div>\n<div dir=\"auto\">&#8211; d\u00e9velopper l&#8217;<strong>engagement citoyen<\/strong><\/div>\n<div dir=\"auto\">&#8211; am\u00e9liorer la <strong>communication<\/strong> entre \u00e9l\u00e8ves et renforcer l&#8217; oral\u00a0<\/div>\n<div dir=\"auto\">&#8211; favoriser un <strong>climat scolaire serein<\/strong><\/div>\n<div dir=\"auto\">&#8211; d\u00e9velopper l&#8217; <strong>autonomie et l&#8217; esprit critique<\/strong><\/div>\n<div dir=\"auto\">\n<div dir=\"auto\">Outres ces aspects principaux, cette rencontre a permis d&#8217;\u00e9changer avec nos &#8220;voisins&#8221; et de renforcer les relations avec le LFI de Gran Canaria.<\/div>\n<\/div>\n<div dir=\"auto\">\u00a0<\/div>\n<\/div><div class=\"fusion-clearfix\"><\/div><\/div><\/div><\/div><\/div><div class=\"fusion-fullwidth fullwidth-box fusion-builder-row-2 nonhundred-percent-fullwidth non-hundred-percent-height-scrolling\" style=\"background-color: rgba(255,255,255,0);background-position: center center;background-repeat: no-repeat;padding-top:0px;padding-right:0px;padding-bottom:0px;padding-left:0px;margin-bottom: 0px;margin-top: 0px;border-width: 0px 0px 0px 0px;border-color:#eae9e9;border-style:solid;\" ><div class=\"fusion-builder-row fusion-row\"><div class=\"fusion-layout-column fusion_builder_column fusion-builder-column-1 fusion_builder_column_1_1 1_1 fusion-one-full fusion-column-first fusion-column-last\" style=\"margin-top:0px;margin-bottom:20px;\"><div class=\"fusion-column-wrapper fusion-flex-column-wrapper-legacy\" style=\"background-position:left top;background-repeat:no-repeat;-webkit-background-size:cover;-moz-background-size:cover;-o-background-size:cover;background-size:cover;padding: 0px 0px 0px 0px;\"><style type=\"text\/css\">.fusion-gallery-1 .fusion-gallery-image {border:0px solid #f6f6f6;}<\/style><div class=\"fusion-gallery fusion-gallery-container fusion-grid-3 fusion-columns-total-3 fusion-gallery-layout-grid fusion-gallery-1\" style=\"margin:-5px;\"><div style=\"padding:5px;\" class=\"fusion-grid-column fusion-gallery-column fusion-gallery-column-3 hover-type-none\"><div class=\"fusion-gallery-image\"><a href=\"https:\/\/liceofrancestenerife.es\/nuevaweb\/wp-content\/uploads\/2019\/01\/image-mediation-2.jpg\" rel=\"noreferrer\" data-rel=\"iLightbox[gallery_image_1]\" class=\"fusion-lightbox\"><img decoding=\"async\" src=\"https:\/\/liceofrancestenerife.es\/nuevaweb\/wp-content\/uploads\/2019\/01\/image-mediation-2.jpg\" data-orig-src=\"https:\/\/liceofrancestenerife.es\/nuevaweb\/wp-content\/uploads\/2019\/01\/image-mediation-2.jpg\" width=\"560\" height=\"694\" alt=\"\" title=\"image mediation 2\" aria-label=\"image mediation 2\" class=\"lazyload img-responsive wp-image-25263\" srcset=\"data:image\/svg+xml,%3Csvg%20xmlns%3D%27http%3A%2F%2Fwww.w3.org%2F2000%2Fsvg%27%20width%3D%27560%27%20height%3D%27694%27%20viewBox%3D%270%200%20560%20694%27%3E%3Crect%20width%3D%27560%27%20height%3D%27694%27%20fill-opacity%3D%220%22%2F%3E%3C%2Fsvg%3E\" data-srcset=\"https:\/\/liceofrancestenerife.es\/nuevaweb\/wp-content\/uploads\/2019\/01\/image-mediation-2-200x248.jpg 200w, https:\/\/liceofrancestenerife.es\/nuevaweb\/wp-content\/uploads\/2019\/01\/image-mediation-2-400x496.jpg 400w, https:\/\/liceofrancestenerife.es\/nuevaweb\/wp-content\/uploads\/2019\/01\/image-mediation-2.jpg 560w\" data-sizes=\"auto\" data-orig-sizes=\"(min-width: 2200px) 100vw, (min-width: 868px) 397px, (min-width: 754px) 595px, (min-width: 640px) 754px, \" \/><\/a><\/div><\/div><div style=\"padding:5px;\" class=\"fusion-grid-column fusion-gallery-column fusion-gallery-column-3 hover-type-none\"><div class=\"fusion-gallery-image\"><a href=\"https:\/\/liceofrancestenerife.es\/nuevaweb\/wp-content\/uploads\/2019\/01\/image-mdiation-GC.jpg\" rel=\"noreferrer\" data-rel=\"iLightbox[gallery_image_1]\" class=\"fusion-lightbox\"><img decoding=\"async\" src=\"https:\/\/liceofrancestenerife.es\/nuevaweb\/wp-content\/uploads\/2019\/01\/image-mdiation-GC.jpg\" data-orig-src=\"https:\/\/liceofrancestenerife.es\/nuevaweb\/wp-content\/uploads\/2019\/01\/image-mdiation-GC.jpg\" width=\"506\" height=\"371\" alt=\"\" title=\"image mdiation GC\" aria-label=\"image mdiation GC\" class=\"lazyload img-responsive wp-image-25260\" srcset=\"data:image\/svg+xml,%3Csvg%20xmlns%3D%27http%3A%2F%2Fwww.w3.org%2F2000%2Fsvg%27%20width%3D%27506%27%20height%3D%27371%27%20viewBox%3D%270%200%20506%20371%27%3E%3Crect%20width%3D%27506%27%20height%3D%27371%27%20fill-opacity%3D%220%22%2F%3E%3C%2Fsvg%3E\" data-srcset=\"https:\/\/liceofrancestenerife.es\/nuevaweb\/wp-content\/uploads\/2019\/01\/image-mdiation-GC-200x147.jpg 200w, https:\/\/liceofrancestenerife.es\/nuevaweb\/wp-content\/uploads\/2019\/01\/image-mdiation-GC-400x293.jpg 400w, https:\/\/liceofrancestenerife.es\/nuevaweb\/wp-content\/uploads\/2019\/01\/image-mdiation-GC.jpg 506w\" data-sizes=\"auto\" data-orig-sizes=\"(min-width: 2200px) 100vw, (min-width: 868px) 397px, (min-width: 754px) 595px, (min-width: 640px) 754px, \" \/><\/a><\/div><\/div><div style=\"padding:5px;\" class=\"fusion-grid-column fusion-gallery-column fusion-gallery-column-3 hover-type-none\"><div class=\"fusion-gallery-image\"><a href=\"https:\/\/liceofrancestenerife.es\/nuevaweb\/wp-content\/uploads\/2019\/01\/image-mediation-3.jpg\" rel=\"noreferrer\" data-rel=\"iLightbox[gallery_image_1]\" class=\"fusion-lightbox\"><img decoding=\"async\" src=\"https:\/\/liceofrancestenerife.es\/nuevaweb\/wp-content\/uploads\/2019\/01\/image-mediation-3.jpg\" data-orig-src=\"https:\/\/liceofrancestenerife.es\/nuevaweb\/wp-content\/uploads\/2019\/01\/image-mediation-3.jpg\" width=\"560\" height=\"377\" alt=\"\" title=\"image mediation 3\" aria-label=\"image mediation 3\" class=\"lazyload img-responsive wp-image-25266\" srcset=\"data:image\/svg+xml,%3Csvg%20xmlns%3D%27http%3A%2F%2Fwww.w3.org%2F2000%2Fsvg%27%20width%3D%27560%27%20height%3D%27377%27%20viewBox%3D%270%200%20560%20377%27%3E%3Crect%20width%3D%27560%27%20height%3D%27377%27%20fill-opacity%3D%220%22%2F%3E%3C%2Fsvg%3E\" data-srcset=\"https:\/\/liceofrancestenerife.es\/nuevaweb\/wp-content\/uploads\/2019\/01\/image-mediation-3-200x135.jpg 200w, https:\/\/liceofrancestenerife.es\/nuevaweb\/wp-content\/uploads\/2019\/01\/image-mediation-3-400x269.jpg 400w, https:\/\/liceofrancestenerife.es\/nuevaweb\/wp-content\/uploads\/2019\/01\/image-mediation-3.jpg 560w\" data-sizes=\"auto\" data-orig-sizes=\"(min-width: 2200px) 100vw, (min-width: 868px) 397px, (min-width: 754px) 595px, (min-width: 640px) 754px, \" \/><\/a><\/div><\/div><div class=\"clearfix\"><\/div><\/div><div class=\"fusion-clearfix\"><\/div><\/div><\/div><\/div><\/div><\/p>\n","protected":false},"excerpt":{"rendered":"","protected":false},"author":282,"featured_media":25271,"comment_status":"open","ping_status":"open","sticky":false,"template":"","format":"standard","meta":{"footnotes":""},"categories":[2],"tags":[],"class_list":["post-25278","post","type-post","status-publish","format-standard","has-post-thumbnail","hentry","category-non-classifiee"],"jetpack_featured_media_url":"https:\/\/liceofrancestenerife.es\/nuevaweb\/wp-content\/uploads\/2019\/01\/image-mediation-4.jpg","_links":{"self":[{"href":"https:\/\/liceofrancestenerife.es\/fr\/wp-json\/wp\/v2\/posts\/25278","targetHints":{"allow":["GET"]}}],"collection":[{"href":"https:\/\/liceofrancestenerife.es\/fr\/wp-json\/wp\/v2\/posts"}],"about":[{"href":"https:\/\/liceofrancestenerife.es\/fr\/wp-json\/wp\/v2\/types\/post"}],"author":[{"embeddable":true,"href":"https:\/\/liceofrancestenerife.es\/fr\/wp-json\/wp\/v2\/users\/282"}],"replies":[{"embeddable":true,"href":"https:\/\/liceofrancestenerife.es\/fr\/wp-json\/wp\/v2\/comments?post=25278"}],"version-history":[{"count":3,"href":"https:\/\/liceofrancestenerife.es\/fr\/wp-json\/wp\/v2\/posts\/25278\/revisions"}],"predecessor-version":[{"id":25283,"href":"https:\/\/liceofrancestenerife.es\/fr\/wp-json\/wp\/v2\/posts\/25278\/revisions\/25283"}],"wp:featuredmedia":[{"embeddable":true,"href":"https:\/\/liceofrancestenerife.es\/fr\/wp-json\/wp\/v2\/media\/25271"}],"wp:attachment":[{"href":"https:\/\/liceofrancestenerife.es\/fr\/wp-json\/wp\/v2\/media?parent=25278"}],"wp:term":[{"taxonomy":"category","embeddable":true,"href":"https:\/\/liceofrancestenerife.es\/fr\/wp-json\/wp\/v2\/categories?post=25278"},{"taxonomy":"post_tag","embeddable":true,"href":"https:\/\/liceofrancestenerife.es\/fr\/wp-json\/wp\/v2\/tags?post=25278"}],"curies":[{"name":"wp","href":"https:\/\/api.w.org\/{rel}","templated":true}]}}