{"id":26061,"date":"2019-03-12T09:26:59","date_gmt":"2019-03-12T09:26:59","guid":{"rendered":"https:\/\/liceofrancestenerife.es\/?p=26061"},"modified":"2019-03-12T09:27:03","modified_gmt":"2019-03-12T09:27:03","slug":"rencontre-avec-lecrivaine-carole-martinez","status":"publish","type":"post","link":"https:\/\/liceofrancestenerife.es\/fr\/rencontre-avec-lecrivaine-carole-martinez\/","title":{"rendered":"Rencontre avec l&#8217;\u00e9crivaine Carole Martinez"},"content":{"rendered":"\n<p>Les \u00e9l\u00e8ves de lyc\u00e9e se sont investis avant l&#8217;arriv\u00e9e de <strong>l&#8217;auteure  fran\u00e7aise Carole Martinez<\/strong> pour mettre en valeur ses \u0153uvres et saluer sa  venue. <strong>Pancartes<\/strong>, <strong>dessins<\/strong> et informations sur ses romans sont affich\u00e9s  dans l&#8217;\u00e9tablissement. <\/p>\n\n\n\n<ul class=\"wp-block-gallery columns-5 is-cropped wp-block-gallery-2 is-layout-flex wp-block-gallery-is-layout-flex\"><li class=\"blocks-gallery-item\"><figure><a href=\"https:\/\/liceofrancestenerife.es\/nuevaweb\/wp-content\/uploads\/2019\/03\/SaraA-1024x768.jpg\"><img decoding=\"async\" width=\"1024\" height=\"768\" src=\"https:\/\/liceofrancestenerife.es\/nuevaweb\/wp-content\/uploads\/2019\/03\/SaraA-1024x768.jpg\" data-orig-src=\"https:\/\/liceofrancestenerife.es\/nuevaweb\/wp-content\/uploads\/2019\/03\/SaraA-1024x768.jpg\" alt=\"\" data-id=\"25941\" data-link=\"https:\/\/liceofrancestenerife.es\/?attachment_id=25941\" class=\"lazyload wp-image-25941\" srcset=\"data:image\/svg+xml,%3Csvg%20xmlns%3D%27http%3A%2F%2Fwww.w3.org%2F2000%2Fsvg%27%20width%3D%271024%27%20height%3D%27768%27%20viewBox%3D%270%200%201024%20768%27%3E%3Crect%20width%3D%271024%27%20height%3D%27768%27%20fill-opacity%3D%220%22%2F%3E%3C%2Fsvg%3E\" data-srcset=\"https:\/\/liceofrancestenerife.es\/nuevaweb\/wp-content\/uploads\/2019\/03\/SaraA-24x18.jpg 24w, https:\/\/liceofrancestenerife.es\/nuevaweb\/wp-content\/uploads\/2019\/03\/SaraA-36x27.jpg 36w, https:\/\/liceofrancestenerife.es\/nuevaweb\/wp-content\/uploads\/2019\/03\/SaraA-48x36.jpg 48w, https:\/\/liceofrancestenerife.es\/nuevaweb\/wp-content\/uploads\/2019\/03\/SaraA-200x150.jpg 200w, https:\/\/liceofrancestenerife.es\/nuevaweb\/wp-content\/uploads\/2019\/03\/SaraA-300x225.jpg 300w, https:\/\/liceofrancestenerife.es\/nuevaweb\/wp-content\/uploads\/2019\/03\/SaraA-400x300.jpg 400w, https:\/\/liceofrancestenerife.es\/nuevaweb\/wp-content\/uploads\/2019\/03\/SaraA-600x450.jpg 600w, https:\/\/liceofrancestenerife.es\/nuevaweb\/wp-content\/uploads\/2019\/03\/SaraA-768x576.jpg 768w, https:\/\/liceofrancestenerife.es\/nuevaweb\/wp-content\/uploads\/2019\/03\/SaraA-800x600.jpg 800w, https:\/\/liceofrancestenerife.es\/nuevaweb\/wp-content\/uploads\/2019\/03\/SaraA-1024x768.jpg 1024w, https:\/\/liceofrancestenerife.es\/nuevaweb\/wp-content\/uploads\/2019\/03\/SaraA.jpg 1200w\" data-sizes=\"auto\" data-orig-sizes=\"(max-width: 1024px) 100vw, 1024px\" \/><\/a><\/figure><\/li><li class=\"blocks-gallery-item\"><figure><a href=\"https:\/\/liceofrancestenerife.es\/nuevaweb\/wp-content\/uploads\/2019\/03\/Raquel-Daniel-B-7383-1024x671.jpg\"><img decoding=\"async\" width=\"1024\" height=\"671\" src=\"https:\/\/liceofrancestenerife.es\/nuevaweb\/wp-content\/uploads\/2019\/03\/Raquel-Daniel-B-7383-1024x671.jpg\" data-orig-src=\"https:\/\/liceofrancestenerife.es\/nuevaweb\/wp-content\/uploads\/2019\/03\/Raquel-Daniel-B-7383-1024x671.jpg\" alt=\"\" data-id=\"25943\" data-link=\"https:\/\/liceofrancestenerife.es\/?attachment_id=25943\" class=\"lazyload wp-image-25943\" srcset=\"data:image\/svg+xml,%3Csvg%20xmlns%3D%27http%3A%2F%2Fwww.w3.org%2F2000%2Fsvg%27%20width%3D%271024%27%20height%3D%27671%27%20viewBox%3D%270%200%201024%20671%27%3E%3Crect%20width%3D%271024%27%20height%3D%27671%27%20fill-opacity%3D%220%22%2F%3E%3C%2Fsvg%3E\" data-srcset=\"https:\/\/liceofrancestenerife.es\/nuevaweb\/wp-content\/uploads\/2019\/03\/Raquel-Daniel-B-7383-24x16.jpg 24w, https:\/\/liceofrancestenerife.es\/nuevaweb\/wp-content\/uploads\/2019\/03\/Raquel-Daniel-B-7383-36x24.jpg 36w, https:\/\/liceofrancestenerife.es\/nuevaweb\/wp-content\/uploads\/2019\/03\/Raquel-Daniel-B-7383-48x31.jpg 48w, https:\/\/liceofrancestenerife.es\/nuevaweb\/wp-content\/uploads\/2019\/03\/Raquel-Daniel-B-7383-200x131.jpg 200w, https:\/\/liceofrancestenerife.es\/nuevaweb\/wp-content\/uploads\/2019\/03\/Raquel-Daniel-B-7383-300x197.jpg 300w, https:\/\/liceofrancestenerife.es\/nuevaweb\/wp-content\/uploads\/2019\/03\/Raquel-Daniel-B-7383-400x262.jpg 400w, https:\/\/liceofrancestenerife.es\/nuevaweb\/wp-content\/uploads\/2019\/03\/Raquel-Daniel-B-7383-600x393.jpg 600w, https:\/\/liceofrancestenerife.es\/nuevaweb\/wp-content\/uploads\/2019\/03\/Raquel-Daniel-B-7383-768x503.jpg 768w, https:\/\/liceofrancestenerife.es\/nuevaweb\/wp-content\/uploads\/2019\/03\/Raquel-Daniel-B-7383-800x524.jpg 800w, https:\/\/liceofrancestenerife.es\/nuevaweb\/wp-content\/uploads\/2019\/03\/Raquel-Daniel-B-7383-1024x671.jpg 1024w, https:\/\/liceofrancestenerife.es\/nuevaweb\/wp-content\/uploads\/2019\/03\/Raquel-Daniel-B-7383.jpg 1200w\" data-sizes=\"auto\" data-orig-sizes=\"(max-width: 1024px) 100vw, 1024px\" \/><\/a><\/figure><\/li><li class=\"blocks-gallery-item\"><figure><a href=\"https:\/\/liceofrancestenerife.es\/nuevaweb\/wp-content\/uploads\/2019\/03\/Raquel-B--764x1024.jpg\"><img decoding=\"async\" width=\"764\" height=\"1024\" src=\"https:\/\/liceofrancestenerife.es\/nuevaweb\/wp-content\/uploads\/2019\/03\/Raquel-B--764x1024.jpg\" data-orig-src=\"https:\/\/liceofrancestenerife.es\/nuevaweb\/wp-content\/uploads\/2019\/03\/Raquel-B--764x1024.jpg\" alt=\"\" data-id=\"25945\" data-link=\"https:\/\/liceofrancestenerife.es\/?attachment_id=25945\" class=\"lazyload wp-image-25945\" srcset=\"data:image\/svg+xml,%3Csvg%20xmlns%3D%27http%3A%2F%2Fwww.w3.org%2F2000%2Fsvg%27%20width%3D%27764%27%20height%3D%271024%27%20viewBox%3D%270%200%20764%201024%27%3E%3Crect%20width%3D%27764%27%20height%3D%271024%27%20fill-opacity%3D%220%22%2F%3E%3C%2Fsvg%3E\" data-srcset=\"https:\/\/liceofrancestenerife.es\/nuevaweb\/wp-content\/uploads\/2019\/03\/Raquel-B--18x24.jpg 18w, https:\/\/liceofrancestenerife.es\/nuevaweb\/wp-content\/uploads\/2019\/03\/Raquel-B--27x36.jpg 27w, https:\/\/liceofrancestenerife.es\/nuevaweb\/wp-content\/uploads\/2019\/03\/Raquel-B--36x48.jpg 36w, https:\/\/liceofrancestenerife.es\/nuevaweb\/wp-content\/uploads\/2019\/03\/Raquel-B--200x268.jpg 200w, https:\/\/liceofrancestenerife.es\/nuevaweb\/wp-content\/uploads\/2019\/03\/Raquel-B--224x300.jpg 224w, https:\/\/liceofrancestenerife.es\/nuevaweb\/wp-content\/uploads\/2019\/03\/Raquel-B--400x536.jpg 400w, https:\/\/liceofrancestenerife.es\/nuevaweb\/wp-content\/uploads\/2019\/03\/Raquel-B--600x804.jpg 600w, https:\/\/liceofrancestenerife.es\/nuevaweb\/wp-content\/uploads\/2019\/03\/Raquel-B--764x1024.jpg 764w, https:\/\/liceofrancestenerife.es\/nuevaweb\/wp-content\/uploads\/2019\/03\/Raquel-B--768x1030.jpg 768w, https:\/\/liceofrancestenerife.es\/nuevaweb\/wp-content\/uploads\/2019\/03\/Raquel-B--800x1073.jpg 800w, https:\/\/liceofrancestenerife.es\/nuevaweb\/wp-content\/uploads\/2019\/03\/Raquel-B-.jpg 895w\" data-sizes=\"auto\" data-orig-sizes=\"(max-width: 764px) 100vw, 764px\" \/><\/a><\/figure><\/li><li class=\"blocks-gallery-item\"><figure><a href=\"https:\/\/liceofrancestenerife.es\/nuevaweb\/wp-content\/uploads\/2019\/03\/Pedro-Edu-B-7389-1024x735.jpg\"><img decoding=\"async\" width=\"1024\" height=\"735\" src=\"https:\/\/liceofrancestenerife.es\/nuevaweb\/wp-content\/uploads\/2019\/03\/Pedro-Edu-B-7389-1024x735.jpg\" data-orig-src=\"https:\/\/liceofrancestenerife.es\/nuevaweb\/wp-content\/uploads\/2019\/03\/Pedro-Edu-B-7389-1024x735.jpg\" alt=\"\" data-id=\"25947\" data-link=\"https:\/\/liceofrancestenerife.es\/?attachment_id=25947\" class=\"lazyload wp-image-25947\" srcset=\"data:image\/svg+xml,%3Csvg%20xmlns%3D%27http%3A%2F%2Fwww.w3.org%2F2000%2Fsvg%27%20width%3D%271024%27%20height%3D%27735%27%20viewBox%3D%270%200%201024%20735%27%3E%3Crect%20width%3D%271024%27%20height%3D%27735%27%20fill-opacity%3D%220%22%2F%3E%3C%2Fsvg%3E\" data-srcset=\"https:\/\/liceofrancestenerife.es\/nuevaweb\/wp-content\/uploads\/2019\/03\/Pedro-Edu-B-7389-24x17.jpg 24w, https:\/\/liceofrancestenerife.es\/nuevaweb\/wp-content\/uploads\/2019\/03\/Pedro-Edu-B-7389-36x26.jpg 36w, https:\/\/liceofrancestenerife.es\/nuevaweb\/wp-content\/uploads\/2019\/03\/Pedro-Edu-B-7389-48x34.jpg 48w, https:\/\/liceofrancestenerife.es\/nuevaweb\/wp-content\/uploads\/2019\/03\/Pedro-Edu-B-7389-200x144.jpg 200w, https:\/\/liceofrancestenerife.es\/nuevaweb\/wp-content\/uploads\/2019\/03\/Pedro-Edu-B-7389-300x214.jpg 300w, https:\/\/liceofrancestenerife.es\/nuevaweb\/wp-content\/uploads\/2019\/03\/Pedro-Edu-B-7389-400x287.jpg 400w, https:\/\/liceofrancestenerife.es\/nuevaweb\/wp-content\/uploads\/2019\/03\/Pedro-Edu-B-7389-600x431.jpg 600w, https:\/\/liceofrancestenerife.es\/nuevaweb\/wp-content\/uploads\/2019\/03\/Pedro-Edu-B-7389-768x551.jpg 768w, https:\/\/liceofrancestenerife.es\/nuevaweb\/wp-content\/uploads\/2019\/03\/Pedro-Edu-B-7389-800x574.jpg 800w, https:\/\/liceofrancestenerife.es\/nuevaweb\/wp-content\/uploads\/2019\/03\/Pedro-Edu-B-7389-1024x735.jpg 1024w, https:\/\/liceofrancestenerife.es\/nuevaweb\/wp-content\/uploads\/2019\/03\/Pedro-Edu-B-7389.jpg 1200w\" data-sizes=\"auto\" data-orig-sizes=\"(max-width: 1024px) 100vw, 1024px\" \/><\/a><\/figure><\/li><li class=\"blocks-gallery-item\"><figure><a href=\"https:\/\/liceofrancestenerife.es\/nuevaweb\/wp-content\/uploads\/2019\/03\/Paula-Ana-B-1024x691.jpg\"><img decoding=\"async\" width=\"1024\" height=\"691\" src=\"https:\/\/liceofrancestenerife.es\/nuevaweb\/wp-content\/uploads\/2019\/03\/Paula-Ana-B-1024x691.jpg\" data-orig-src=\"https:\/\/liceofrancestenerife.es\/nuevaweb\/wp-content\/uploads\/2019\/03\/Paula-Ana-B-1024x691.jpg\" alt=\"\" data-id=\"25949\" data-link=\"https:\/\/liceofrancestenerife.es\/?attachment_id=25949\" class=\"lazyload wp-image-25949\" srcset=\"data:image\/svg+xml,%3Csvg%20xmlns%3D%27http%3A%2F%2Fwww.w3.org%2F2000%2Fsvg%27%20width%3D%271024%27%20height%3D%27691%27%20viewBox%3D%270%200%201024%20691%27%3E%3Crect%20width%3D%271024%27%20height%3D%27691%27%20fill-opacity%3D%220%22%2F%3E%3C%2Fsvg%3E\" data-srcset=\"https:\/\/liceofrancestenerife.es\/nuevaweb\/wp-content\/uploads\/2019\/03\/Paula-Ana-B-24x16.jpg 24w, https:\/\/liceofrancestenerife.es\/nuevaweb\/wp-content\/uploads\/2019\/03\/Paula-Ana-B-36x24.jpg 36w, https:\/\/liceofrancestenerife.es\/nuevaweb\/wp-content\/uploads\/2019\/03\/Paula-Ana-B-48x32.jpg 48w, https:\/\/liceofrancestenerife.es\/nuevaweb\/wp-content\/uploads\/2019\/03\/Paula-Ana-B-200x135.jpg 200w, https:\/\/liceofrancestenerife.es\/nuevaweb\/wp-content\/uploads\/2019\/03\/Paula-Ana-B-300x203.jpg 300w, https:\/\/liceofrancestenerife.es\/nuevaweb\/wp-content\/uploads\/2019\/03\/Paula-Ana-B-400x270.jpg 400w, https:\/\/liceofrancestenerife.es\/nuevaweb\/wp-content\/uploads\/2019\/03\/Paula-Ana-B-600x405.jpg 600w, https:\/\/liceofrancestenerife.es\/nuevaweb\/wp-content\/uploads\/2019\/03\/Paula-Ana-B-768x518.jpg 768w, https:\/\/liceofrancestenerife.es\/nuevaweb\/wp-content\/uploads\/2019\/03\/Paula-Ana-B-800x540.jpg 800w, https:\/\/liceofrancestenerife.es\/nuevaweb\/wp-content\/uploads\/2019\/03\/Paula-Ana-B-1024x691.jpg 1024w, https:\/\/liceofrancestenerife.es\/nuevaweb\/wp-content\/uploads\/2019\/03\/Paula-Ana-B.jpg 1200w\" data-sizes=\"auto\" data-orig-sizes=\"(max-width: 1024px) 100vw, 1024px\" \/><\/a><\/figure><\/li><li class=\"blocks-gallery-item\"><figure><a href=\"https:\/\/liceofrancestenerife.es\/nuevaweb\/wp-content\/uploads\/2019\/03\/paulaA-1024x768.jpg\"><img decoding=\"async\" width=\"1024\" height=\"768\" src=\"https:\/\/liceofrancestenerife.es\/nuevaweb\/wp-content\/uploads\/2019\/03\/paulaA-1024x768.jpg\" data-orig-src=\"https:\/\/liceofrancestenerife.es\/nuevaweb\/wp-content\/uploads\/2019\/03\/paulaA-1024x768.jpg\" alt=\"\" data-id=\"25951\" data-link=\"https:\/\/liceofrancestenerife.es\/?attachment_id=25951\" class=\"lazyload wp-image-25951\" srcset=\"data:image\/svg+xml,%3Csvg%20xmlns%3D%27http%3A%2F%2Fwww.w3.org%2F2000%2Fsvg%27%20width%3D%271024%27%20height%3D%27768%27%20viewBox%3D%270%200%201024%20768%27%3E%3Crect%20width%3D%271024%27%20height%3D%27768%27%20fill-opacity%3D%220%22%2F%3E%3C%2Fsvg%3E\" data-srcset=\"https:\/\/liceofrancestenerife.es\/nuevaweb\/wp-content\/uploads\/2019\/03\/paulaA-24x18.jpg 24w, https:\/\/liceofrancestenerife.es\/nuevaweb\/wp-content\/uploads\/2019\/03\/paulaA-36x27.jpg 36w, https:\/\/liceofrancestenerife.es\/nuevaweb\/wp-content\/uploads\/2019\/03\/paulaA-48x36.jpg 48w, https:\/\/liceofrancestenerife.es\/nuevaweb\/wp-content\/uploads\/2019\/03\/paulaA-200x150.jpg 200w, https:\/\/liceofrancestenerife.es\/nuevaweb\/wp-content\/uploads\/2019\/03\/paulaA-300x225.jpg 300w, https:\/\/liceofrancestenerife.es\/nuevaweb\/wp-content\/uploads\/2019\/03\/paulaA-400x300.jpg 400w, https:\/\/liceofrancestenerife.es\/nuevaweb\/wp-content\/uploads\/2019\/03\/paulaA-600x450.jpg 600w, https:\/\/liceofrancestenerife.es\/nuevaweb\/wp-content\/uploads\/2019\/03\/paulaA-768x576.jpg 768w, https:\/\/liceofrancestenerife.es\/nuevaweb\/wp-content\/uploads\/2019\/03\/paulaA-800x600.jpg 800w, https:\/\/liceofrancestenerife.es\/nuevaweb\/wp-content\/uploads\/2019\/03\/paulaA-1024x768.jpg 1024w, https:\/\/liceofrancestenerife.es\/nuevaweb\/wp-content\/uploads\/2019\/03\/paulaA.jpg 1200w\" data-sizes=\"auto\" data-orig-sizes=\"(max-width: 1024px) 100vw, 1024px\" \/><\/a><\/figure><\/li><li class=\"blocks-gallery-item\"><figure><a href=\"https:\/\/liceofrancestenerife.es\/nuevaweb\/wp-content\/uploads\/2019\/03\/Moira-Ani-B-7392-768x1024.jpg\"><img decoding=\"async\" width=\"768\" height=\"1024\" src=\"https:\/\/liceofrancestenerife.es\/nuevaweb\/wp-content\/uploads\/2019\/03\/Moira-Ani-B-7392-768x1024.jpg\" data-orig-src=\"https:\/\/liceofrancestenerife.es\/nuevaweb\/wp-content\/uploads\/2019\/03\/Moira-Ani-B-7392-768x1024.jpg\" alt=\"\" data-id=\"25955\" data-link=\"https:\/\/liceofrancestenerife.es\/?attachment_id=25955\" class=\"lazyload wp-image-25955\" srcset=\"data:image\/svg+xml,%3Csvg%20xmlns%3D%27http%3A%2F%2Fwww.w3.org%2F2000%2Fsvg%27%20width%3D%27768%27%20height%3D%271024%27%20viewBox%3D%270%200%20768%201024%27%3E%3Crect%20width%3D%27768%27%20height%3D%271024%27%20fill-opacity%3D%220%22%2F%3E%3C%2Fsvg%3E\" data-srcset=\"https:\/\/liceofrancestenerife.es\/nuevaweb\/wp-content\/uploads\/2019\/03\/Moira-Ani-B-7392-18x24.jpg 18w, https:\/\/liceofrancestenerife.es\/nuevaweb\/wp-content\/uploads\/2019\/03\/Moira-Ani-B-7392-27x36.jpg 27w, https:\/\/liceofrancestenerife.es\/nuevaweb\/wp-content\/uploads\/2019\/03\/Moira-Ani-B-7392-36x48.jpg 36w, https:\/\/liceofrancestenerife.es\/nuevaweb\/wp-content\/uploads\/2019\/03\/Moira-Ani-B-7392-200x267.jpg 200w, https:\/\/liceofrancestenerife.es\/nuevaweb\/wp-content\/uploads\/2019\/03\/Moira-Ani-B-7392-225x300.jpg 225w, https:\/\/liceofrancestenerife.es\/nuevaweb\/wp-content\/uploads\/2019\/03\/Moira-Ani-B-7392-400x533.jpg 400w, https:\/\/liceofrancestenerife.es\/nuevaweb\/wp-content\/uploads\/2019\/03\/Moira-Ani-B-7392-600x800.jpg 600w, https:\/\/liceofrancestenerife.es\/nuevaweb\/wp-content\/uploads\/2019\/03\/Moira-Ani-B-7392-768x1024.jpg 768w, https:\/\/liceofrancestenerife.es\/nuevaweb\/wp-content\/uploads\/2019\/03\/Moira-Ani-B-7392-800x1067.jpg 800w, https:\/\/liceofrancestenerife.es\/nuevaweb\/wp-content\/uploads\/2019\/03\/Moira-Ani-B-7392.jpg 900w\" data-sizes=\"auto\" data-orig-sizes=\"(max-width: 768px) 100vw, 768px\" \/><\/a><\/figure><\/li><li class=\"blocks-gallery-item\"><figure><a href=\"https:\/\/liceofrancestenerife.es\/nuevaweb\/wp-content\/uploads\/2019\/03\/Javier-B.jpg\"><img decoding=\"async\" width=\"946\" height=\"700\" src=\"https:\/\/liceofrancestenerife.es\/nuevaweb\/wp-content\/uploads\/2019\/03\/Javier-B.jpg\" data-orig-src=\"https:\/\/liceofrancestenerife.es\/nuevaweb\/wp-content\/uploads\/2019\/03\/Javier-B.jpg\" alt=\"\" data-id=\"25959\" data-link=\"https:\/\/liceofrancestenerife.es\/?attachment_id=25959\" class=\"lazyload wp-image-25959\" srcset=\"data:image\/svg+xml,%3Csvg%20xmlns%3D%27http%3A%2F%2Fwww.w3.org%2F2000%2Fsvg%27%20width%3D%27946%27%20height%3D%27700%27%20viewBox%3D%270%200%20946%20700%27%3E%3Crect%20width%3D%27946%27%20height%3D%27700%27%20fill-opacity%3D%220%22%2F%3E%3C%2Fsvg%3E\" data-srcset=\"https:\/\/liceofrancestenerife.es\/nuevaweb\/wp-content\/uploads\/2019\/03\/Javier-B-24x18.jpg 24w, https:\/\/liceofrancestenerife.es\/nuevaweb\/wp-content\/uploads\/2019\/03\/Javier-B-36x27.jpg 36w, https:\/\/liceofrancestenerife.es\/nuevaweb\/wp-content\/uploads\/2019\/03\/Javier-B-48x36.jpg 48w, https:\/\/liceofrancestenerife.es\/nuevaweb\/wp-content\/uploads\/2019\/03\/Javier-B-200x148.jpg 200w, https:\/\/liceofrancestenerife.es\/nuevaweb\/wp-content\/uploads\/2019\/03\/Javier-B-300x222.jpg 300w, https:\/\/liceofrancestenerife.es\/nuevaweb\/wp-content\/uploads\/2019\/03\/Javier-B-400x296.jpg 400w, https:\/\/liceofrancestenerife.es\/nuevaweb\/wp-content\/uploads\/2019\/03\/Javier-B-600x444.jpg 600w, https:\/\/liceofrancestenerife.es\/nuevaweb\/wp-content\/uploads\/2019\/03\/Javier-B-768x568.jpg 768w, https:\/\/liceofrancestenerife.es\/nuevaweb\/wp-content\/uploads\/2019\/03\/Javier-B-800x592.jpg 800w, https:\/\/liceofrancestenerife.es\/nuevaweb\/wp-content\/uploads\/2019\/03\/Javier-B.jpg 946w\" data-sizes=\"auto\" data-orig-sizes=\"(max-width: 946px) 100vw, 946px\" \/><\/a><\/figure><\/li><li class=\"blocks-gallery-item\"><figure><a href=\"https:\/\/liceofrancestenerife.es\/nuevaweb\/wp-content\/uploads\/2019\/03\/Gar\u00e7ons-772x1024.jpg\"><img decoding=\"async\" width=\"772\" height=\"1024\" src=\"https:\/\/liceofrancestenerife.es\/nuevaweb\/wp-content\/uploads\/2019\/03\/Gar\u00e7ons-772x1024.jpg\" data-orig-src=\"https:\/\/liceofrancestenerife.es\/nuevaweb\/wp-content\/uploads\/2019\/03\/Gar\u00e7ons-772x1024.jpg\" alt=\"\" data-id=\"25961\" data-link=\"https:\/\/liceofrancestenerife.es\/?attachment_id=25961\" class=\"lazyload wp-image-25961\" srcset=\"data:image\/svg+xml,%3Csvg%20xmlns%3D%27http%3A%2F%2Fwww.w3.org%2F2000%2Fsvg%27%20width%3D%27772%27%20height%3D%271024%27%20viewBox%3D%270%200%20772%201024%27%3E%3Crect%20width%3D%27772%27%20height%3D%271024%27%20fill-opacity%3D%220%22%2F%3E%3C%2Fsvg%3E\" data-srcset=\"https:\/\/liceofrancestenerife.es\/nuevaweb\/wp-content\/uploads\/2019\/03\/Gar\u00e7ons-18x24.jpg 18w, https:\/\/liceofrancestenerife.es\/nuevaweb\/wp-content\/uploads\/2019\/03\/Gar\u00e7ons-27x36.jpg 27w, https:\/\/liceofrancestenerife.es\/nuevaweb\/wp-content\/uploads\/2019\/03\/Gar\u00e7ons-36x48.jpg 36w, https:\/\/liceofrancestenerife.es\/nuevaweb\/wp-content\/uploads\/2019\/03\/Gar\u00e7ons-200x265.jpg 200w, https:\/\/liceofrancestenerife.es\/nuevaweb\/wp-content\/uploads\/2019\/03\/Gar\u00e7ons-226x300.jpg 226w, https:\/\/liceofrancestenerife.es\/nuevaweb\/wp-content\/uploads\/2019\/03\/Gar\u00e7ons-400x530.jpg 400w, https:\/\/liceofrancestenerife.es\/nuevaweb\/wp-content\/uploads\/2019\/03\/Gar\u00e7ons-600x796.jpg 600w, https:\/\/liceofrancestenerife.es\/nuevaweb\/wp-content\/uploads\/2019\/03\/Gar\u00e7ons-768x1018.jpg 768w, https:\/\/liceofrancestenerife.es\/nuevaweb\/wp-content\/uploads\/2019\/03\/Gar\u00e7ons-772x1024.jpg 772w, https:\/\/liceofrancestenerife.es\/nuevaweb\/wp-content\/uploads\/2019\/03\/Gar\u00e7ons-800x1061.jpg 800w, https:\/\/liceofrancestenerife.es\/nuevaweb\/wp-content\/uploads\/2019\/03\/Gar\u00e7ons.jpg 905w\" data-sizes=\"auto\" data-orig-sizes=\"(max-width: 772px) 100vw, 772px\" \/><\/a><\/figure><\/li><li class=\"blocks-gallery-item\"><figure><a href=\"https:\/\/liceofrancestenerife.es\/nuevaweb\/wp-content\/uploads\/2019\/03\/Esclarmonde-B-768x1024.jpg\"><img decoding=\"async\" width=\"768\" height=\"1024\" src=\"https:\/\/liceofrancestenerife.es\/nuevaweb\/wp-content\/uploads\/2019\/03\/Esclarmonde-B-768x1024.jpg\" data-orig-src=\"https:\/\/liceofrancestenerife.es\/nuevaweb\/wp-content\/uploads\/2019\/03\/Esclarmonde-B-768x1024.jpg\" alt=\"\" data-id=\"25963\" data-link=\"https:\/\/liceofrancestenerife.es\/?attachment_id=25963\" class=\"lazyload wp-image-25963\" srcset=\"data:image\/svg+xml,%3Csvg%20xmlns%3D%27http%3A%2F%2Fwww.w3.org%2F2000%2Fsvg%27%20width%3D%27768%27%20height%3D%271024%27%20viewBox%3D%270%200%20768%201024%27%3E%3Crect%20width%3D%27768%27%20height%3D%271024%27%20fill-opacity%3D%220%22%2F%3E%3C%2Fsvg%3E\" data-srcset=\"https:\/\/liceofrancestenerife.es\/nuevaweb\/wp-content\/uploads\/2019\/03\/Esclarmonde-B-18x24.jpg 18w, https:\/\/liceofrancestenerife.es\/nuevaweb\/wp-content\/uploads\/2019\/03\/Esclarmonde-B-27x36.jpg 27w, https:\/\/liceofrancestenerife.es\/nuevaweb\/wp-content\/uploads\/2019\/03\/Esclarmonde-B-36x48.jpg 36w, https:\/\/liceofrancestenerife.es\/nuevaweb\/wp-content\/uploads\/2019\/03\/Esclarmonde-B-200x267.jpg 200w, https:\/\/liceofrancestenerife.es\/nuevaweb\/wp-content\/uploads\/2019\/03\/Esclarmonde-B-225x300.jpg 225w, https:\/\/liceofrancestenerife.es\/nuevaweb\/wp-content\/uploads\/2019\/03\/Esclarmonde-B-400x533.jpg 400w, https:\/\/liceofrancestenerife.es\/nuevaweb\/wp-content\/uploads\/2019\/03\/Esclarmonde-B-600x800.jpg 600w, https:\/\/liceofrancestenerife.es\/nuevaweb\/wp-content\/uploads\/2019\/03\/Esclarmonde-B-768x1024.jpg 768w, https:\/\/liceofrancestenerife.es\/nuevaweb\/wp-content\/uploads\/2019\/03\/Esclarmonde-B-800x1067.jpg 800w, https:\/\/liceofrancestenerife.es\/nuevaweb\/wp-content\/uploads\/2019\/03\/Esclarmonde-B.jpg 900w\" data-sizes=\"auto\" data-orig-sizes=\"(max-width: 768px) 100vw, 768px\" \/><\/a><\/figure><\/li><li class=\"blocks-gallery-item\"><figure><a href=\"https:\/\/liceofrancestenerife.es\/nuevaweb\/wp-content\/uploads\/2019\/03\/Cesar-Leo-B-7380-1024x768.jpg\"><img decoding=\"async\" width=\"1024\" height=\"768\" src=\"https:\/\/liceofrancestenerife.es\/nuevaweb\/wp-content\/uploads\/2019\/03\/Cesar-Leo-B-7380-1024x768.jpg\" data-orig-src=\"https:\/\/liceofrancestenerife.es\/nuevaweb\/wp-content\/uploads\/2019\/03\/Cesar-Leo-B-7380-1024x768.jpg\" alt=\"\" data-id=\"25965\" data-link=\"https:\/\/liceofrancestenerife.es\/?attachment_id=25965\" class=\"lazyload wp-image-25965\" srcset=\"data:image\/svg+xml,%3Csvg%20xmlns%3D%27http%3A%2F%2Fwww.w3.org%2F2000%2Fsvg%27%20width%3D%271024%27%20height%3D%27768%27%20viewBox%3D%270%200%201024%20768%27%3E%3Crect%20width%3D%271024%27%20height%3D%27768%27%20fill-opacity%3D%220%22%2F%3E%3C%2Fsvg%3E\" data-srcset=\"https:\/\/liceofrancestenerife.es\/nuevaweb\/wp-content\/uploads\/2019\/03\/Cesar-Leo-B-7380-24x18.jpg 24w, https:\/\/liceofrancestenerife.es\/nuevaweb\/wp-content\/uploads\/2019\/03\/Cesar-Leo-B-7380-36x27.jpg 36w, https:\/\/liceofrancestenerife.es\/nuevaweb\/wp-content\/uploads\/2019\/03\/Cesar-Leo-B-7380-48x36.jpg 48w, https:\/\/liceofrancestenerife.es\/nuevaweb\/wp-content\/uploads\/2019\/03\/Cesar-Leo-B-7380-200x150.jpg 200w, https:\/\/liceofrancestenerife.es\/nuevaweb\/wp-content\/uploads\/2019\/03\/Cesar-Leo-B-7380-300x225.jpg 300w, https:\/\/liceofrancestenerife.es\/nuevaweb\/wp-content\/uploads\/2019\/03\/Cesar-Leo-B-7380-400x300.jpg 400w, https:\/\/liceofrancestenerife.es\/nuevaweb\/wp-content\/uploads\/2019\/03\/Cesar-Leo-B-7380-600x450.jpg 600w, https:\/\/liceofrancestenerife.es\/nuevaweb\/wp-content\/uploads\/2019\/03\/Cesar-Leo-B-7380-768x576.jpg 768w, https:\/\/liceofrancestenerife.es\/nuevaweb\/wp-content\/uploads\/2019\/03\/Cesar-Leo-B-7380-800x600.jpg 800w, https:\/\/liceofrancestenerife.es\/nuevaweb\/wp-content\/uploads\/2019\/03\/Cesar-Leo-B-7380-1024x768.jpg 1024w, https:\/\/liceofrancestenerife.es\/nuevaweb\/wp-content\/uploads\/2019\/03\/Cesar-Leo-B-7380.jpg 1200w\" data-sizes=\"auto\" data-orig-sizes=\"(max-width: 1024px) 100vw, 1024px\" \/><\/a><\/figure><\/li><li class=\"blocks-gallery-item\"><figure><a href=\"https:\/\/liceofrancestenerife.es\/nuevaweb\/wp-content\/uploads\/2019\/03\/Carla-B-1024x768.jpg\"><img decoding=\"async\" width=\"1024\" height=\"768\" src=\"https:\/\/liceofrancestenerife.es\/nuevaweb\/wp-content\/uploads\/2019\/03\/Carla-B-1024x768.jpg\" data-orig-src=\"https:\/\/liceofrancestenerife.es\/nuevaweb\/wp-content\/uploads\/2019\/03\/Carla-B-1024x768.jpg\" alt=\"\" data-id=\"25967\" data-link=\"https:\/\/liceofrancestenerife.es\/?attachment_id=25967\" class=\"lazyload wp-image-25967\" srcset=\"data:image\/svg+xml,%3Csvg%20xmlns%3D%27http%3A%2F%2Fwww.w3.org%2F2000%2Fsvg%27%20width%3D%271024%27%20height%3D%27768%27%20viewBox%3D%270%200%201024%20768%27%3E%3Crect%20width%3D%271024%27%20height%3D%27768%27%20fill-opacity%3D%220%22%2F%3E%3C%2Fsvg%3E\" data-srcset=\"https:\/\/liceofrancestenerife.es\/nuevaweb\/wp-content\/uploads\/2019\/03\/Carla-B-24x18.jpg 24w, https:\/\/liceofrancestenerife.es\/nuevaweb\/wp-content\/uploads\/2019\/03\/Carla-B-36x27.jpg 36w, https:\/\/liceofrancestenerife.es\/nuevaweb\/wp-content\/uploads\/2019\/03\/Carla-B-48x36.jpg 48w, https:\/\/liceofrancestenerife.es\/nuevaweb\/wp-content\/uploads\/2019\/03\/Carla-B-200x150.jpg 200w, https:\/\/liceofrancestenerife.es\/nuevaweb\/wp-content\/uploads\/2019\/03\/Carla-B-300x225.jpg 300w, https:\/\/liceofrancestenerife.es\/nuevaweb\/wp-content\/uploads\/2019\/03\/Carla-B-400x300.jpg 400w, https:\/\/liceofrancestenerife.es\/nuevaweb\/wp-content\/uploads\/2019\/03\/Carla-B-600x450.jpg 600w, https:\/\/liceofrancestenerife.es\/nuevaweb\/wp-content\/uploads\/2019\/03\/Carla-B-768x576.jpg 768w, https:\/\/liceofrancestenerife.es\/nuevaweb\/wp-content\/uploads\/2019\/03\/Carla-B-800x600.jpg 800w, https:\/\/liceofrancestenerife.es\/nuevaweb\/wp-content\/uploads\/2019\/03\/Carla-B-1024x768.jpg 1024w, https:\/\/liceofrancestenerife.es\/nuevaweb\/wp-content\/uploads\/2019\/03\/Carla-B.jpg 1200w\" data-sizes=\"auto\" data-orig-sizes=\"(max-width: 1024px) 100vw, 1024px\" \/><\/a><\/figure><\/li><li class=\"blocks-gallery-item\"><figure><a href=\"https:\/\/liceofrancestenerife.es\/nuevaweb\/wp-content\/uploads\/2019\/03\/Ani-Moira-B-1024x768.jpg\"><img decoding=\"async\" width=\"1024\" height=\"768\" src=\"https:\/\/liceofrancestenerife.es\/nuevaweb\/wp-content\/uploads\/2019\/03\/Ani-Moira-B-1024x768.jpg\" data-orig-src=\"https:\/\/liceofrancestenerife.es\/nuevaweb\/wp-content\/uploads\/2019\/03\/Ani-Moira-B-1024x768.jpg\" alt=\"\" data-id=\"25969\" data-link=\"https:\/\/liceofrancestenerife.es\/?attachment_id=25969\" class=\"lazyload wp-image-25969\" srcset=\"data:image\/svg+xml,%3Csvg%20xmlns%3D%27http%3A%2F%2Fwww.w3.org%2F2000%2Fsvg%27%20width%3D%271024%27%20height%3D%27768%27%20viewBox%3D%270%200%201024%20768%27%3E%3Crect%20width%3D%271024%27%20height%3D%27768%27%20fill-opacity%3D%220%22%2F%3E%3C%2Fsvg%3E\" data-srcset=\"https:\/\/liceofrancestenerife.es\/nuevaweb\/wp-content\/uploads\/2019\/03\/Ani-Moira-B-24x18.jpg 24w, https:\/\/liceofrancestenerife.es\/nuevaweb\/wp-content\/uploads\/2019\/03\/Ani-Moira-B-36x27.jpg 36w, https:\/\/liceofrancestenerife.es\/nuevaweb\/wp-content\/uploads\/2019\/03\/Ani-Moira-B-48x36.jpg 48w, https:\/\/liceofrancestenerife.es\/nuevaweb\/wp-content\/uploads\/2019\/03\/Ani-Moira-B-200x150.jpg 200w, https:\/\/liceofrancestenerife.es\/nuevaweb\/wp-content\/uploads\/2019\/03\/Ani-Moira-B-300x225.jpg 300w, https:\/\/liceofrancestenerife.es\/nuevaweb\/wp-content\/uploads\/2019\/03\/Ani-Moira-B-400x300.jpg 400w, https:\/\/liceofrancestenerife.es\/nuevaweb\/wp-content\/uploads\/2019\/03\/Ani-Moira-B-600x450.jpg 600w, https:\/\/liceofrancestenerife.es\/nuevaweb\/wp-content\/uploads\/2019\/03\/Ani-Moira-B-768x576.jpg 768w, https:\/\/liceofrancestenerife.es\/nuevaweb\/wp-content\/uploads\/2019\/03\/Ani-Moira-B-800x600.jpg 800w, https:\/\/liceofrancestenerife.es\/nuevaweb\/wp-content\/uploads\/2019\/03\/Ani-Moira-B-1024x768.jpg 1024w, https:\/\/liceofrancestenerife.es\/nuevaweb\/wp-content\/uploads\/2019\/03\/Ani-Moira-B.jpg 1200w\" data-sizes=\"auto\" data-orig-sizes=\"(max-width: 1024px) 100vw, 1024px\" \/><\/a><\/figure><\/li><li class=\"blocks-gallery-item\"><figure><a href=\"https:\/\/liceofrancestenerife.es\/nuevaweb\/wp-content\/uploads\/2019\/03\/Amalia-B-1024x768.jpg\"><img decoding=\"async\" width=\"1024\" height=\"768\" src=\"https:\/\/liceofrancestenerife.es\/nuevaweb\/wp-content\/uploads\/2019\/03\/Amalia-B-1024x768.jpg\" data-orig-src=\"https:\/\/liceofrancestenerife.es\/nuevaweb\/wp-content\/uploads\/2019\/03\/Amalia-B-1024x768.jpg\" alt=\"\" data-id=\"25971\" data-link=\"https:\/\/liceofrancestenerife.es\/?attachment_id=25971\" class=\"lazyload wp-image-25971\" srcset=\"data:image\/svg+xml,%3Csvg%20xmlns%3D%27http%3A%2F%2Fwww.w3.org%2F2000%2Fsvg%27%20width%3D%271024%27%20height%3D%27768%27%20viewBox%3D%270%200%201024%20768%27%3E%3Crect%20width%3D%271024%27%20height%3D%27768%27%20fill-opacity%3D%220%22%2F%3E%3C%2Fsvg%3E\" data-srcset=\"https:\/\/liceofrancestenerife.es\/nuevaweb\/wp-content\/uploads\/2019\/03\/Amalia-B-24x18.jpg 24w, https:\/\/liceofrancestenerife.es\/nuevaweb\/wp-content\/uploads\/2019\/03\/Amalia-B-36x27.jpg 36w, https:\/\/liceofrancestenerife.es\/nuevaweb\/wp-content\/uploads\/2019\/03\/Amalia-B-48x36.jpg 48w, https:\/\/liceofrancestenerife.es\/nuevaweb\/wp-content\/uploads\/2019\/03\/Amalia-B-200x150.jpg 200w, https:\/\/liceofrancestenerife.es\/nuevaweb\/wp-content\/uploads\/2019\/03\/Amalia-B-300x225.jpg 300w, https:\/\/liceofrancestenerife.es\/nuevaweb\/wp-content\/uploads\/2019\/03\/Amalia-B-400x300.jpg 400w, https:\/\/liceofrancestenerife.es\/nuevaweb\/wp-content\/uploads\/2019\/03\/Amalia-B-600x450.jpg 600w, https:\/\/liceofrancestenerife.es\/nuevaweb\/wp-content\/uploads\/2019\/03\/Amalia-B-768x576.jpg 768w, https:\/\/liceofrancestenerife.es\/nuevaweb\/wp-content\/uploads\/2019\/03\/Amalia-B-800x600.jpg 800w, https:\/\/liceofrancestenerife.es\/nuevaweb\/wp-content\/uploads\/2019\/03\/Amalia-B-1024x768.jpg 1024w, https:\/\/liceofrancestenerife.es\/nuevaweb\/wp-content\/uploads\/2019\/03\/Amalia-B.jpg 1200w\" data-sizes=\"auto\" data-orig-sizes=\"(max-width: 1024px) 100vw, 1024px\" \/><\/a><\/figure><\/li><li class=\"blocks-gallery-item\"><figure><a href=\"https:\/\/liceofrancestenerife.es\/nuevaweb\/wp-content\/uploads\/2019\/03\/Adriana-B-779x1024.jpg\"><img decoding=\"async\" width=\"779\" height=\"1024\" src=\"https:\/\/liceofrancestenerife.es\/nuevaweb\/wp-content\/uploads\/2019\/03\/Adriana-B-779x1024.jpg\" data-orig-src=\"https:\/\/liceofrancestenerife.es\/nuevaweb\/wp-content\/uploads\/2019\/03\/Adriana-B-779x1024.jpg\" alt=\"\" data-id=\"25973\" data-link=\"https:\/\/liceofrancestenerife.es\/?attachment_id=25973\" class=\"lazyload wp-image-25973\" srcset=\"data:image\/svg+xml,%3Csvg%20xmlns%3D%27http%3A%2F%2Fwww.w3.org%2F2000%2Fsvg%27%20width%3D%27779%27%20height%3D%271024%27%20viewBox%3D%270%200%20779%201024%27%3E%3Crect%20width%3D%27779%27%20height%3D%271024%27%20fill-opacity%3D%220%22%2F%3E%3C%2Fsvg%3E\" data-srcset=\"https:\/\/liceofrancestenerife.es\/nuevaweb\/wp-content\/uploads\/2019\/03\/Adriana-B-18x24.jpg 18w, https:\/\/liceofrancestenerife.es\/nuevaweb\/wp-content\/uploads\/2019\/03\/Adriana-B-27x36.jpg 27w, https:\/\/liceofrancestenerife.es\/nuevaweb\/wp-content\/uploads\/2019\/03\/Adriana-B-37x48.jpg 37w, https:\/\/liceofrancestenerife.es\/nuevaweb\/wp-content\/uploads\/2019\/03\/Adriana-B-200x263.jpg 200w, https:\/\/liceofrancestenerife.es\/nuevaweb\/wp-content\/uploads\/2019\/03\/Adriana-B-228x300.jpg 228w, https:\/\/liceofrancestenerife.es\/nuevaweb\/wp-content\/uploads\/2019\/03\/Adriana-B-400x526.jpg 400w, https:\/\/liceofrancestenerife.es\/nuevaweb\/wp-content\/uploads\/2019\/03\/Adriana-B-600x789.jpg 600w, https:\/\/liceofrancestenerife.es\/nuevaweb\/wp-content\/uploads\/2019\/03\/Adriana-B-768x1009.jpg 768w, https:\/\/liceofrancestenerife.es\/nuevaweb\/wp-content\/uploads\/2019\/03\/Adriana-B-779x1024.jpg 779w, https:\/\/liceofrancestenerife.es\/nuevaweb\/wp-content\/uploads\/2019\/03\/Adriana-B-800x1051.jpg 800w, https:\/\/liceofrancestenerife.es\/nuevaweb\/wp-content\/uploads\/2019\/03\/Adriana-B.jpg 913w\" data-sizes=\"auto\" data-orig-sizes=\"(max-width: 779px) 100vw, 779px\" \/><\/a><\/figure><\/li><\/ul>\n\n\n\n<p>Le jour de son arriv\u00e9e au lyc\u00e9e Jules Verne, Carole Martinez a  rencontr\u00e9 tous les \u00e9l\u00e8ves pour une <strong>s\u00e9ance de questions et de  d\u00e9couvertes<\/strong>. Elle s&#8217;est livr\u00e9e avec beaucoup de <strong>naturel<\/strong> et les \u00e9l\u00e8ves  ont beaucoup appr\u00e9ci\u00e9 sa <strong>proximit\u00e9<\/strong> et sa <strong>familiarit\u00e9<\/strong>. Beaucoup  d&#8217;attention, de rire et de charme ont captiv\u00e9 le public des jeunes et des professeurs. <\/p>\n\n\n\n<figure class=\"wp-block-image\"><img class=\"lazyload\" decoding=\"async\" src=\"data:image\/gif;base64,R0lGODlhAQABAAAAACH5BAEKAAEALAAAAAABAAEAAAICTAEAOw==\" data-orig-src=\"https:\/\/ssl.gstatic.com\/ui\/v1\/icons\/mail\/images\/cleardot.gif\" alt=\"\"\/><\/figure>\n\n\n\n<ul class=\"wp-block-gallery columns-5 is-cropped wp-block-gallery-3 is-layout-flex wp-block-gallery-is-layout-flex\"><li class=\"blocks-gallery-item\"><figure><a href=\"https:\/\/liceofrancestenerife.es\/nuevaweb\/wp-content\/uploads\/2019\/03\/IMG-7458-1024x711.jpg\"><img decoding=\"async\" width=\"1024\" height=\"711\" src=\"https:\/\/liceofrancestenerife.es\/nuevaweb\/wp-content\/uploads\/2019\/03\/IMG-7458-1024x711.jpg\" data-orig-src=\"https:\/\/liceofrancestenerife.es\/nuevaweb\/wp-content\/uploads\/2019\/03\/IMG-7458-1024x711.jpg\" alt=\"\" data-id=\"25982\" data-link=\"https:\/\/liceofrancestenerife.es\/?attachment_id=25982\" class=\"lazyload wp-image-25982\" srcset=\"data:image\/svg+xml,%3Csvg%20xmlns%3D%27http%3A%2F%2Fwww.w3.org%2F2000%2Fsvg%27%20width%3D%271024%27%20height%3D%27711%27%20viewBox%3D%270%200%201024%20711%27%3E%3Crect%20width%3D%271024%27%20height%3D%27711%27%20fill-opacity%3D%220%22%2F%3E%3C%2Fsvg%3E\" data-srcset=\"https:\/\/liceofrancestenerife.es\/nuevaweb\/wp-content\/uploads\/2019\/03\/IMG-7458-24x17.jpg 24w, https:\/\/liceofrancestenerife.es\/nuevaweb\/wp-content\/uploads\/2019\/03\/IMG-7458-36x25.jpg 36w, https:\/\/liceofrancestenerife.es\/nuevaweb\/wp-content\/uploads\/2019\/03\/IMG-7458-48x33.jpg 48w, https:\/\/liceofrancestenerife.es\/nuevaweb\/wp-content\/uploads\/2019\/03\/IMG-7458-200x139.jpg 200w, https:\/\/liceofrancestenerife.es\/nuevaweb\/wp-content\/uploads\/2019\/03\/IMG-7458-300x208.jpg 300w, https:\/\/liceofrancestenerife.es\/nuevaweb\/wp-content\/uploads\/2019\/03\/IMG-7458-400x278.jpg 400w, https:\/\/liceofrancestenerife.es\/nuevaweb\/wp-content\/uploads\/2019\/03\/IMG-7458-600x417.jpg 600w, https:\/\/liceofrancestenerife.es\/nuevaweb\/wp-content\/uploads\/2019\/03\/IMG-7458-768x533.jpg 768w, https:\/\/liceofrancestenerife.es\/nuevaweb\/wp-content\/uploads\/2019\/03\/IMG-7458-800x555.jpg 800w, https:\/\/liceofrancestenerife.es\/nuevaweb\/wp-content\/uploads\/2019\/03\/IMG-7458-1024x711.jpg 1024w, https:\/\/liceofrancestenerife.es\/nuevaweb\/wp-content\/uploads\/2019\/03\/IMG-7458.jpg 1200w\" data-sizes=\"auto\" data-orig-sizes=\"(max-width: 1024px) 100vw, 1024px\" \/><\/a><\/figure><\/li><li class=\"blocks-gallery-item\"><figure><a href=\"https:\/\/liceofrancestenerife.es\/nuevaweb\/wp-content\/uploads\/2019\/03\/IMG-7457-1024x679.jpg\"><img decoding=\"async\" width=\"1024\" height=\"679\" src=\"https:\/\/liceofrancestenerife.es\/nuevaweb\/wp-content\/uploads\/2019\/03\/IMG-7457-1024x679.jpg\" data-orig-src=\"https:\/\/liceofrancestenerife.es\/nuevaweb\/wp-content\/uploads\/2019\/03\/IMG-7457-1024x679.jpg\" alt=\"\" data-id=\"25984\" data-link=\"https:\/\/liceofrancestenerife.es\/?attachment_id=25984\" class=\"lazyload wp-image-25984\" srcset=\"data:image\/svg+xml,%3Csvg%20xmlns%3D%27http%3A%2F%2Fwww.w3.org%2F2000%2Fsvg%27%20width%3D%271024%27%20height%3D%27679%27%20viewBox%3D%270%200%201024%20679%27%3E%3Crect%20width%3D%271024%27%20height%3D%27679%27%20fill-opacity%3D%220%22%2F%3E%3C%2Fsvg%3E\" data-srcset=\"https:\/\/liceofrancestenerife.es\/nuevaweb\/wp-content\/uploads\/2019\/03\/IMG-7457-24x16.jpg 24w, https:\/\/liceofrancestenerife.es\/nuevaweb\/wp-content\/uploads\/2019\/03\/IMG-7457-36x24.jpg 36w, https:\/\/liceofrancestenerife.es\/nuevaweb\/wp-content\/uploads\/2019\/03\/IMG-7457-48x32.jpg 48w, https:\/\/liceofrancestenerife.es\/nuevaweb\/wp-content\/uploads\/2019\/03\/IMG-7457-200x133.jpg 200w, https:\/\/liceofrancestenerife.es\/nuevaweb\/wp-content\/uploads\/2019\/03\/IMG-7457-300x199.jpg 300w, https:\/\/liceofrancestenerife.es\/nuevaweb\/wp-content\/uploads\/2019\/03\/IMG-7457-400x265.jpg 400w, https:\/\/liceofrancestenerife.es\/nuevaweb\/wp-content\/uploads\/2019\/03\/IMG-7457-600x398.jpg 600w, https:\/\/liceofrancestenerife.es\/nuevaweb\/wp-content\/uploads\/2019\/03\/IMG-7457-768x509.jpg 768w, https:\/\/liceofrancestenerife.es\/nuevaweb\/wp-content\/uploads\/2019\/03\/IMG-7457-800x531.jpg 800w, https:\/\/liceofrancestenerife.es\/nuevaweb\/wp-content\/uploads\/2019\/03\/IMG-7457-1024x679.jpg 1024w, https:\/\/liceofrancestenerife.es\/nuevaweb\/wp-content\/uploads\/2019\/03\/IMG-7457.jpg 1200w\" data-sizes=\"auto\" data-orig-sizes=\"(max-width: 1024px) 100vw, 1024px\" \/><\/a><\/figure><\/li><li class=\"blocks-gallery-item\"><figure><a href=\"https:\/\/liceofrancestenerife.es\/nuevaweb\/wp-content\/uploads\/2019\/03\/IMG-7450-658x1024.jpg\"><img decoding=\"async\" width=\"658\" height=\"1024\" src=\"https:\/\/liceofrancestenerife.es\/nuevaweb\/wp-content\/uploads\/2019\/03\/IMG-7450-658x1024.jpg\" data-orig-src=\"https:\/\/liceofrancestenerife.es\/nuevaweb\/wp-content\/uploads\/2019\/03\/IMG-7450-658x1024.jpg\" alt=\"\" data-id=\"25986\" data-link=\"https:\/\/liceofrancestenerife.es\/?attachment_id=25986\" class=\"lazyload wp-image-25986\" srcset=\"data:image\/svg+xml,%3Csvg%20xmlns%3D%27http%3A%2F%2Fwww.w3.org%2F2000%2Fsvg%27%20width%3D%27658%27%20height%3D%271024%27%20viewBox%3D%270%200%20658%201024%27%3E%3Crect%20width%3D%27658%27%20height%3D%271024%27%20fill-opacity%3D%220%22%2F%3E%3C%2Fsvg%3E\" data-srcset=\"https:\/\/liceofrancestenerife.es\/nuevaweb\/wp-content\/uploads\/2019\/03\/IMG-7450-15x24.jpg 15w, https:\/\/liceofrancestenerife.es\/nuevaweb\/wp-content\/uploads\/2019\/03\/IMG-7450-23x36.jpg 23w, https:\/\/liceofrancestenerife.es\/nuevaweb\/wp-content\/uploads\/2019\/03\/IMG-7450-31x48.jpg 31w, https:\/\/liceofrancestenerife.es\/nuevaweb\/wp-content\/uploads\/2019\/03\/IMG-7450-193x300.jpg 193w, https:\/\/liceofrancestenerife.es\/nuevaweb\/wp-content\/uploads\/2019\/03\/IMG-7450-200x311.jpg 200w, https:\/\/liceofrancestenerife.es\/nuevaweb\/wp-content\/uploads\/2019\/03\/IMG-7450-400x623.jpg 400w, https:\/\/liceofrancestenerife.es\/nuevaweb\/wp-content\/uploads\/2019\/03\/IMG-7450-600x934.jpg 600w, https:\/\/liceofrancestenerife.es\/nuevaweb\/wp-content\/uploads\/2019\/03\/IMG-7450-658x1024.jpg 658w, https:\/\/liceofrancestenerife.es\/nuevaweb\/wp-content\/uploads\/2019\/03\/IMG-7450-768x1195.jpg 768w, https:\/\/liceofrancestenerife.es\/nuevaweb\/wp-content\/uploads\/2019\/03\/IMG-7450.jpg 771w\" data-sizes=\"auto\" data-orig-sizes=\"(max-width: 658px) 100vw, 658px\" \/><\/a><\/figure><\/li><li class=\"blocks-gallery-item\"><figure><a href=\"https:\/\/liceofrancestenerife.es\/nuevaweb\/wp-content\/uploads\/2019\/03\/IMG-7449-1024x670.jpg\"><img decoding=\"async\" width=\"1024\" height=\"670\" src=\"https:\/\/liceofrancestenerife.es\/nuevaweb\/wp-content\/uploads\/2019\/03\/IMG-7449-1024x670.jpg\" data-orig-src=\"https:\/\/liceofrancestenerife.es\/nuevaweb\/wp-content\/uploads\/2019\/03\/IMG-7449-1024x670.jpg\" alt=\"\" data-id=\"25988\" data-link=\"https:\/\/liceofrancestenerife.es\/?attachment_id=25988\" class=\"lazyload wp-image-25988\" srcset=\"data:image\/svg+xml,%3Csvg%20xmlns%3D%27http%3A%2F%2Fwww.w3.org%2F2000%2Fsvg%27%20width%3D%271024%27%20height%3D%27670%27%20viewBox%3D%270%200%201024%20670%27%3E%3Crect%20width%3D%271024%27%20height%3D%27670%27%20fill-opacity%3D%220%22%2F%3E%3C%2Fsvg%3E\" data-srcset=\"https:\/\/liceofrancestenerife.es\/nuevaweb\/wp-content\/uploads\/2019\/03\/IMG-7449-24x16.jpg 24w, https:\/\/liceofrancestenerife.es\/nuevaweb\/wp-content\/uploads\/2019\/03\/IMG-7449-36x24.jpg 36w, https:\/\/liceofrancestenerife.es\/nuevaweb\/wp-content\/uploads\/2019\/03\/IMG-7449-48x31.jpg 48w, https:\/\/liceofrancestenerife.es\/nuevaweb\/wp-content\/uploads\/2019\/03\/IMG-7449-200x131.jpg 200w, https:\/\/liceofrancestenerife.es\/nuevaweb\/wp-content\/uploads\/2019\/03\/IMG-7449-300x196.jpg 300w, https:\/\/liceofrancestenerife.es\/nuevaweb\/wp-content\/uploads\/2019\/03\/IMG-7449-400x262.jpg 400w, https:\/\/liceofrancestenerife.es\/nuevaweb\/wp-content\/uploads\/2019\/03\/IMG-7449-600x393.jpg 600w, https:\/\/liceofrancestenerife.es\/nuevaweb\/wp-content\/uploads\/2019\/03\/IMG-7449-768x502.jpg 768w, https:\/\/liceofrancestenerife.es\/nuevaweb\/wp-content\/uploads\/2019\/03\/IMG-7449-800x523.jpg 800w, https:\/\/liceofrancestenerife.es\/nuevaweb\/wp-content\/uploads\/2019\/03\/IMG-7449-1024x670.jpg 1024w, https:\/\/liceofrancestenerife.es\/nuevaweb\/wp-content\/uploads\/2019\/03\/IMG-7449.jpg 1200w\" data-sizes=\"auto\" data-orig-sizes=\"(max-width: 1024px) 100vw, 1024px\" \/><\/a><\/figure><\/li><li class=\"blocks-gallery-item\"><figure><a href=\"https:\/\/liceofrancestenerife.es\/nuevaweb\/wp-content\/uploads\/2019\/03\/IMG-7447-771x1024.jpg\"><img decoding=\"async\" width=\"771\" height=\"1024\" src=\"https:\/\/liceofrancestenerife.es\/nuevaweb\/wp-content\/uploads\/2019\/03\/IMG-7447-771x1024.jpg\" data-orig-src=\"https:\/\/liceofrancestenerife.es\/nuevaweb\/wp-content\/uploads\/2019\/03\/IMG-7447-771x1024.jpg\" alt=\"\" data-id=\"25990\" data-link=\"https:\/\/liceofrancestenerife.es\/?attachment_id=25990\" class=\"lazyload wp-image-25990\" srcset=\"data:image\/svg+xml,%3Csvg%20xmlns%3D%27http%3A%2F%2Fwww.w3.org%2F2000%2Fsvg%27%20width%3D%27771%27%20height%3D%271024%27%20viewBox%3D%270%200%20771%201024%27%3E%3Crect%20width%3D%27771%27%20height%3D%271024%27%20fill-opacity%3D%220%22%2F%3E%3C%2Fsvg%3E\" data-srcset=\"https:\/\/liceofrancestenerife.es\/nuevaweb\/wp-content\/uploads\/2019\/03\/IMG-7447-18x24.jpg 18w, https:\/\/liceofrancestenerife.es\/nuevaweb\/wp-content\/uploads\/2019\/03\/IMG-7447-27x36.jpg 27w, https:\/\/liceofrancestenerife.es\/nuevaweb\/wp-content\/uploads\/2019\/03\/IMG-7447-36x48.jpg 36w, https:\/\/liceofrancestenerife.es\/nuevaweb\/wp-content\/uploads\/2019\/03\/IMG-7447-200x265.jpg 200w, https:\/\/liceofrancestenerife.es\/nuevaweb\/wp-content\/uploads\/2019\/03\/IMG-7447-226x300.jpg 226w, https:\/\/liceofrancestenerife.es\/nuevaweb\/wp-content\/uploads\/2019\/03\/IMG-7447-400x531.jpg 400w, https:\/\/liceofrancestenerife.es\/nuevaweb\/wp-content\/uploads\/2019\/03\/IMG-7447-600x796.jpg 600w, https:\/\/liceofrancestenerife.es\/nuevaweb\/wp-content\/uploads\/2019\/03\/IMG-7447-768x1019.jpg 768w, https:\/\/liceofrancestenerife.es\/nuevaweb\/wp-content\/uploads\/2019\/03\/IMG-7447-771x1024.jpg 771w, https:\/\/liceofrancestenerife.es\/nuevaweb\/wp-content\/uploads\/2019\/03\/IMG-7447-800x1062.jpg 800w, https:\/\/liceofrancestenerife.es\/nuevaweb\/wp-content\/uploads\/2019\/03\/IMG-7447.jpg 904w\" data-sizes=\"auto\" data-orig-sizes=\"(max-width: 771px) 100vw, 771px\" \/><\/a><\/figure><\/li><li class=\"blocks-gallery-item\"><figure><a href=\"https:\/\/liceofrancestenerife.es\/nuevaweb\/wp-content\/uploads\/2019\/03\/IMG-7446-1024x739.jpg\"><img decoding=\"async\" width=\"1024\" height=\"739\" src=\"https:\/\/liceofrancestenerife.es\/nuevaweb\/wp-content\/uploads\/2019\/03\/IMG-7446-1024x739.jpg\" data-orig-src=\"https:\/\/liceofrancestenerife.es\/nuevaweb\/wp-content\/uploads\/2019\/03\/IMG-7446-1024x739.jpg\" alt=\"\" data-id=\"25992\" data-link=\"https:\/\/liceofrancestenerife.es\/?attachment_id=25992\" class=\"lazyload wp-image-25992\" srcset=\"data:image\/svg+xml,%3Csvg%20xmlns%3D%27http%3A%2F%2Fwww.w3.org%2F2000%2Fsvg%27%20width%3D%271024%27%20height%3D%27739%27%20viewBox%3D%270%200%201024%20739%27%3E%3Crect%20width%3D%271024%27%20height%3D%27739%27%20fill-opacity%3D%220%22%2F%3E%3C%2Fsvg%3E\" data-srcset=\"https:\/\/liceofrancestenerife.es\/nuevaweb\/wp-content\/uploads\/2019\/03\/IMG-7446-24x17.jpg 24w, https:\/\/liceofrancestenerife.es\/nuevaweb\/wp-content\/uploads\/2019\/03\/IMG-7446-36x26.jpg 36w, https:\/\/liceofrancestenerife.es\/nuevaweb\/wp-content\/uploads\/2019\/03\/IMG-7446-48x35.jpg 48w, https:\/\/liceofrancestenerife.es\/nuevaweb\/wp-content\/uploads\/2019\/03\/IMG-7446-200x144.jpg 200w, https:\/\/liceofrancestenerife.es\/nuevaweb\/wp-content\/uploads\/2019\/03\/IMG-7446-300x217.jpg 300w, https:\/\/liceofrancestenerife.es\/nuevaweb\/wp-content\/uploads\/2019\/03\/IMG-7446-400x289.jpg 400w, https:\/\/liceofrancestenerife.es\/nuevaweb\/wp-content\/uploads\/2019\/03\/IMG-7446-600x433.jpg 600w, https:\/\/liceofrancestenerife.es\/nuevaweb\/wp-content\/uploads\/2019\/03\/IMG-7446-768x554.jpg 768w, https:\/\/liceofrancestenerife.es\/nuevaweb\/wp-content\/uploads\/2019\/03\/IMG-7446-800x577.jpg 800w, https:\/\/liceofrancestenerife.es\/nuevaweb\/wp-content\/uploads\/2019\/03\/IMG-7446-1024x739.jpg 1024w, https:\/\/liceofrancestenerife.es\/nuevaweb\/wp-content\/uploads\/2019\/03\/IMG-7446.jpg 1200w\" data-sizes=\"auto\" data-orig-sizes=\"(max-width: 1024px) 100vw, 1024px\" \/><\/a><\/figure><\/li><li class=\"blocks-gallery-item\"><figure><a href=\"https:\/\/liceofrancestenerife.es\/nuevaweb\/wp-content\/uploads\/2019\/03\/DSC_0680-1024x506.jpg\"><img decoding=\"async\" width=\"1024\" height=\"506\" src=\"https:\/\/liceofrancestenerife.es\/nuevaweb\/wp-content\/uploads\/2019\/03\/DSC_0680-1024x506.jpg\" data-orig-src=\"https:\/\/liceofrancestenerife.es\/nuevaweb\/wp-content\/uploads\/2019\/03\/DSC_0680-1024x506.jpg\" alt=\"\" data-id=\"25994\" data-link=\"https:\/\/liceofrancestenerife.es\/?attachment_id=25994\" class=\"lazyload wp-image-25994\" srcset=\"data:image\/svg+xml,%3Csvg%20xmlns%3D%27http%3A%2F%2Fwww.w3.org%2F2000%2Fsvg%27%20width%3D%271024%27%20height%3D%27506%27%20viewBox%3D%270%200%201024%20506%27%3E%3Crect%20width%3D%271024%27%20height%3D%27506%27%20fill-opacity%3D%220%22%2F%3E%3C%2Fsvg%3E\" data-srcset=\"https:\/\/liceofrancestenerife.es\/nuevaweb\/wp-content\/uploads\/2019\/03\/DSC_0680-24x12.jpg 24w, https:\/\/liceofrancestenerife.es\/nuevaweb\/wp-content\/uploads\/2019\/03\/DSC_0680-36x18.jpg 36w, https:\/\/liceofrancestenerife.es\/nuevaweb\/wp-content\/uploads\/2019\/03\/DSC_0680-48x24.jpg 48w, https:\/\/liceofrancestenerife.es\/nuevaweb\/wp-content\/uploads\/2019\/03\/DSC_0680-200x99.jpg 200w, https:\/\/liceofrancestenerife.es\/nuevaweb\/wp-content\/uploads\/2019\/03\/DSC_0680-300x148.jpg 300w, https:\/\/liceofrancestenerife.es\/nuevaweb\/wp-content\/uploads\/2019\/03\/DSC_0680-400x198.jpg 400w, https:\/\/liceofrancestenerife.es\/nuevaweb\/wp-content\/uploads\/2019\/03\/DSC_0680-600x297.jpg 600w, https:\/\/liceofrancestenerife.es\/nuevaweb\/wp-content\/uploads\/2019\/03\/DSC_0680-768x380.jpg 768w, https:\/\/liceofrancestenerife.es\/nuevaweb\/wp-content\/uploads\/2019\/03\/DSC_0680-800x396.jpg 800w, https:\/\/liceofrancestenerife.es\/nuevaweb\/wp-content\/uploads\/2019\/03\/DSC_0680-1024x506.jpg 1024w, https:\/\/liceofrancestenerife.es\/nuevaweb\/wp-content\/uploads\/2019\/03\/DSC_0680-1200x594.jpg 1200w, https:\/\/liceofrancestenerife.es\/nuevaweb\/wp-content\/uploads\/2019\/03\/DSC_0680.jpg 1300w\" data-sizes=\"auto\" data-orig-sizes=\"(max-width: 1024px) 100vw, 1024px\" \/><\/a><\/figure><\/li><li class=\"blocks-gallery-item\"><figure><a href=\"https:\/\/liceofrancestenerife.es\/nuevaweb\/wp-content\/uploads\/2019\/03\/DSC_0672-794x1024.jpg\"><img decoding=\"async\" width=\"794\" height=\"1024\" src=\"https:\/\/liceofrancestenerife.es\/nuevaweb\/wp-content\/uploads\/2019\/03\/DSC_0672-794x1024.jpg\" data-orig-src=\"https:\/\/liceofrancestenerife.es\/nuevaweb\/wp-content\/uploads\/2019\/03\/DSC_0672-794x1024.jpg\" alt=\"\" data-id=\"25996\" data-link=\"https:\/\/liceofrancestenerife.es\/?attachment_id=25996\" class=\"lazyload wp-image-25996\" srcset=\"data:image\/svg+xml,%3Csvg%20xmlns%3D%27http%3A%2F%2Fwww.w3.org%2F2000%2Fsvg%27%20width%3D%27794%27%20height%3D%271024%27%20viewBox%3D%270%200%20794%201024%27%3E%3Crect%20width%3D%27794%27%20height%3D%271024%27%20fill-opacity%3D%220%22%2F%3E%3C%2Fsvg%3E\" data-srcset=\"https:\/\/liceofrancestenerife.es\/nuevaweb\/wp-content\/uploads\/2019\/03\/DSC_0672-19x24.jpg 19w, https:\/\/liceofrancestenerife.es\/nuevaweb\/wp-content\/uploads\/2019\/03\/DSC_0672-28x36.jpg 28w, https:\/\/liceofrancestenerife.es\/nuevaweb\/wp-content\/uploads\/2019\/03\/DSC_0672-37x48.jpg 37w, https:\/\/liceofrancestenerife.es\/nuevaweb\/wp-content\/uploads\/2019\/03\/DSC_0672-200x258.jpg 200w, https:\/\/liceofrancestenerife.es\/nuevaweb\/wp-content\/uploads\/2019\/03\/DSC_0672-233x300.jpg 233w, https:\/\/liceofrancestenerife.es\/nuevaweb\/wp-content\/uploads\/2019\/03\/DSC_0672-400x516.jpg 400w, https:\/\/liceofrancestenerife.es\/nuevaweb\/wp-content\/uploads\/2019\/03\/DSC_0672-600x774.jpg 600w, https:\/\/liceofrancestenerife.es\/nuevaweb\/wp-content\/uploads\/2019\/03\/DSC_0672-768x991.jpg 768w, https:\/\/liceofrancestenerife.es\/nuevaweb\/wp-content\/uploads\/2019\/03\/DSC_0672-794x1024.jpg 794w, https:\/\/liceofrancestenerife.es\/nuevaweb\/wp-content\/uploads\/2019\/03\/DSC_0672-800x1032.jpg 800w, https:\/\/liceofrancestenerife.es\/nuevaweb\/wp-content\/uploads\/2019\/03\/DSC_0672.jpg 930w\" data-sizes=\"auto\" data-orig-sizes=\"(max-width: 794px) 100vw, 794px\" \/><\/a><\/figure><\/li><li class=\"blocks-gallery-item\"><figure><a href=\"https:\/\/liceofrancestenerife.es\/nuevaweb\/wp-content\/uploads\/2019\/03\/DSC_0669-1024x614.jpg\"><img decoding=\"async\" width=\"1024\" height=\"614\" src=\"https:\/\/liceofrancestenerife.es\/nuevaweb\/wp-content\/uploads\/2019\/03\/DSC_0669-1024x614.jpg\" data-orig-src=\"https:\/\/liceofrancestenerife.es\/nuevaweb\/wp-content\/uploads\/2019\/03\/DSC_0669-1024x614.jpg\" alt=\"\" data-id=\"25998\" data-link=\"https:\/\/liceofrancestenerife.es\/?attachment_id=25998\" class=\"lazyload wp-image-25998\" srcset=\"data:image\/svg+xml,%3Csvg%20xmlns%3D%27http%3A%2F%2Fwww.w3.org%2F2000%2Fsvg%27%20width%3D%271024%27%20height%3D%27614%27%20viewBox%3D%270%200%201024%20614%27%3E%3Crect%20width%3D%271024%27%20height%3D%27614%27%20fill-opacity%3D%220%22%2F%3E%3C%2Fsvg%3E\" data-srcset=\"https:\/\/liceofrancestenerife.es\/nuevaweb\/wp-content\/uploads\/2019\/03\/DSC_0669-24x14.jpg 24w, https:\/\/liceofrancestenerife.es\/nuevaweb\/wp-content\/uploads\/2019\/03\/DSC_0669-36x22.jpg 36w, https:\/\/liceofrancestenerife.es\/nuevaweb\/wp-content\/uploads\/2019\/03\/DSC_0669-48x29.jpg 48w, https:\/\/liceofrancestenerife.es\/nuevaweb\/wp-content\/uploads\/2019\/03\/DSC_0669-200x120.jpg 200w, https:\/\/liceofrancestenerife.es\/nuevaweb\/wp-content\/uploads\/2019\/03\/DSC_0669-300x180.jpg 300w, https:\/\/liceofrancestenerife.es\/nuevaweb\/wp-content\/uploads\/2019\/03\/DSC_0669-400x240.jpg 400w, https:\/\/liceofrancestenerife.es\/nuevaweb\/wp-content\/uploads\/2019\/03\/DSC_0669-600x360.jpg 600w, https:\/\/liceofrancestenerife.es\/nuevaweb\/wp-content\/uploads\/2019\/03\/DSC_0669-768x460.jpg 768w, https:\/\/liceofrancestenerife.es\/nuevaweb\/wp-content\/uploads\/2019\/03\/DSC_0669-800x479.jpg 800w, https:\/\/liceofrancestenerife.es\/nuevaweb\/wp-content\/uploads\/2019\/03\/DSC_0669-1024x614.jpg 1024w, https:\/\/liceofrancestenerife.es\/nuevaweb\/wp-content\/uploads\/2019\/03\/DSC_0669-1200x719.jpg 1200w, https:\/\/liceofrancestenerife.es\/nuevaweb\/wp-content\/uploads\/2019\/03\/DSC_0669.jpg 1300w\" data-sizes=\"auto\" data-orig-sizes=\"(max-width: 1024px) 100vw, 1024px\" \/><\/a><\/figure><\/li><li class=\"blocks-gallery-item\"><figure><a href=\"https:\/\/liceofrancestenerife.es\/nuevaweb\/wp-content\/uploads\/2019\/03\/DSC_0661-1024x660.jpg\"><img decoding=\"async\" width=\"1024\" height=\"660\" src=\"https:\/\/liceofrancestenerife.es\/nuevaweb\/wp-content\/uploads\/2019\/03\/DSC_0661-1024x660.jpg\" data-orig-src=\"https:\/\/liceofrancestenerife.es\/nuevaweb\/wp-content\/uploads\/2019\/03\/DSC_0661-1024x660.jpg\" alt=\"\" data-id=\"26004\" data-link=\"https:\/\/liceofrancestenerife.es\/?attachment_id=26004\" class=\"lazyload wp-image-26004\" srcset=\"data:image\/svg+xml,%3Csvg%20xmlns%3D%27http%3A%2F%2Fwww.w3.org%2F2000%2Fsvg%27%20width%3D%271024%27%20height%3D%27660%27%20viewBox%3D%270%200%201024%20660%27%3E%3Crect%20width%3D%271024%27%20height%3D%27660%27%20fill-opacity%3D%220%22%2F%3E%3C%2Fsvg%3E\" data-srcset=\"https:\/\/liceofrancestenerife.es\/nuevaweb\/wp-content\/uploads\/2019\/03\/DSC_0661-24x15.jpg 24w, https:\/\/liceofrancestenerife.es\/nuevaweb\/wp-content\/uploads\/2019\/03\/DSC_0661-36x23.jpg 36w, https:\/\/liceofrancestenerife.es\/nuevaweb\/wp-content\/uploads\/2019\/03\/DSC_0661-48x31.jpg 48w, https:\/\/liceofrancestenerife.es\/nuevaweb\/wp-content\/uploads\/2019\/03\/DSC_0661-200x129.jpg 200w, https:\/\/liceofrancestenerife.es\/nuevaweb\/wp-content\/uploads\/2019\/03\/DSC_0661-300x193.jpg 300w, https:\/\/liceofrancestenerife.es\/nuevaweb\/wp-content\/uploads\/2019\/03\/DSC_0661-400x258.jpg 400w, https:\/\/liceofrancestenerife.es\/nuevaweb\/wp-content\/uploads\/2019\/03\/DSC_0661-460x295.jpg 460w, https:\/\/liceofrancestenerife.es\/nuevaweb\/wp-content\/uploads\/2019\/03\/DSC_0661-600x387.jpg 600w, https:\/\/liceofrancestenerife.es\/nuevaweb\/wp-content\/uploads\/2019\/03\/DSC_0661-768x495.jpg 768w, https:\/\/liceofrancestenerife.es\/nuevaweb\/wp-content\/uploads\/2019\/03\/DSC_0661-800x515.jpg 800w, https:\/\/liceofrancestenerife.es\/nuevaweb\/wp-content\/uploads\/2019\/03\/DSC_0661-1024x660.jpg 1024w, https:\/\/liceofrancestenerife.es\/nuevaweb\/wp-content\/uploads\/2019\/03\/DSC_0661.jpg 1200w\" data-sizes=\"auto\" data-orig-sizes=\"(max-width: 1024px) 100vw, 1024px\" \/><\/a><\/figure><\/li><\/ul>\n\n\n\n<p>L&#8217;\u00e9crivain a aussi anim\u00e9 des <strong>ateliers d&#8217;\u00e9criture<\/strong> pour chaque classe.  Les \u00e9l\u00e8ves de 2nde B ont \u00e9crit leur <strong>autoportrait<\/strong> en se livrant de fa\u00e7on  <strong>intime<\/strong>. Carole les a f\u00e9licit\u00e9s pour la qualit\u00e9 de leur <strong>expression<\/strong> et  leur <strong>langue po\u00e9tique<\/strong>. Quel honneur d&#8217;\u00eatre lus par une grande artiste de  la litt\u00e9rature fran\u00e7aise !<\/p>\n\n\n\n<figure class=\"wp-block-image\"><img class=\"lazyload\" decoding=\"async\" src=\"data:image\/gif;base64,R0lGODlhAQABAAAAACH5BAEKAAEALAAAAAABAAEAAAICTAEAOw==\" data-orig-src=\"https:\/\/ssl.gstatic.com\/ui\/v1\/icons\/mail\/images\/cleardot.gif\" alt=\"\"\/><\/figure>\n\n\n\n<ul class=\"wp-block-gallery columns-5 is-cropped wp-block-gallery-4 is-layout-flex wp-block-gallery-is-layout-flex\"><li class=\"blocks-gallery-item\"><figure><img decoding=\"async\" width=\"1024\" height=\"618\" src=\"https:\/\/liceofrancestenerife.es\/nuevaweb\/wp-content\/uploads\/2019\/03\/IMG-7500-1024x618.jpg\" data-orig-src=\"https:\/\/liceofrancestenerife.es\/nuevaweb\/wp-content\/uploads\/2019\/03\/IMG-7500-1024x618.jpg\" alt=\"\" data-id=\"26008\" data-link=\"https:\/\/liceofrancestenerife.es\/?attachment_id=26008\" class=\"lazyload wp-image-26008\" srcset=\"data:image\/svg+xml,%3Csvg%20xmlns%3D%27http%3A%2F%2Fwww.w3.org%2F2000%2Fsvg%27%20width%3D%271024%27%20height%3D%27618%27%20viewBox%3D%270%200%201024%20618%27%3E%3Crect%20width%3D%271024%27%20height%3D%27618%27%20fill-opacity%3D%220%22%2F%3E%3C%2Fsvg%3E\" data-srcset=\"https:\/\/liceofrancestenerife.es\/nuevaweb\/wp-content\/uploads\/2019\/03\/IMG-7500-24x14.jpg 24w, https:\/\/liceofrancestenerife.es\/nuevaweb\/wp-content\/uploads\/2019\/03\/IMG-7500-36x22.jpg 36w, https:\/\/liceofrancestenerife.es\/nuevaweb\/wp-content\/uploads\/2019\/03\/IMG-7500-48x29.jpg 48w, https:\/\/liceofrancestenerife.es\/nuevaweb\/wp-content\/uploads\/2019\/03\/IMG-7500-200x121.jpg 200w, https:\/\/liceofrancestenerife.es\/nuevaweb\/wp-content\/uploads\/2019\/03\/IMG-7500-300x181.jpg 300w, https:\/\/liceofrancestenerife.es\/nuevaweb\/wp-content\/uploads\/2019\/03\/IMG-7500-400x242.jpg 400w, https:\/\/liceofrancestenerife.es\/nuevaweb\/wp-content\/uploads\/2019\/03\/IMG-7500-600x362.jpg 600w, https:\/\/liceofrancestenerife.es\/nuevaweb\/wp-content\/uploads\/2019\/03\/IMG-7500-768x464.jpg 768w, https:\/\/liceofrancestenerife.es\/nuevaweb\/wp-content\/uploads\/2019\/03\/IMG-7500-800x483.jpg 800w, https:\/\/liceofrancestenerife.es\/nuevaweb\/wp-content\/uploads\/2019\/03\/IMG-7500-1024x618.jpg 1024w, https:\/\/liceofrancestenerife.es\/nuevaweb\/wp-content\/uploads\/2019\/03\/IMG-7500-1200x725.jpg 1200w, https:\/\/liceofrancestenerife.es\/nuevaweb\/wp-content\/uploads\/2019\/03\/IMG-7500.jpg 1300w\" data-sizes=\"auto\" data-orig-sizes=\"(max-width: 1024px) 100vw, 1024px\" \/><\/figure><\/li><li class=\"blocks-gallery-item\"><figure><img decoding=\"async\" width=\"679\" height=\"1024\" src=\"https:\/\/liceofrancestenerife.es\/nuevaweb\/wp-content\/uploads\/2019\/03\/IMG-7495-679x1024.jpg\" data-orig-src=\"https:\/\/liceofrancestenerife.es\/nuevaweb\/wp-content\/uploads\/2019\/03\/IMG-7495-679x1024.jpg\" alt=\"\" data-id=\"26012\" data-link=\"https:\/\/liceofrancestenerife.es\/?attachment_id=26012\" class=\"lazyload wp-image-26012\" srcset=\"data:image\/svg+xml,%3Csvg%20xmlns%3D%27http%3A%2F%2Fwww.w3.org%2F2000%2Fsvg%27%20width%3D%27679%27%20height%3D%271024%27%20viewBox%3D%270%200%20679%201024%27%3E%3Crect%20width%3D%27679%27%20height%3D%271024%27%20fill-opacity%3D%220%22%2F%3E%3C%2Fsvg%3E\" data-srcset=\"https:\/\/liceofrancestenerife.es\/nuevaweb\/wp-content\/uploads\/2019\/03\/IMG-7495-16x24.jpg 16w, https:\/\/liceofrancestenerife.es\/nuevaweb\/wp-content\/uploads\/2019\/03\/IMG-7495-24x36.jpg 24w, https:\/\/liceofrancestenerife.es\/nuevaweb\/wp-content\/uploads\/2019\/03\/IMG-7495-32x48.jpg 32w, https:\/\/liceofrancestenerife.es\/nuevaweb\/wp-content\/uploads\/2019\/03\/IMG-7495-199x300.jpg 199w, https:\/\/liceofrancestenerife.es\/nuevaweb\/wp-content\/uploads\/2019\/03\/IMG-7495-200x302.jpg 200w, https:\/\/liceofrancestenerife.es\/nuevaweb\/wp-content\/uploads\/2019\/03\/IMG-7495-400x603.jpg 400w, https:\/\/liceofrancestenerife.es\/nuevaweb\/wp-content\/uploads\/2019\/03\/IMG-7495-600x905.jpg 600w, https:\/\/liceofrancestenerife.es\/nuevaweb\/wp-content\/uploads\/2019\/03\/IMG-7495-679x1024.jpg 679w, https:\/\/liceofrancestenerife.es\/nuevaweb\/wp-content\/uploads\/2019\/03\/IMG-7495-768x1158.jpg 768w, https:\/\/liceofrancestenerife.es\/nuevaweb\/wp-content\/uploads\/2019\/03\/IMG-7495.jpg 796w\" data-sizes=\"auto\" data-orig-sizes=\"(max-width: 679px) 100vw, 679px\" \/><\/figure><\/li><li class=\"blocks-gallery-item\"><figure><img decoding=\"async\" width=\"1024\" height=\"715\" src=\"https:\/\/liceofrancestenerife.es\/nuevaweb\/wp-content\/uploads\/2019\/03\/IMG-7490-1024x715.jpg\" data-orig-src=\"https:\/\/liceofrancestenerife.es\/nuevaweb\/wp-content\/uploads\/2019\/03\/IMG-7490-1024x715.jpg\" alt=\"\" data-id=\"26014\" data-link=\"https:\/\/liceofrancestenerife.es\/?attachment_id=26014\" class=\"lazyload wp-image-26014\" srcset=\"data:image\/svg+xml,%3Csvg%20xmlns%3D%27http%3A%2F%2Fwww.w3.org%2F2000%2Fsvg%27%20width%3D%271024%27%20height%3D%27715%27%20viewBox%3D%270%200%201024%20715%27%3E%3Crect%20width%3D%271024%27%20height%3D%27715%27%20fill-opacity%3D%220%22%2F%3E%3C%2Fsvg%3E\" data-srcset=\"https:\/\/liceofrancestenerife.es\/nuevaweb\/wp-content\/uploads\/2019\/03\/IMG-7490-24x17.jpg 24w, https:\/\/liceofrancestenerife.es\/nuevaweb\/wp-content\/uploads\/2019\/03\/IMG-7490-36x25.jpg 36w, https:\/\/liceofrancestenerife.es\/nuevaweb\/wp-content\/uploads\/2019\/03\/IMG-7490-48x34.jpg 48w, https:\/\/liceofrancestenerife.es\/nuevaweb\/wp-content\/uploads\/2019\/03\/IMG-7490-200x140.jpg 200w, https:\/\/liceofrancestenerife.es\/nuevaweb\/wp-content\/uploads\/2019\/03\/IMG-7490-300x210.jpg 300w, https:\/\/liceofrancestenerife.es\/nuevaweb\/wp-content\/uploads\/2019\/03\/IMG-7490-400x279.jpg 400w, https:\/\/liceofrancestenerife.es\/nuevaweb\/wp-content\/uploads\/2019\/03\/IMG-7490-600x419.jpg 600w, https:\/\/liceofrancestenerife.es\/nuevaweb\/wp-content\/uploads\/2019\/03\/IMG-7490-768x536.jpg 768w, https:\/\/liceofrancestenerife.es\/nuevaweb\/wp-content\/uploads\/2019\/03\/IMG-7490-800x559.jpg 800w, https:\/\/liceofrancestenerife.es\/nuevaweb\/wp-content\/uploads\/2019\/03\/IMG-7490-1024x715.jpg 1024w, https:\/\/liceofrancestenerife.es\/nuevaweb\/wp-content\/uploads\/2019\/03\/IMG-7490.jpg 1200w\" data-sizes=\"auto\" data-orig-sizes=\"(max-width: 1024px) 100vw, 1024px\" \/><\/figure><\/li><li class=\"blocks-gallery-item\"><figure><img decoding=\"async\" width=\"1024\" height=\"695\" src=\"https:\/\/liceofrancestenerife.es\/nuevaweb\/wp-content\/uploads\/2019\/03\/IMG-7486-1024x695.jpg\" data-orig-src=\"https:\/\/liceofrancestenerife.es\/nuevaweb\/wp-content\/uploads\/2019\/03\/IMG-7486-1024x695.jpg\" alt=\"\" data-id=\"26016\" data-link=\"https:\/\/liceofrancestenerife.es\/?attachment_id=26016\" class=\"lazyload wp-image-26016\" srcset=\"data:image\/svg+xml,%3Csvg%20xmlns%3D%27http%3A%2F%2Fwww.w3.org%2F2000%2Fsvg%27%20width%3D%271024%27%20height%3D%27695%27%20viewBox%3D%270%200%201024%20695%27%3E%3Crect%20width%3D%271024%27%20height%3D%27695%27%20fill-opacity%3D%220%22%2F%3E%3C%2Fsvg%3E\" data-srcset=\"https:\/\/liceofrancestenerife.es\/nuevaweb\/wp-content\/uploads\/2019\/03\/IMG-7486-24x16.jpg 24w, https:\/\/liceofrancestenerife.es\/nuevaweb\/wp-content\/uploads\/2019\/03\/IMG-7486-36x24.jpg 36w, https:\/\/liceofrancestenerife.es\/nuevaweb\/wp-content\/uploads\/2019\/03\/IMG-7486-48x33.jpg 48w, https:\/\/liceofrancestenerife.es\/nuevaweb\/wp-content\/uploads\/2019\/03\/IMG-7486-200x136.jpg 200w, https:\/\/liceofrancestenerife.es\/nuevaweb\/wp-content\/uploads\/2019\/03\/IMG-7486-300x204.jpg 300w, https:\/\/liceofrancestenerife.es\/nuevaweb\/wp-content\/uploads\/2019\/03\/IMG-7486-400x272.jpg 400w, https:\/\/liceofrancestenerife.es\/nuevaweb\/wp-content\/uploads\/2019\/03\/IMG-7486-600x408.jpg 600w, https:\/\/liceofrancestenerife.es\/nuevaweb\/wp-content\/uploads\/2019\/03\/IMG-7486-768x522.jpg 768w, https:\/\/liceofrancestenerife.es\/nuevaweb\/wp-content\/uploads\/2019\/03\/IMG-7486-800x543.jpg 800w, https:\/\/liceofrancestenerife.es\/nuevaweb\/wp-content\/uploads\/2019\/03\/IMG-7486-1024x695.jpg 1024w, https:\/\/liceofrancestenerife.es\/nuevaweb\/wp-content\/uploads\/2019\/03\/IMG-7486.jpg 1200w\" data-sizes=\"auto\" data-orig-sizes=\"(max-width: 1024px) 100vw, 1024px\" \/><\/figure><\/li><li class=\"blocks-gallery-item\"><figure><img decoding=\"async\" width=\"1024\" height=\"737\" src=\"https:\/\/liceofrancestenerife.es\/nuevaweb\/wp-content\/uploads\/2019\/03\/IMG-7483-1024x737.jpg\" data-orig-src=\"https:\/\/liceofrancestenerife.es\/nuevaweb\/wp-content\/uploads\/2019\/03\/IMG-7483-1024x737.jpg\" alt=\"\" data-id=\"26018\" data-link=\"https:\/\/liceofrancestenerife.es\/?attachment_id=26018\" class=\"lazyload wp-image-26018\" srcset=\"data:image\/svg+xml,%3Csvg%20xmlns%3D%27http%3A%2F%2Fwww.w3.org%2F2000%2Fsvg%27%20width%3D%271024%27%20height%3D%27737%27%20viewBox%3D%270%200%201024%20737%27%3E%3Crect%20width%3D%271024%27%20height%3D%27737%27%20fill-opacity%3D%220%22%2F%3E%3C%2Fsvg%3E\" data-srcset=\"https:\/\/liceofrancestenerife.es\/nuevaweb\/wp-content\/uploads\/2019\/03\/IMG-7483-24x17.jpg 24w, https:\/\/liceofrancestenerife.es\/nuevaweb\/wp-content\/uploads\/2019\/03\/IMG-7483-36x26.jpg 36w, https:\/\/liceofrancestenerife.es\/nuevaweb\/wp-content\/uploads\/2019\/03\/IMG-7483-48x35.jpg 48w, https:\/\/liceofrancestenerife.es\/nuevaweb\/wp-content\/uploads\/2019\/03\/IMG-7483-200x144.jpg 200w, https:\/\/liceofrancestenerife.es\/nuevaweb\/wp-content\/uploads\/2019\/03\/IMG-7483-300x216.jpg 300w, https:\/\/liceofrancestenerife.es\/nuevaweb\/wp-content\/uploads\/2019\/03\/IMG-7483-400x288.jpg 400w, https:\/\/liceofrancestenerife.es\/nuevaweb\/wp-content\/uploads\/2019\/03\/IMG-7483-600x432.jpg 600w, https:\/\/liceofrancestenerife.es\/nuevaweb\/wp-content\/uploads\/2019\/03\/IMG-7483-768x553.jpg 768w, https:\/\/liceofrancestenerife.es\/nuevaweb\/wp-content\/uploads\/2019\/03\/IMG-7483-800x576.jpg 800w, https:\/\/liceofrancestenerife.es\/nuevaweb\/wp-content\/uploads\/2019\/03\/IMG-7483-1024x737.jpg 1024w, https:\/\/liceofrancestenerife.es\/nuevaweb\/wp-content\/uploads\/2019\/03\/IMG-7483.jpg 1200w\" data-sizes=\"auto\" data-orig-sizes=\"(max-width: 1024px) 100vw, 1024px\" \/><\/figure><\/li><li class=\"blocks-gallery-item\"><figure><img decoding=\"async\" width=\"716\" height=\"1024\" src=\"https:\/\/liceofrancestenerife.es\/nuevaweb\/wp-content\/uploads\/2019\/03\/IMG-7480-716x1024.jpg\" data-orig-src=\"https:\/\/liceofrancestenerife.es\/nuevaweb\/wp-content\/uploads\/2019\/03\/IMG-7480-716x1024.jpg\" alt=\"\" data-id=\"26020\" data-link=\"https:\/\/liceofrancestenerife.es\/?attachment_id=26020\" class=\"lazyload wp-image-26020\" srcset=\"data:image\/svg+xml,%3Csvg%20xmlns%3D%27http%3A%2F%2Fwww.w3.org%2F2000%2Fsvg%27%20width%3D%27716%27%20height%3D%271024%27%20viewBox%3D%270%200%20716%201024%27%3E%3Crect%20width%3D%27716%27%20height%3D%271024%27%20fill-opacity%3D%220%22%2F%3E%3C%2Fsvg%3E\" data-srcset=\"https:\/\/liceofrancestenerife.es\/nuevaweb\/wp-content\/uploads\/2019\/03\/IMG-7480-17x24.jpg 17w, https:\/\/liceofrancestenerife.es\/nuevaweb\/wp-content\/uploads\/2019\/03\/IMG-7480-25x36.jpg 25w, https:\/\/liceofrancestenerife.es\/nuevaweb\/wp-content\/uploads\/2019\/03\/IMG-7480-34x48.jpg 34w, https:\/\/liceofrancestenerife.es\/nuevaweb\/wp-content\/uploads\/2019\/03\/IMG-7480-200x286.jpg 200w, https:\/\/liceofrancestenerife.es\/nuevaweb\/wp-content\/uploads\/2019\/03\/IMG-7480-210x300.jpg 210w, https:\/\/liceofrancestenerife.es\/nuevaweb\/wp-content\/uploads\/2019\/03\/IMG-7480-400x572.jpg 400w, https:\/\/liceofrancestenerife.es\/nuevaweb\/wp-content\/uploads\/2019\/03\/IMG-7480-600x858.jpg 600w, https:\/\/liceofrancestenerife.es\/nuevaweb\/wp-content\/uploads\/2019\/03\/IMG-7480-716x1024.jpg 716w, https:\/\/liceofrancestenerife.es\/nuevaweb\/wp-content\/uploads\/2019\/03\/IMG-7480-768x1098.jpg 768w, https:\/\/liceofrancestenerife.es\/nuevaweb\/wp-content\/uploads\/2019\/03\/IMG-7480-800x1144.jpg 800w, https:\/\/liceofrancestenerife.es\/nuevaweb\/wp-content\/uploads\/2019\/03\/IMG-7480.jpg 839w\" data-sizes=\"auto\" data-orig-sizes=\"(max-width: 716px) 100vw, 716px\" \/><\/figure><\/li><li class=\"blocks-gallery-item\"><figure><img decoding=\"async\" width=\"812\" height=\"1024\" src=\"https:\/\/liceofrancestenerife.es\/nuevaweb\/wp-content\/uploads\/2019\/03\/IMG-7477-812x1024.jpg\" data-orig-src=\"https:\/\/liceofrancestenerife.es\/nuevaweb\/wp-content\/uploads\/2019\/03\/IMG-7477-812x1024.jpg\" alt=\"\" data-id=\"26022\" data-link=\"https:\/\/liceofrancestenerife.es\/?attachment_id=26022\" class=\"lazyload wp-image-26022\" srcset=\"data:image\/svg+xml,%3Csvg%20xmlns%3D%27http%3A%2F%2Fwww.w3.org%2F2000%2Fsvg%27%20width%3D%27812%27%20height%3D%271024%27%20viewBox%3D%270%200%20812%201024%27%3E%3Crect%20width%3D%27812%27%20height%3D%271024%27%20fill-opacity%3D%220%22%2F%3E%3C%2Fsvg%3E\" data-srcset=\"https:\/\/liceofrancestenerife.es\/nuevaweb\/wp-content\/uploads\/2019\/03\/IMG-7477-19x24.jpg 19w, https:\/\/liceofrancestenerife.es\/nuevaweb\/wp-content\/uploads\/2019\/03\/IMG-7477-29x36.jpg 29w, https:\/\/liceofrancestenerife.es\/nuevaweb\/wp-content\/uploads\/2019\/03\/IMG-7477-38x48.jpg 38w, https:\/\/liceofrancestenerife.es\/nuevaweb\/wp-content\/uploads\/2019\/03\/IMG-7477-200x252.jpg 200w, https:\/\/liceofrancestenerife.es\/nuevaweb\/wp-content\/uploads\/2019\/03\/IMG-7477-238x300.jpg 238w, https:\/\/liceofrancestenerife.es\/nuevaweb\/wp-content\/uploads\/2019\/03\/IMG-7477-400x504.jpg 400w, https:\/\/liceofrancestenerife.es\/nuevaweb\/wp-content\/uploads\/2019\/03\/IMG-7477-600x756.jpg 600w, https:\/\/liceofrancestenerife.es\/nuevaweb\/wp-content\/uploads\/2019\/03\/IMG-7477-768x968.jpg 768w, https:\/\/liceofrancestenerife.es\/nuevaweb\/wp-content\/uploads\/2019\/03\/IMG-7477-800x1008.jpg 800w, https:\/\/liceofrancestenerife.es\/nuevaweb\/wp-content\/uploads\/2019\/03\/IMG-7477-812x1024.jpg 812w, https:\/\/liceofrancestenerife.es\/nuevaweb\/wp-content\/uploads\/2019\/03\/IMG-7477.jpg 952w\" data-sizes=\"auto\" data-orig-sizes=\"(max-width: 812px) 100vw, 812px\" \/><\/figure><\/li><li class=\"blocks-gallery-item\"><figure><img decoding=\"async\" width=\"1024\" height=\"607\" src=\"https:\/\/liceofrancestenerife.es\/nuevaweb\/wp-content\/uploads\/2019\/03\/IMG-7474-1024x607.jpg\" data-orig-src=\"https:\/\/liceofrancestenerife.es\/nuevaweb\/wp-content\/uploads\/2019\/03\/IMG-7474-1024x607.jpg\" alt=\"\" data-id=\"26024\" data-link=\"https:\/\/liceofrancestenerife.es\/?attachment_id=26024\" class=\"lazyload wp-image-26024\" srcset=\"data:image\/svg+xml,%3Csvg%20xmlns%3D%27http%3A%2F%2Fwww.w3.org%2F2000%2Fsvg%27%20width%3D%271024%27%20height%3D%27607%27%20viewBox%3D%270%200%201024%20607%27%3E%3Crect%20width%3D%271024%27%20height%3D%27607%27%20fill-opacity%3D%220%22%2F%3E%3C%2Fsvg%3E\" data-srcset=\"https:\/\/liceofrancestenerife.es\/nuevaweb\/wp-content\/uploads\/2019\/03\/IMG-7474-24x14.jpg 24w, https:\/\/liceofrancestenerife.es\/nuevaweb\/wp-content\/uploads\/2019\/03\/IMG-7474-36x21.jpg 36w, https:\/\/liceofrancestenerife.es\/nuevaweb\/wp-content\/uploads\/2019\/03\/IMG-7474-48x28.jpg 48w, https:\/\/liceofrancestenerife.es\/nuevaweb\/wp-content\/uploads\/2019\/03\/IMG-7474-200x119.jpg 200w, https:\/\/liceofrancestenerife.es\/nuevaweb\/wp-content\/uploads\/2019\/03\/IMG-7474-300x178.jpg 300w, https:\/\/liceofrancestenerife.es\/nuevaweb\/wp-content\/uploads\/2019\/03\/IMG-7474-400x237.jpg 400w, https:\/\/liceofrancestenerife.es\/nuevaweb\/wp-content\/uploads\/2019\/03\/IMG-7474-600x356.jpg 600w, https:\/\/liceofrancestenerife.es\/nuevaweb\/wp-content\/uploads\/2019\/03\/IMG-7474-768x455.jpg 768w, https:\/\/liceofrancestenerife.es\/nuevaweb\/wp-content\/uploads\/2019\/03\/IMG-7474-800x474.jpg 800w, https:\/\/liceofrancestenerife.es\/nuevaweb\/wp-content\/uploads\/2019\/03\/IMG-7474-1024x607.jpg 1024w, https:\/\/liceofrancestenerife.es\/nuevaweb\/wp-content\/uploads\/2019\/03\/IMG-7474.jpg 1200w\" data-sizes=\"auto\" data-orig-sizes=\"(max-width: 1024px) 100vw, 1024px\" \/><\/figure><\/li><li class=\"blocks-gallery-item\"><figure><img decoding=\"async\" width=\"1024\" height=\"593\" src=\"https:\/\/liceofrancestenerife.es\/nuevaweb\/wp-content\/uploads\/2019\/03\/IMG-7473-1024x593.jpg\" data-orig-src=\"https:\/\/liceofrancestenerife.es\/nuevaweb\/wp-content\/uploads\/2019\/03\/IMG-7473-1024x593.jpg\" alt=\"\" data-id=\"26026\" data-link=\"https:\/\/liceofrancestenerife.es\/?attachment_id=26026\" class=\"lazyload wp-image-26026\" srcset=\"data:image\/svg+xml,%3Csvg%20xmlns%3D%27http%3A%2F%2Fwww.w3.org%2F2000%2Fsvg%27%20width%3D%271024%27%20height%3D%27593%27%20viewBox%3D%270%200%201024%20593%27%3E%3Crect%20width%3D%271024%27%20height%3D%27593%27%20fill-opacity%3D%220%22%2F%3E%3C%2Fsvg%3E\" data-srcset=\"https:\/\/liceofrancestenerife.es\/nuevaweb\/wp-content\/uploads\/2019\/03\/IMG-7473-24x14.jpg 24w, https:\/\/liceofrancestenerife.es\/nuevaweb\/wp-content\/uploads\/2019\/03\/IMG-7473-36x21.jpg 36w, https:\/\/liceofrancestenerife.es\/nuevaweb\/wp-content\/uploads\/2019\/03\/IMG-7473-48x28.jpg 48w, https:\/\/liceofrancestenerife.es\/nuevaweb\/wp-content\/uploads\/2019\/03\/IMG-7473-200x116.jpg 200w, https:\/\/liceofrancestenerife.es\/nuevaweb\/wp-content\/uploads\/2019\/03\/IMG-7473-300x174.jpg 300w, https:\/\/liceofrancestenerife.es\/nuevaweb\/wp-content\/uploads\/2019\/03\/IMG-7473-400x232.jpg 400w, https:\/\/liceofrancestenerife.es\/nuevaweb\/wp-content\/uploads\/2019\/03\/IMG-7473-600x348.jpg 600w, https:\/\/liceofrancestenerife.es\/nuevaweb\/wp-content\/uploads\/2019\/03\/IMG-7473-768x445.jpg 768w, https:\/\/liceofrancestenerife.es\/nuevaweb\/wp-content\/uploads\/2019\/03\/IMG-7473-800x463.jpg 800w, https:\/\/liceofrancestenerife.es\/nuevaweb\/wp-content\/uploads\/2019\/03\/IMG-7473-1024x593.jpg 1024w, https:\/\/liceofrancestenerife.es\/nuevaweb\/wp-content\/uploads\/2019\/03\/IMG-7473-1200x695.jpg 1200w, https:\/\/liceofrancestenerife.es\/nuevaweb\/wp-content\/uploads\/2019\/03\/IMG-7473.jpg 1300w\" data-sizes=\"auto\" data-orig-sizes=\"(max-width: 1024px) 100vw, 1024px\" \/><\/figure><\/li><li class=\"blocks-gallery-item\"><figure><img decoding=\"async\" width=\"731\" height=\"1024\" src=\"https:\/\/liceofrancestenerife.es\/nuevaweb\/wp-content\/uploads\/2019\/03\/IMG-7468-731x1024.jpg\" data-orig-src=\"https:\/\/liceofrancestenerife.es\/nuevaweb\/wp-content\/uploads\/2019\/03\/IMG-7468-731x1024.jpg\" alt=\"\" data-id=\"26030\" data-link=\"https:\/\/liceofrancestenerife.es\/?attachment_id=26030\" class=\"lazyload wp-image-26030\" srcset=\"data:image\/svg+xml,%3Csvg%20xmlns%3D%27http%3A%2F%2Fwww.w3.org%2F2000%2Fsvg%27%20width%3D%27731%27%20height%3D%271024%27%20viewBox%3D%270%200%20731%201024%27%3E%3Crect%20width%3D%27731%27%20height%3D%271024%27%20fill-opacity%3D%220%22%2F%3E%3C%2Fsvg%3E\" data-srcset=\"https:\/\/liceofrancestenerife.es\/nuevaweb\/wp-content\/uploads\/2019\/03\/IMG-7468-17x24.jpg 17w, https:\/\/liceofrancestenerife.es\/nuevaweb\/wp-content\/uploads\/2019\/03\/IMG-7468-26x36.jpg 26w, https:\/\/liceofrancestenerife.es\/nuevaweb\/wp-content\/uploads\/2019\/03\/IMG-7468-34x48.jpg 34w, https:\/\/liceofrancestenerife.es\/nuevaweb\/wp-content\/uploads\/2019\/03\/IMG-7468-200x280.jpg 200w, https:\/\/liceofrancestenerife.es\/nuevaweb\/wp-content\/uploads\/2019\/03\/IMG-7468-214x300.jpg 214w, https:\/\/liceofrancestenerife.es\/nuevaweb\/wp-content\/uploads\/2019\/03\/IMG-7468-400x560.jpg 400w, https:\/\/liceofrancestenerife.es\/nuevaweb\/wp-content\/uploads\/2019\/03\/IMG-7468-600x840.jpg 600w, https:\/\/liceofrancestenerife.es\/nuevaweb\/wp-content\/uploads\/2019\/03\/IMG-7468-731x1024.jpg 731w, https:\/\/liceofrancestenerife.es\/nuevaweb\/wp-content\/uploads\/2019\/03\/IMG-7468-768x1075.jpg 768w, https:\/\/liceofrancestenerife.es\/nuevaweb\/wp-content\/uploads\/2019\/03\/IMG-7468-800x1120.jpg 800w, https:\/\/liceofrancestenerife.es\/nuevaweb\/wp-content\/uploads\/2019\/03\/IMG-7468.jpg 857w\" data-sizes=\"auto\" data-orig-sizes=\"(max-width: 731px) 100vw, 731px\" \/><\/figure><\/li><\/ul>\n\n\n\n<p>Le jeu de l&#8217;autoportrait a aussi inspir\u00e9 les jeunes de <strong>Bachibac<\/strong>.  Leurs productions ont encore \u00e9tonn\u00e9 Carole. Chacun s&#8217;est investi avec <strong>passion<\/strong> pour ne pas d\u00e9cevoir l&#8217;intervenante. Quelle plus-value d&#8217;\u00eatre conseill\u00e9s avec autant de <strong>talent<\/strong> !<\/p>\n\n\n\n<ul class=\"wp-block-gallery columns-4 is-cropped wp-block-gallery-5 is-layout-flex wp-block-gallery-is-layout-flex\"><li class=\"blocks-gallery-item\"><figure><img decoding=\"async\" width=\"1024\" height=\"583\" src=\"https:\/\/liceofrancestenerife.es\/nuevaweb\/wp-content\/uploads\/2019\/03\/IMG-7537-1024x583.jpg\" data-orig-src=\"https:\/\/liceofrancestenerife.es\/nuevaweb\/wp-content\/uploads\/2019\/03\/IMG-7537-1024x583.jpg\" alt=\"\" data-id=\"26033\" data-link=\"https:\/\/liceofrancestenerife.es\/?attachment_id=26033\" class=\"lazyload wp-image-26033\" srcset=\"data:image\/svg+xml,%3Csvg%20xmlns%3D%27http%3A%2F%2Fwww.w3.org%2F2000%2Fsvg%27%20width%3D%271024%27%20height%3D%27583%27%20viewBox%3D%270%200%201024%20583%27%3E%3Crect%20width%3D%271024%27%20height%3D%27583%27%20fill-opacity%3D%220%22%2F%3E%3C%2Fsvg%3E\" data-srcset=\"https:\/\/liceofrancestenerife.es\/nuevaweb\/wp-content\/uploads\/2019\/03\/IMG-7537-24x14.jpg 24w, https:\/\/liceofrancestenerife.es\/nuevaweb\/wp-content\/uploads\/2019\/03\/IMG-7537-36x20.jpg 36w, https:\/\/liceofrancestenerife.es\/nuevaweb\/wp-content\/uploads\/2019\/03\/IMG-7537-48x27.jpg 48w, https:\/\/liceofrancestenerife.es\/nuevaweb\/wp-content\/uploads\/2019\/03\/IMG-7537-200x114.jpg 200w, https:\/\/liceofrancestenerife.es\/nuevaweb\/wp-content\/uploads\/2019\/03\/IMG-7537-300x171.jpg 300w, https:\/\/liceofrancestenerife.es\/nuevaweb\/wp-content\/uploads\/2019\/03\/IMG-7537-400x228.jpg 400w, https:\/\/liceofrancestenerife.es\/nuevaweb\/wp-content\/uploads\/2019\/03\/IMG-7537-600x342.jpg 600w, https:\/\/liceofrancestenerife.es\/nuevaweb\/wp-content\/uploads\/2019\/03\/IMG-7537-768x437.jpg 768w, https:\/\/liceofrancestenerife.es\/nuevaweb\/wp-content\/uploads\/2019\/03\/IMG-7537-800x455.jpg 800w, https:\/\/liceofrancestenerife.es\/nuevaweb\/wp-content\/uploads\/2019\/03\/IMG-7537-1024x583.jpg 1024w, https:\/\/liceofrancestenerife.es\/nuevaweb\/wp-content\/uploads\/2019\/03\/IMG-7537-1200x683.jpg 1200w, https:\/\/liceofrancestenerife.es\/nuevaweb\/wp-content\/uploads\/2019\/03\/IMG-7537.jpg 1300w\" data-sizes=\"auto\" data-orig-sizes=\"(max-width: 1024px) 100vw, 1024px\" \/><\/figure><\/li><li class=\"blocks-gallery-item\"><figure><img decoding=\"async\" width=\"768\" height=\"1024\" src=\"https:\/\/liceofrancestenerife.es\/nuevaweb\/wp-content\/uploads\/2019\/03\/IMG-7528-768x1024.jpg\" data-orig-src=\"https:\/\/liceofrancestenerife.es\/nuevaweb\/wp-content\/uploads\/2019\/03\/IMG-7528-768x1024.jpg\" alt=\"\" data-id=\"26035\" data-link=\"https:\/\/liceofrancestenerife.es\/?attachment_id=26035\" class=\"lazyload wp-image-26035\" srcset=\"data:image\/svg+xml,%3Csvg%20xmlns%3D%27http%3A%2F%2Fwww.w3.org%2F2000%2Fsvg%27%20width%3D%27768%27%20height%3D%271024%27%20viewBox%3D%270%200%20768%201024%27%3E%3Crect%20width%3D%27768%27%20height%3D%271024%27%20fill-opacity%3D%220%22%2F%3E%3C%2Fsvg%3E\" data-srcset=\"https:\/\/liceofrancestenerife.es\/nuevaweb\/wp-content\/uploads\/2019\/03\/IMG-7528-18x24.jpg 18w, https:\/\/liceofrancestenerife.es\/nuevaweb\/wp-content\/uploads\/2019\/03\/IMG-7528-27x36.jpg 27w, https:\/\/liceofrancestenerife.es\/nuevaweb\/wp-content\/uploads\/2019\/03\/IMG-7528-36x48.jpg 36w, https:\/\/liceofrancestenerife.es\/nuevaweb\/wp-content\/uploads\/2019\/03\/IMG-7528-200x267.jpg 200w, https:\/\/liceofrancestenerife.es\/nuevaweb\/wp-content\/uploads\/2019\/03\/IMG-7528-225x300.jpg 225w, https:\/\/liceofrancestenerife.es\/nuevaweb\/wp-content\/uploads\/2019\/03\/IMG-7528-400x533.jpg 400w, https:\/\/liceofrancestenerife.es\/nuevaweb\/wp-content\/uploads\/2019\/03\/IMG-7528-600x800.jpg 600w, https:\/\/liceofrancestenerife.es\/nuevaweb\/wp-content\/uploads\/2019\/03\/IMG-7528-768x1024.jpg 768w, https:\/\/liceofrancestenerife.es\/nuevaweb\/wp-content\/uploads\/2019\/03\/IMG-7528-800x1067.jpg 800w, https:\/\/liceofrancestenerife.es\/nuevaweb\/wp-content\/uploads\/2019\/03\/IMG-7528.jpg 900w\" data-sizes=\"auto\" data-orig-sizes=\"(max-width: 768px) 100vw, 768px\" \/><\/figure><\/li><li class=\"blocks-gallery-item\"><figure><img decoding=\"async\" width=\"868\" height=\"1024\" src=\"https:\/\/liceofrancestenerife.es\/nuevaweb\/wp-content\/uploads\/2019\/03\/IMG-7515-868x1024.jpg\" data-orig-src=\"https:\/\/liceofrancestenerife.es\/nuevaweb\/wp-content\/uploads\/2019\/03\/IMG-7515-868x1024.jpg\" alt=\"\" data-id=\"26037\" data-link=\"https:\/\/liceofrancestenerife.es\/?attachment_id=26037\" class=\"lazyload wp-image-26037\" srcset=\"data:image\/svg+xml,%3Csvg%20xmlns%3D%27http%3A%2F%2Fwww.w3.org%2F2000%2Fsvg%27%20width%3D%27868%27%20height%3D%271024%27%20viewBox%3D%270%200%20868%201024%27%3E%3Crect%20width%3D%27868%27%20height%3D%271024%27%20fill-opacity%3D%220%22%2F%3E%3C%2Fsvg%3E\" data-srcset=\"https:\/\/liceofrancestenerife.es\/nuevaweb\/wp-content\/uploads\/2019\/03\/IMG-7515-20x24.jpg 20w, https:\/\/liceofrancestenerife.es\/nuevaweb\/wp-content\/uploads\/2019\/03\/IMG-7515-31x36.jpg 31w, https:\/\/liceofrancestenerife.es\/nuevaweb\/wp-content\/uploads\/2019\/03\/IMG-7515-41x48.jpg 41w, https:\/\/liceofrancestenerife.es\/nuevaweb\/wp-content\/uploads\/2019\/03\/IMG-7515-200x236.jpg 200w, https:\/\/liceofrancestenerife.es\/nuevaweb\/wp-content\/uploads\/2019\/03\/IMG-7515-254x300.jpg 254w, https:\/\/liceofrancestenerife.es\/nuevaweb\/wp-content\/uploads\/2019\/03\/IMG-7515-400x472.jpg 400w, https:\/\/liceofrancestenerife.es\/nuevaweb\/wp-content\/uploads\/2019\/03\/IMG-7515-600x708.jpg 600w, https:\/\/liceofrancestenerife.es\/nuevaweb\/wp-content\/uploads\/2019\/03\/IMG-7515-768x906.jpg 768w, https:\/\/liceofrancestenerife.es\/nuevaweb\/wp-content\/uploads\/2019\/03\/IMG-7515-800x944.jpg 800w, https:\/\/liceofrancestenerife.es\/nuevaweb\/wp-content\/uploads\/2019\/03\/IMG-7515-868x1024.jpg 868w, https:\/\/liceofrancestenerife.es\/nuevaweb\/wp-content\/uploads\/2019\/03\/IMG-7515.jpg 1017w\" data-sizes=\"auto\" data-orig-sizes=\"(max-width: 868px) 100vw, 868px\" \/><\/figure><\/li><li class=\"blocks-gallery-item\"><figure><img decoding=\"async\" width=\"768\" height=\"1024\" src=\"https:\/\/liceofrancestenerife.es\/nuevaweb\/wp-content\/uploads\/2019\/03\/IMG-7514-768x1024.jpg\" data-orig-src=\"https:\/\/liceofrancestenerife.es\/nuevaweb\/wp-content\/uploads\/2019\/03\/IMG-7514-768x1024.jpg\" alt=\"\" data-id=\"26039\" data-link=\"https:\/\/liceofrancestenerife.es\/?attachment_id=26039\" class=\"lazyload wp-image-26039\" srcset=\"data:image\/svg+xml,%3Csvg%20xmlns%3D%27http%3A%2F%2Fwww.w3.org%2F2000%2Fsvg%27%20width%3D%27768%27%20height%3D%271024%27%20viewBox%3D%270%200%20768%201024%27%3E%3Crect%20width%3D%27768%27%20height%3D%271024%27%20fill-opacity%3D%220%22%2F%3E%3C%2Fsvg%3E\" data-srcset=\"https:\/\/liceofrancestenerife.es\/nuevaweb\/wp-content\/uploads\/2019\/03\/IMG-7514-18x24.jpg 18w, https:\/\/liceofrancestenerife.es\/nuevaweb\/wp-content\/uploads\/2019\/03\/IMG-7514-27x36.jpg 27w, https:\/\/liceofrancestenerife.es\/nuevaweb\/wp-content\/uploads\/2019\/03\/IMG-7514-36x48.jpg 36w, https:\/\/liceofrancestenerife.es\/nuevaweb\/wp-content\/uploads\/2019\/03\/IMG-7514-200x267.jpg 200w, https:\/\/liceofrancestenerife.es\/nuevaweb\/wp-content\/uploads\/2019\/03\/IMG-7514-225x300.jpg 225w, https:\/\/liceofrancestenerife.es\/nuevaweb\/wp-content\/uploads\/2019\/03\/IMG-7514-400x533.jpg 400w, https:\/\/liceofrancestenerife.es\/nuevaweb\/wp-content\/uploads\/2019\/03\/IMG-7514-600x800.jpg 600w, https:\/\/liceofrancestenerife.es\/nuevaweb\/wp-content\/uploads\/2019\/03\/IMG-7514-768x1024.jpg 768w, https:\/\/liceofrancestenerife.es\/nuevaweb\/wp-content\/uploads\/2019\/03\/IMG-7514-800x1067.jpg 800w, https:\/\/liceofrancestenerife.es\/nuevaweb\/wp-content\/uploads\/2019\/03\/IMG-7514.jpg 900w\" data-sizes=\"auto\" data-orig-sizes=\"(max-width: 768px) 100vw, 768px\" \/><\/figure><\/li><li class=\"blocks-gallery-item\"><figure><img decoding=\"async\" width=\"1024\" height=\"650\" src=\"https:\/\/liceofrancestenerife.es\/nuevaweb\/wp-content\/uploads\/2019\/03\/IMG-7508-1024x650.jpg\" data-orig-src=\"https:\/\/liceofrancestenerife.es\/nuevaweb\/wp-content\/uploads\/2019\/03\/IMG-7508-1024x650.jpg\" alt=\"\" data-id=\"26041\" data-link=\"https:\/\/liceofrancestenerife.es\/?attachment_id=26041\" class=\"lazyload wp-image-26041\" srcset=\"data:image\/svg+xml,%3Csvg%20xmlns%3D%27http%3A%2F%2Fwww.w3.org%2F2000%2Fsvg%27%20width%3D%271024%27%20height%3D%27650%27%20viewBox%3D%270%200%201024%20650%27%3E%3Crect%20width%3D%271024%27%20height%3D%27650%27%20fill-opacity%3D%220%22%2F%3E%3C%2Fsvg%3E\" data-srcset=\"https:\/\/liceofrancestenerife.es\/nuevaweb\/wp-content\/uploads\/2019\/03\/IMG-7508-24x15.jpg 24w, https:\/\/liceofrancestenerife.es\/nuevaweb\/wp-content\/uploads\/2019\/03\/IMG-7508-36x23.jpg 36w, https:\/\/liceofrancestenerife.es\/nuevaweb\/wp-content\/uploads\/2019\/03\/IMG-7508-48x30.jpg 48w, https:\/\/liceofrancestenerife.es\/nuevaweb\/wp-content\/uploads\/2019\/03\/IMG-7508-200x127.jpg 200w, https:\/\/liceofrancestenerife.es\/nuevaweb\/wp-content\/uploads\/2019\/03\/IMG-7508-300x191.jpg 300w, https:\/\/liceofrancestenerife.es\/nuevaweb\/wp-content\/uploads\/2019\/03\/IMG-7508-320x202.jpg 320w, https:\/\/liceofrancestenerife.es\/nuevaweb\/wp-content\/uploads\/2019\/03\/IMG-7508-400x254.jpg 400w, https:\/\/liceofrancestenerife.es\/nuevaweb\/wp-content\/uploads\/2019\/03\/IMG-7508-600x381.jpg 600w, https:\/\/liceofrancestenerife.es\/nuevaweb\/wp-content\/uploads\/2019\/03\/IMG-7508-768x488.jpg 768w, https:\/\/liceofrancestenerife.es\/nuevaweb\/wp-content\/uploads\/2019\/03\/IMG-7508-800x508.jpg 800w, https:\/\/liceofrancestenerife.es\/nuevaweb\/wp-content\/uploads\/2019\/03\/IMG-7508-1024x650.jpg 1024w, https:\/\/liceofrancestenerife.es\/nuevaweb\/wp-content\/uploads\/2019\/03\/IMG-7508.jpg 1200w\" data-sizes=\"auto\" data-orig-sizes=\"(max-width: 1024px) 100vw, 1024px\" \/><\/figure><\/li><li class=\"blocks-gallery-item\"><figure><img decoding=\"async\" width=\"1024\" height=\"655\" src=\"https:\/\/liceofrancestenerife.es\/nuevaweb\/wp-content\/uploads\/2019\/03\/IMG-7504-1024x655.jpg\" data-orig-src=\"https:\/\/liceofrancestenerife.es\/nuevaweb\/wp-content\/uploads\/2019\/03\/IMG-7504-1024x655.jpg\" alt=\"\" data-id=\"26043\" data-link=\"https:\/\/liceofrancestenerife.es\/?attachment_id=26043\" class=\"lazyload wp-image-26043\" srcset=\"data:image\/svg+xml,%3Csvg%20xmlns%3D%27http%3A%2F%2Fwww.w3.org%2F2000%2Fsvg%27%20width%3D%271024%27%20height%3D%27655%27%20viewBox%3D%270%200%201024%20655%27%3E%3Crect%20width%3D%271024%27%20height%3D%27655%27%20fill-opacity%3D%220%22%2F%3E%3C%2Fsvg%3E\" data-srcset=\"https:\/\/liceofrancestenerife.es\/nuevaweb\/wp-content\/uploads\/2019\/03\/IMG-7504-24x15.jpg 24w, https:\/\/liceofrancestenerife.es\/nuevaweb\/wp-content\/uploads\/2019\/03\/IMG-7504-36x23.jpg 36w, https:\/\/liceofrancestenerife.es\/nuevaweb\/wp-content\/uploads\/2019\/03\/IMG-7504-48x31.jpg 48w, https:\/\/liceofrancestenerife.es\/nuevaweb\/wp-content\/uploads\/2019\/03\/IMG-7504-200x128.jpg 200w, https:\/\/liceofrancestenerife.es\/nuevaweb\/wp-content\/uploads\/2019\/03\/IMG-7504-300x192.jpg 300w, https:\/\/liceofrancestenerife.es\/nuevaweb\/wp-content\/uploads\/2019\/03\/IMG-7504-400x256.jpg 400w, https:\/\/liceofrancestenerife.es\/nuevaweb\/wp-content\/uploads\/2019\/03\/IMG-7504-460x295.jpg 460w, https:\/\/liceofrancestenerife.es\/nuevaweb\/wp-content\/uploads\/2019\/03\/IMG-7504-600x384.jpg 600w, https:\/\/liceofrancestenerife.es\/nuevaweb\/wp-content\/uploads\/2019\/03\/IMG-7504-768x491.jpg 768w, https:\/\/liceofrancestenerife.es\/nuevaweb\/wp-content\/uploads\/2019\/03\/IMG-7504-800x511.jpg 800w, https:\/\/liceofrancestenerife.es\/nuevaweb\/wp-content\/uploads\/2019\/03\/IMG-7504-1024x655.jpg 1024w, https:\/\/liceofrancestenerife.es\/nuevaweb\/wp-content\/uploads\/2019\/03\/IMG-7504.jpg 1200w\" data-sizes=\"auto\" data-orig-sizes=\"(max-width: 1024px) 100vw, 1024px\" \/><\/figure><\/li><li class=\"blocks-gallery-item\"><figure><img decoding=\"async\" width=\"1024\" height=\"637\" src=\"https:\/\/liceofrancestenerife.es\/nuevaweb\/wp-content\/uploads\/2019\/03\/IMG-7503-1024x637.jpg\" data-orig-src=\"https:\/\/liceofrancestenerife.es\/nuevaweb\/wp-content\/uploads\/2019\/03\/IMG-7503-1024x637.jpg\" alt=\"\" data-id=\"26045\" data-link=\"https:\/\/liceofrancestenerife.es\/?attachment_id=26045\" class=\"lazyload wp-image-26045\" srcset=\"data:image\/svg+xml,%3Csvg%20xmlns%3D%27http%3A%2F%2Fwww.w3.org%2F2000%2Fsvg%27%20width%3D%271024%27%20height%3D%27637%27%20viewBox%3D%270%200%201024%20637%27%3E%3Crect%20width%3D%271024%27%20height%3D%27637%27%20fill-opacity%3D%220%22%2F%3E%3C%2Fsvg%3E\" data-srcset=\"https:\/\/liceofrancestenerife.es\/nuevaweb\/wp-content\/uploads\/2019\/03\/IMG-7503-24x15.jpg 24w, https:\/\/liceofrancestenerife.es\/nuevaweb\/wp-content\/uploads\/2019\/03\/IMG-7503-36x22.jpg 36w, https:\/\/liceofrancestenerife.es\/nuevaweb\/wp-content\/uploads\/2019\/03\/IMG-7503-48x30.jpg 48w, https:\/\/liceofrancestenerife.es\/nuevaweb\/wp-content\/uploads\/2019\/03\/IMG-7503-200x124.jpg 200w, https:\/\/liceofrancestenerife.es\/nuevaweb\/wp-content\/uploads\/2019\/03\/IMG-7503-300x187.jpg 300w, https:\/\/liceofrancestenerife.es\/nuevaweb\/wp-content\/uploads\/2019\/03\/IMG-7503-400x249.jpg 400w, https:\/\/liceofrancestenerife.es\/nuevaweb\/wp-content\/uploads\/2019\/03\/IMG-7503-600x373.jpg 600w, https:\/\/liceofrancestenerife.es\/nuevaweb\/wp-content\/uploads\/2019\/03\/IMG-7503-768x478.jpg 768w, https:\/\/liceofrancestenerife.es\/nuevaweb\/wp-content\/uploads\/2019\/03\/IMG-7503-800x498.jpg 800w, https:\/\/liceofrancestenerife.es\/nuevaweb\/wp-content\/uploads\/2019\/03\/IMG-7503-1024x637.jpg 1024w, https:\/\/liceofrancestenerife.es\/nuevaweb\/wp-content\/uploads\/2019\/03\/IMG-7503-1200x747.jpg 1200w, https:\/\/liceofrancestenerife.es\/nuevaweb\/wp-content\/uploads\/2019\/03\/IMG-7503.jpg 1300w\" data-sizes=\"auto\" data-orig-sizes=\"(max-width: 1024px) 100vw, 1024px\" \/><\/figure><\/li><\/ul>\n\n\n\n<p>Avec les 2ndes A, nous avons cl\u00f4tur\u00e9 la venue de Carole Martinez par  une <strong>interview<\/strong> pour la <strong>web radio<\/strong>. Deux de ses romans sont disponibles en  traduction espagnole : El corazon cocido (Le coeur cousu) y Del dominio  de los susurros (Du domaine des murmures).<br><\/p>\n\n\n\n<ul class=\"wp-block-gallery columns-3 is-cropped wp-block-gallery-6 is-layout-flex wp-block-gallery-is-layout-flex\"><li class=\"blocks-gallery-item\"><figure><img decoding=\"async\" width=\"806\" height=\"1024\" src=\"https:\/\/liceofrancestenerife.es\/nuevaweb\/wp-content\/uploads\/2019\/03\/IMG-7551-806x1024.jpg\" data-orig-src=\"https:\/\/liceofrancestenerife.es\/nuevaweb\/wp-content\/uploads\/2019\/03\/IMG-7551-806x1024.jpg\" alt=\"\" data-id=\"26047\" data-link=\"https:\/\/liceofrancestenerife.es\/?attachment_id=26047\" class=\"lazyload wp-image-26047\" srcset=\"data:image\/svg+xml,%3Csvg%20xmlns%3D%27http%3A%2F%2Fwww.w3.org%2F2000%2Fsvg%27%20width%3D%27806%27%20height%3D%271024%27%20viewBox%3D%270%200%20806%201024%27%3E%3Crect%20width%3D%27806%27%20height%3D%271024%27%20fill-opacity%3D%220%22%2F%3E%3C%2Fsvg%3E\" data-srcset=\"https:\/\/liceofrancestenerife.es\/nuevaweb\/wp-content\/uploads\/2019\/03\/IMG-7551-19x24.jpg 19w, https:\/\/liceofrancestenerife.es\/nuevaweb\/wp-content\/uploads\/2019\/03\/IMG-7551-28x36.jpg 28w, https:\/\/liceofrancestenerife.es\/nuevaweb\/wp-content\/uploads\/2019\/03\/IMG-7551-38x48.jpg 38w, https:\/\/liceofrancestenerife.es\/nuevaweb\/wp-content\/uploads\/2019\/03\/IMG-7551-200x254.jpg 200w, https:\/\/liceofrancestenerife.es\/nuevaweb\/wp-content\/uploads\/2019\/03\/IMG-7551-236x300.jpg 236w, https:\/\/liceofrancestenerife.es\/nuevaweb\/wp-content\/uploads\/2019\/03\/IMG-7551-400x508.jpg 400w, https:\/\/liceofrancestenerife.es\/nuevaweb\/wp-content\/uploads\/2019\/03\/IMG-7551-600x763.jpg 600w, https:\/\/liceofrancestenerife.es\/nuevaweb\/wp-content\/uploads\/2019\/03\/IMG-7551-768x976.jpg 768w, https:\/\/liceofrancestenerife.es\/nuevaweb\/wp-content\/uploads\/2019\/03\/IMG-7551-800x1017.jpg 800w, https:\/\/liceofrancestenerife.es\/nuevaweb\/wp-content\/uploads\/2019\/03\/IMG-7551-806x1024.jpg 806w, https:\/\/liceofrancestenerife.es\/nuevaweb\/wp-content\/uploads\/2019\/03\/IMG-7551.jpg 944w\" data-sizes=\"auto\" data-orig-sizes=\"(max-width: 806px) 100vw, 806px\" \/><\/figure><\/li><li class=\"blocks-gallery-item\"><figure><img decoding=\"async\" width=\"1024\" height=\"699\" src=\"https:\/\/liceofrancestenerife.es\/nuevaweb\/wp-content\/uploads\/2019\/03\/IMG-7549-1024x699.jpg\" data-orig-src=\"https:\/\/liceofrancestenerife.es\/nuevaweb\/wp-content\/uploads\/2019\/03\/IMG-7549-1024x699.jpg\" alt=\"\" data-id=\"26049\" data-link=\"https:\/\/liceofrancestenerife.es\/?attachment_id=26049\" class=\"lazyload wp-image-26049\" srcset=\"data:image\/svg+xml,%3Csvg%20xmlns%3D%27http%3A%2F%2Fwww.w3.org%2F2000%2Fsvg%27%20width%3D%271024%27%20height%3D%27699%27%20viewBox%3D%270%200%201024%20699%27%3E%3Crect%20width%3D%271024%27%20height%3D%27699%27%20fill-opacity%3D%220%22%2F%3E%3C%2Fsvg%3E\" data-srcset=\"https:\/\/liceofrancestenerife.es\/nuevaweb\/wp-content\/uploads\/2019\/03\/IMG-7549-24x16.jpg 24w, https:\/\/liceofrancestenerife.es\/nuevaweb\/wp-content\/uploads\/2019\/03\/IMG-7549-36x25.jpg 36w, https:\/\/liceofrancestenerife.es\/nuevaweb\/wp-content\/uploads\/2019\/03\/IMG-7549-48x33.jpg 48w, https:\/\/liceofrancestenerife.es\/nuevaweb\/wp-content\/uploads\/2019\/03\/IMG-7549-200x137.jpg 200w, https:\/\/liceofrancestenerife.es\/nuevaweb\/wp-content\/uploads\/2019\/03\/IMG-7549-300x205.jpg 300w, https:\/\/liceofrancestenerife.es\/nuevaweb\/wp-content\/uploads\/2019\/03\/IMG-7549-400x273.jpg 400w, https:\/\/liceofrancestenerife.es\/nuevaweb\/wp-content\/uploads\/2019\/03\/IMG-7549-600x410.jpg 600w, https:\/\/liceofrancestenerife.es\/nuevaweb\/wp-content\/uploads\/2019\/03\/IMG-7549-768x524.jpg 768w, https:\/\/liceofrancestenerife.es\/nuevaweb\/wp-content\/uploads\/2019\/03\/IMG-7549-800x546.jpg 800w, https:\/\/liceofrancestenerife.es\/nuevaweb\/wp-content\/uploads\/2019\/03\/IMG-7549-1024x699.jpg 1024w, https:\/\/liceofrancestenerife.es\/nuevaweb\/wp-content\/uploads\/2019\/03\/IMG-7549.jpg 1200w\" data-sizes=\"auto\" data-orig-sizes=\"(max-width: 1024px) 100vw, 1024px\" \/><\/figure><\/li><li class=\"blocks-gallery-item\"><figure><img decoding=\"async\" width=\"768\" height=\"1024\" src=\"https:\/\/liceofrancestenerife.es\/nuevaweb\/wp-content\/uploads\/2019\/03\/IMG-7467-768x1024.jpg\" data-orig-src=\"https:\/\/liceofrancestenerife.es\/nuevaweb\/wp-content\/uploads\/2019\/03\/IMG-7467-768x1024.jpg\" alt=\"\" data-id=\"26054\" data-link=\"https:\/\/liceofrancestenerife.es\/?attachment_id=26054\" class=\"lazyload wp-image-26054\" srcset=\"data:image\/svg+xml,%3Csvg%20xmlns%3D%27http%3A%2F%2Fwww.w3.org%2F2000%2Fsvg%27%20width%3D%27768%27%20height%3D%271024%27%20viewBox%3D%270%200%20768%201024%27%3E%3Crect%20width%3D%27768%27%20height%3D%271024%27%20fill-opacity%3D%220%22%2F%3E%3C%2Fsvg%3E\" data-srcset=\"https:\/\/liceofrancestenerife.es\/nuevaweb\/wp-content\/uploads\/2019\/03\/IMG-7467-18x24.jpg 18w, https:\/\/liceofrancestenerife.es\/nuevaweb\/wp-content\/uploads\/2019\/03\/IMG-7467-27x36.jpg 27w, https:\/\/liceofrancestenerife.es\/nuevaweb\/wp-content\/uploads\/2019\/03\/IMG-7467-36x48.jpg 36w, https:\/\/liceofrancestenerife.es\/nuevaweb\/wp-content\/uploads\/2019\/03\/IMG-7467-200x267.jpg 200w, https:\/\/liceofrancestenerife.es\/nuevaweb\/wp-content\/uploads\/2019\/03\/IMG-7467-225x300.jpg 225w, https:\/\/liceofrancestenerife.es\/nuevaweb\/wp-content\/uploads\/2019\/03\/IMG-7467-400x533.jpg 400w, https:\/\/liceofrancestenerife.es\/nuevaweb\/wp-content\/uploads\/2019\/03\/IMG-7467-600x800.jpg 600w, https:\/\/liceofrancestenerife.es\/nuevaweb\/wp-content\/uploads\/2019\/03\/IMG-7467-768x1024.jpg 768w, https:\/\/liceofrancestenerife.es\/nuevaweb\/wp-content\/uploads\/2019\/03\/IMG-7467-800x1067.jpg 800w, https:\/\/liceofrancestenerife.es\/nuevaweb\/wp-content\/uploads\/2019\/03\/IMG-7467.jpg 900w\" data-sizes=\"auto\" data-orig-sizes=\"(max-width: 768px) 100vw, 768px\" \/><\/figure><\/li><\/ul>\n\n\n\n<p>Cette rencontre restera <strong>grav\u00e9e<\/strong> et aura \u00e9t\u00e9 un <strong>temps fort<\/strong> de l&#8217;ann\u00e9e 2019 pour le lyc\u00e9e Jules Verne.<br><\/p>\n","protected":false},"excerpt":{"rendered":"<p>Les \u00e9l\u00e8ves de lyc\u00e9e se sont investis avant l&#8217;arriv\u00e9e de l&#8217;auteure fran\u00e7aise Carole Martinez pour mettre en valeur ses \u0153uvres et saluer sa venue. Pancartes, dessins et informations sur ses romans sont affich\u00e9s dans l&#8217;\u00e9tablissement. Le jour de son arriv\u00e9e au lyc\u00e9e Jules Verne, Carole Martinez a rencontr\u00e9 tous les \u00e9l\u00e8ves pour une s\u00e9ance de [&hellip;]<\/p>\n","protected":false},"author":282,"featured_media":26001,"comment_status":"open","ping_status":"open","sticky":false,"template":"","format":"standard","meta":{"footnotes":""},"categories":[92],"tags":[],"class_list":["post-26061","post","type-post","status-publish","format-standard","has-post-thumbnail","hentry","category-visites-reunions"],"jetpack_featured_media_url":"https:\/\/liceofrancestenerife.es\/nuevaweb\/wp-content\/uploads\/2019\/03\/DSC_0664.jpg","_links":{"self":[{"href":"https:\/\/liceofrancestenerife.es\/fr\/wp-json\/wp\/v2\/posts\/26061","targetHints":{"allow":["GET"]}}],"collection":[{"href":"https:\/\/liceofrancestenerife.es\/fr\/wp-json\/wp\/v2\/posts"}],"about":[{"href":"https:\/\/liceofrancestenerife.es\/fr\/wp-json\/wp\/v2\/types\/post"}],"author":[{"embeddable":true,"href":"https:\/\/liceofrancestenerife.es\/fr\/wp-json\/wp\/v2\/users\/282"}],"replies":[{"embeddable":true,"href":"https:\/\/liceofrancestenerife.es\/fr\/wp-json\/wp\/v2\/comments?post=26061"}],"version-history":[{"count":3,"href":"https:\/\/liceofrancestenerife.es\/fr\/wp-json\/wp\/v2\/posts\/26061\/revisions"}],"predecessor-version":[{"id":26064,"href":"https:\/\/liceofrancestenerife.es\/fr\/wp-json\/wp\/v2\/posts\/26061\/revisions\/26064"}],"wp:featuredmedia":[{"embeddable":true,"href":"https:\/\/liceofrancestenerife.es\/fr\/wp-json\/wp\/v2\/media\/26001"}],"wp:attachment":[{"href":"https:\/\/liceofrancestenerife.es\/fr\/wp-json\/wp\/v2\/media?parent=26061"}],"wp:term":[{"taxonomy":"category","embeddable":true,"href":"https:\/\/liceofrancestenerife.es\/fr\/wp-json\/wp\/v2\/categories?post=26061"},{"taxonomy":"post_tag","embeddable":true,"href":"https:\/\/liceofrancestenerife.es\/fr\/wp-json\/wp\/v2\/tags?post=26061"}],"curies":[{"name":"wp","href":"https:\/\/api.w.org\/{rel}","templated":true}]}}