{"id":26893,"date":"2019-05-14T16:06:16","date_gmt":"2019-05-14T15:06:16","guid":{"rendered":"https:\/\/liceofrancestenerife.es\/insonorizacion-de-nuestro-comedor\/"},"modified":"2019-05-14T16:15:51","modified_gmt":"2019-05-14T15:15:51","slug":"insonorizacion-de-nuestro-comedor","status":"publish","type":"post","link":"https:\/\/liceofrancestenerife.es\/fr\/insonorizacion-de-nuestro-comedor\/","title":{"rendered":"Insonorisation de la cantine"},"content":{"rendered":"<div class=\"fusion-fullwidth fullwidth-box fusion-builder-row-1 nonhundred-percent-fullwidth non-hundred-percent-height-scrolling\" style=\"background-color: rgba(255,255,255,0);background-position: center center;background-repeat: no-repeat;padding-top:0px;padding-right:0px;padding-bottom:0px;padding-left:0px;margin-bottom: 0px;margin-top: 0px;border-width: 0px 0px 0px 0px;border-color:#eae9e9;border-style:solid;\" ><div class=\"fusion-builder-row fusion-row\"><div class=\"fusion-layout-column fusion_builder_column fusion-builder-column-0 fusion_builder_column_1_1 1_1 fusion-one-full fusion-column-first fusion-column-last\" style=\"margin-top:0px;margin-bottom:20px;\"><div class=\"fusion-column-wrapper fusion-flex-column-wrapper-legacy\" style=\"background-position:left top;background-repeat:no-repeat;-webkit-background-size:cover;-moz-background-size:cover;-o-background-size:cover;background-size:cover;padding: 0px 0px 0px 0px;\"><div class=\"fusion-text fusion-text-1\"><p>Apr\u00e8s enqu\u00eate aupr\u00e8s des \u00e9l\u00e8ves et des avis de la commission comedor de l&#8217;AMPA, <strong>la cantine a \u00e9t\u00e9 insonoris\u00e9e<\/strong> <strong>pour le bien \u00eatre de nos \u00e9l\u00e8ves<\/strong>.<\/p>\n<p>Pour ce faire les panneaux de pl\u00e2tre du faux plafond ont \u00e9t\u00e9 remplac\u00e9s par des panneaux en laine de roche de 15mm d&#8217;\u00e9paisseur. En plus de b\u00e9n\u00e9ficier d&#8217;un <strong>coefficient d&#8217;absorption acoustique de 0.90<\/strong>, ces derniers sont ignifuges, r\u00e9sistants \u00e0 l&#8217;humidit\u00e9 et 6 fois plus l\u00e9gers que les ant\u00e9rieurs.<\/p>\n<p>Et \u00e7a fonctionne. Selon les \u00e9l\u00e8ves eux-m\u00eames et le personnel de cantine, on remarque <strong>une nette r\u00e9duction du bruit<\/strong>.<\/p>\n<p>En plus d&#8217;<strong>une alimentation saine<\/strong> &#8211; rappelons que notre cantine b\u00e9n\u00e9ficie du label &#8220;eco-comedor&#8221;- les \u00e9l\u00e8ves mangent dans <strong>une ambiance plus agr\u00e9able<\/strong>.<\/p>\n<\/div><style type=\"text\/css\">.fusion-gallery-1 .fusion-gallery-image {border:0px solid #f6f6f6;}<\/style><div class=\"fusion-gallery fusion-gallery-container fusion-grid-2 fusion-columns-total-4 fusion-gallery-layout-grid fusion-gallery-1\" style=\"margin:-5px;\"><div style=\"padding:5px;\" class=\"fusion-grid-column fusion-gallery-column fusion-gallery-column-2 hover-type-none\"><div class=\"fusion-gallery-image\"><a href=\"https:\/\/liceofrancestenerife.es\/nuevaweb\/wp-content\/uploads\/2019\/05\/Screenshot-from-2019-05-14-10-41-08.png\" rel=\"noreferrer\" data-rel=\"iLightbox[gallery_image_1]\" class=\"fusion-lightbox\"><img decoding=\"async\" src=\"https:\/\/liceofrancestenerife.es\/nuevaweb\/wp-content\/uploads\/2019\/05\/Screenshot-from-2019-05-14-10-41-08.png\" data-orig-src=\"https:\/\/liceofrancestenerife.es\/nuevaweb\/wp-content\/uploads\/2019\/05\/Screenshot-from-2019-05-14-10-41-08.png\" width=\"1451\" height=\"866\" alt=\"\" title=\"Screenshot from 2019-05-14 10-41-08\" aria-label=\"Screenshot from 2019-05-14 10-41-08\" class=\"lazyload img-responsive wp-image-26888\" srcset=\"data:image\/svg+xml,%3Csvg%20xmlns%3D%27http%3A%2F%2Fwww.w3.org%2F2000%2Fsvg%27%20width%3D%271451%27%20height%3D%27866%27%20viewBox%3D%270%200%201451%20866%27%3E%3Crect%20width%3D%271451%27%20height%3D%27866%27%20fill-opacity%3D%220%22%2F%3E%3C%2Fsvg%3E\" data-srcset=\"https:\/\/liceofrancestenerife.es\/nuevaweb\/wp-content\/uploads\/2019\/05\/Screenshot-from-2019-05-14-10-41-08-200x119.png 200w, https:\/\/liceofrancestenerife.es\/nuevaweb\/wp-content\/uploads\/2019\/05\/Screenshot-from-2019-05-14-10-41-08-400x239.png 400w, https:\/\/liceofrancestenerife.es\/nuevaweb\/wp-content\/uploads\/2019\/05\/Screenshot-from-2019-05-14-10-41-08-600x358.png 600w, https:\/\/liceofrancestenerife.es\/nuevaweb\/wp-content\/uploads\/2019\/05\/Screenshot-from-2019-05-14-10-41-08-800x477.png 800w, https:\/\/liceofrancestenerife.es\/nuevaweb\/wp-content\/uploads\/2019\/05\/Screenshot-from-2019-05-14-10-41-08-1200x716.png 1200w, https:\/\/liceofrancestenerife.es\/nuevaweb\/wp-content\/uploads\/2019\/05\/Screenshot-from-2019-05-14-10-41-08.png 1451w\" data-sizes=\"auto\" data-orig-sizes=\"(min-width: 2200px) 100vw, (min-width: 754px) 598px, (min-width: 640px) 754px, \" \/><\/a><\/div><\/div><div style=\"padding:5px;\" class=\"fusion-grid-column fusion-gallery-column fusion-gallery-column-2 hover-type-none\"><div class=\"fusion-gallery-image\"><a href=\"https:\/\/liceofrancestenerife.es\/nuevaweb\/wp-content\/uploads\/2019\/05\/Jornada-de-carnaval-_web.jpg\" rel=\"noreferrer\" data-rel=\"iLightbox[gallery_image_1]\" class=\"fusion-lightbox\"><img decoding=\"async\" src=\"https:\/\/liceofrancestenerife.es\/nuevaweb\/wp-content\/uploads\/2019\/05\/Jornada-de-carnaval-_web.jpg\" data-orig-src=\"https:\/\/liceofrancestenerife.es\/nuevaweb\/wp-content\/uploads\/2019\/05\/Jornada-de-carnaval-_web.jpg\" width=\"1300\" height=\"731\" alt=\"\" title=\"Jornada de carnaval _web\" aria-label=\"Jornada de carnaval _web\" class=\"lazyload img-responsive wp-image-26885\" srcset=\"data:image\/svg+xml,%3Csvg%20xmlns%3D%27http%3A%2F%2Fwww.w3.org%2F2000%2Fsvg%27%20width%3D%271300%27%20height%3D%27731%27%20viewBox%3D%270%200%201300%20731%27%3E%3Crect%20width%3D%271300%27%20height%3D%27731%27%20fill-opacity%3D%220%22%2F%3E%3C%2Fsvg%3E\" data-srcset=\"https:\/\/liceofrancestenerife.es\/nuevaweb\/wp-content\/uploads\/2019\/05\/Jornada-de-carnaval-_web-200x112.jpg 200w, https:\/\/liceofrancestenerife.es\/nuevaweb\/wp-content\/uploads\/2019\/05\/Jornada-de-carnaval-_web-400x225.jpg 400w, https:\/\/liceofrancestenerife.es\/nuevaweb\/wp-content\/uploads\/2019\/05\/Jornada-de-carnaval-_web-600x337.jpg 600w, https:\/\/liceofrancestenerife.es\/nuevaweb\/wp-content\/uploads\/2019\/05\/Jornada-de-carnaval-_web-800x450.jpg 800w, https:\/\/liceofrancestenerife.es\/nuevaweb\/wp-content\/uploads\/2019\/05\/Jornada-de-carnaval-_web-1200x675.jpg 1200w, https:\/\/liceofrancestenerife.es\/nuevaweb\/wp-content\/uploads\/2019\/05\/Jornada-de-carnaval-_web.jpg 1300w\" data-sizes=\"auto\" data-orig-sizes=\"(min-width: 2200px) 100vw, (min-width: 754px) 598px, (min-width: 640px) 754px, \" \/><\/a><\/div><\/div><div class=\"clearfix\"><\/div><div style=\"padding:5px;\" class=\"fusion-grid-column fusion-gallery-column fusion-gallery-column-2 hover-type-none\"><div class=\"fusion-gallery-image\"><a href=\"https:\/\/liceofrancestenerife.es\/nuevaweb\/wp-content\/uploads\/2019\/05\/Ensalada-de-col-copia_web.jpg\" rel=\"noreferrer\" data-rel=\"iLightbox[gallery_image_1]\" class=\"fusion-lightbox\"><img decoding=\"async\" src=\"https:\/\/liceofrancestenerife.es\/nuevaweb\/wp-content\/uploads\/2019\/05\/Ensalada-de-col-copia_web.jpg\" data-orig-src=\"https:\/\/liceofrancestenerife.es\/nuevaweb\/wp-content\/uploads\/2019\/05\/Ensalada-de-col-copia_web.jpg\" width=\"975\" height=\"1300\" alt=\"\" title=\"Ensalada de col &#8211; copia_web\" aria-label=\"Ensalada de col &#8211; copia_web\" class=\"lazyload img-responsive wp-image-26882\" srcset=\"data:image\/svg+xml,%3Csvg%20xmlns%3D%27http%3A%2F%2Fwww.w3.org%2F2000%2Fsvg%27%20width%3D%27975%27%20height%3D%271300%27%20viewBox%3D%270%200%20975%201300%27%3E%3Crect%20width%3D%27975%27%20height%3D%271300%27%20fill-opacity%3D%220%22%2F%3E%3C%2Fsvg%3E\" data-srcset=\"https:\/\/liceofrancestenerife.es\/nuevaweb\/wp-content\/uploads\/2019\/05\/Ensalada-de-col-copia_web-200x267.jpg 200w, https:\/\/liceofrancestenerife.es\/nuevaweb\/wp-content\/uploads\/2019\/05\/Ensalada-de-col-copia_web-400x533.jpg 400w, https:\/\/liceofrancestenerife.es\/nuevaweb\/wp-content\/uploads\/2019\/05\/Ensalada-de-col-copia_web-600x800.jpg 600w, https:\/\/liceofrancestenerife.es\/nuevaweb\/wp-content\/uploads\/2019\/05\/Ensalada-de-col-copia_web-800x1067.jpg 800w, https:\/\/liceofrancestenerife.es\/nuevaweb\/wp-content\/uploads\/2019\/05\/Ensalada-de-col-copia_web.jpg 975w\" data-sizes=\"auto\" data-orig-sizes=\"(min-width: 2200px) 100vw, (min-width: 754px) 598px, (min-width: 640px) 754px, \" \/><\/a><\/div><\/div><div style=\"padding:5px;\" class=\"fusion-grid-column fusion-gallery-column fusion-gallery-column-2 hover-type-none\"><div class=\"fusion-gallery-image\"><a href=\"https:\/\/liceofrancestenerife.es\/nuevaweb\/wp-content\/uploads\/2019\/05\/Buffet-de-ensalada.-1-copia_web.jpg\" rel=\"noreferrer\" data-rel=\"iLightbox[gallery_image_1]\" class=\"fusion-lightbox\"><img decoding=\"async\" src=\"https:\/\/liceofrancestenerife.es\/nuevaweb\/wp-content\/uploads\/2019\/05\/Buffet-de-ensalada.-1-copia_web.jpg\" data-orig-src=\"https:\/\/liceofrancestenerife.es\/nuevaweb\/wp-content\/uploads\/2019\/05\/Buffet-de-ensalada.-1-copia_web.jpg\" width=\"1300\" height=\"929\" alt=\"\" title=\"Buffet de ensalada. 1 &#8211; copia_web\" aria-label=\"Buffet de ensalada. 1 &#8211; copia_web\" class=\"lazyload img-responsive wp-image-26876\" srcset=\"data:image\/svg+xml,%3Csvg%20xmlns%3D%27http%3A%2F%2Fwww.w3.org%2F2000%2Fsvg%27%20width%3D%271300%27%20height%3D%27929%27%20viewBox%3D%270%200%201300%20929%27%3E%3Crect%20width%3D%271300%27%20height%3D%27929%27%20fill-opacity%3D%220%22%2F%3E%3C%2Fsvg%3E\" data-srcset=\"https:\/\/liceofrancestenerife.es\/nuevaweb\/wp-content\/uploads\/2019\/05\/Buffet-de-ensalada.-1-copia_web-200x143.jpg 200w, https:\/\/liceofrancestenerife.es\/nuevaweb\/wp-content\/uploads\/2019\/05\/Buffet-de-ensalada.-1-copia_web-400x286.jpg 400w, https:\/\/liceofrancestenerife.es\/nuevaweb\/wp-content\/uploads\/2019\/05\/Buffet-de-ensalada.-1-copia_web-600x429.jpg 600w, https:\/\/liceofrancestenerife.es\/nuevaweb\/wp-content\/uploads\/2019\/05\/Buffet-de-ensalada.-1-copia_web-800x572.jpg 800w, https:\/\/liceofrancestenerife.es\/nuevaweb\/wp-content\/uploads\/2019\/05\/Buffet-de-ensalada.-1-copia_web-1200x858.jpg 1200w, https:\/\/liceofrancestenerife.es\/nuevaweb\/wp-content\/uploads\/2019\/05\/Buffet-de-ensalada.-1-copia_web.jpg 1300w\" data-sizes=\"auto\" data-orig-sizes=\"(min-width: 2200px) 100vw, (min-width: 754px) 598px, (min-width: 640px) 754px, \" \/><\/a><\/div><\/div><div class=\"clearfix\"><\/div><\/div><div class=\"fusion-clearfix\"><\/div><\/div><\/div><\/div><\/div>\n","protected":false},"excerpt":{"rendered":"","protected":false},"author":282,"featured_media":26881,"comment_status":"open","ping_status":"open","sticky":false,"template":"","format":"standard","meta":{"footnotes":""},"categories":[2],"tags":[],"class_list":["post-26893","post","type-post","status-publish","format-standard","has-post-thumbnail","hentry","category-non-classifiee"],"jetpack_featured_media_url":"https:\/\/liceofrancestenerife.es\/nuevaweb\/wp-content\/uploads\/2019\/05\/DSC_0894_web.jpg","_links":{"self":[{"href":"https:\/\/liceofrancestenerife.es\/fr\/wp-json\/wp\/v2\/posts\/26893","targetHints":{"allow":["GET"]}}],"collection":[{"href":"https:\/\/liceofrancestenerife.es\/fr\/wp-json\/wp\/v2\/posts"}],"about":[{"href":"https:\/\/liceofrancestenerife.es\/fr\/wp-json\/wp\/v2\/types\/post"}],"author":[{"embeddable":true,"href":"https:\/\/liceofrancestenerife.es\/fr\/wp-json\/wp\/v2\/users\/282"}],"replies":[{"embeddable":true,"href":"https:\/\/liceofrancestenerife.es\/fr\/wp-json\/wp\/v2\/comments?post=26893"}],"version-history":[{"count":2,"href":"https:\/\/liceofrancestenerife.es\/fr\/wp-json\/wp\/v2\/posts\/26893\/revisions"}],"predecessor-version":[{"id":26895,"href":"https:\/\/liceofrancestenerife.es\/fr\/wp-json\/wp\/v2\/posts\/26893\/revisions\/26895"}],"wp:featuredmedia":[{"embeddable":true,"href":"https:\/\/liceofrancestenerife.es\/fr\/wp-json\/wp\/v2\/media\/26881"}],"wp:attachment":[{"href":"https:\/\/liceofrancestenerife.es\/fr\/wp-json\/wp\/v2\/media?parent=26893"}],"wp:term":[{"taxonomy":"category","embeddable":true,"href":"https:\/\/liceofrancestenerife.es\/fr\/wp-json\/wp\/v2\/categories?post=26893"},{"taxonomy":"post_tag","embeddable":true,"href":"https:\/\/liceofrancestenerife.es\/fr\/wp-json\/wp\/v2\/tags?post=26893"}],"curies":[{"name":"wp","href":"https:\/\/api.w.org\/{rel}","templated":true}]}}