{"id":27479,"date":"2019-06-19T10:22:18","date_gmt":"2019-06-19T09:22:18","guid":{"rendered":"https:\/\/liceofrancestenerife.es\/?p=27479"},"modified":"2019-06-17T12:28:24","modified_gmt":"2019-06-17T11:28:24","slug":"los-talleres-filosoficos-de-los-grande-section","status":"publish","type":"post","link":"https:\/\/liceofrancestenerife.es\/fr\/los-talleres-filosoficos-de-los-grande-section\/","title":{"rendered":"Les ateliers philosophiques des &#8220;grande section&#8221;"},"content":{"rendered":"<p><div class=\"fusion-fullwidth fullwidth-box fusion-builder-row-1 nonhundred-percent-fullwidth non-hundred-percent-height-scrolling\" style=\"background-color: rgba(255,255,255,0);background-position: center center;background-repeat: no-repeat;padding-top:0px;padding-right:0px;padding-bottom:0px;padding-left:0px;margin-bottom: 0px;margin-top: 0px;border-width: 0px 0px 0px 0px;border-color:#eae9e9;border-style:solid;\" ><div class=\"fusion-builder-row fusion-row\"><div class=\"fusion-layout-column fusion_builder_column fusion-builder-column-0 fusion_builder_column_1_1 1_1 fusion-one-full fusion-column-first fusion-column-last\" style=\"margin-top:0px;margin-bottom:20px;\"><div class=\"fusion-column-wrapper fusion-flex-column-wrapper-legacy\" style=\"background-position:left top;background-repeat:no-repeat;-webkit-background-size:cover;-moz-background-size:cover;-o-background-size:cover;background-size:cover;padding: 0px 0px 0px 0px;\"><div class=\"fusion-text fusion-text-1\"><p>&#8220;En &#8216;grande section B&#8217; nous avons mis en place des <strong>ateliers philosophiques<\/strong>.<br \/>\nAvec l&#8217;aide d&#8217;<strong>Olivia<\/strong>, la professeure de philosophie du lyc\u00e9e, nous avons abord\u00e9 diff\u00e9rents th\u00e8mes : <strong>l&#8217;amiti\u00e9, l&#8217;amour, le doute et la peur<\/strong>.<br \/>\nDans nos ateliers, <strong>l&#8217;important est la d\u00e9marche<\/strong>. Le but n&#8217;est pas de trouver des r\u00e9ponses mais de <strong>r\u00e9fl\u00e9chir<\/strong> et de <strong>voir les choses sous des angles diff\u00e9rents<\/strong>.<br \/>\nAu d\u00e9but de l&#8217;atelier, nous allumons toujours une bougie, symbole de la <strong>connaissance<\/strong>. &#8221;<\/p>\n<p>Les enfants ont aim\u00e9 ces moments de <strong>discussion<\/strong> et de <strong>partage<\/strong>.<\/p>\n<\/div><div class=\"fusion-clearfix\"><\/div><\/div><\/div><\/div><\/div><div class=\"fusion-fullwidth fullwidth-box fusion-builder-row-2 nonhundred-percent-fullwidth non-hundred-percent-height-scrolling\" style=\"background-color: rgba(255,255,255,0);background-position: center center;background-repeat: no-repeat;padding-top:0px;padding-right:0px;padding-bottom:0px;padding-left:0px;margin-bottom: 0px;margin-top: 0px;border-width: 0px 0px 0px 0px;border-color:#eae9e9;border-style:solid;\" ><div class=\"fusion-builder-row fusion-row\"><div class=\"fusion-layout-column fusion_builder_column fusion-builder-column-1 fusion_builder_column_1_1 1_1 fusion-one-full fusion-column-first fusion-column-last\" style=\"margin-top:0px;margin-bottom:20px;\"><div class=\"fusion-column-wrapper fusion-flex-column-wrapper-legacy\" style=\"background-position:left top;background-repeat:no-repeat;-webkit-background-size:cover;-moz-background-size:cover;-o-background-size:cover;background-size:cover;padding: 0px 0px 0px 0px;\"><style type=\"text\/css\">.fusion-gallery-1 .fusion-gallery-image {border:0px solid #f6f6f6;}<\/style><div class=\"fusion-gallery fusion-gallery-container fusion-grid-2 fusion-columns-total-4 fusion-gallery-layout-grid fusion-gallery-1\" style=\"margin:-5px;\"><div style=\"padding:5px;\" class=\"fusion-grid-column fusion-gallery-column fusion-gallery-column-2 hover-type-none\"><div class=\"fusion-gallery-image\"><a href=\"https:\/\/liceofrancestenerife.es\/nuevaweb\/wp-content\/uploads\/2019\/06\/IMG-20190613-WA0008_web.jpg\" rel=\"noreferrer\" data-rel=\"iLightbox[gallery_image_1]\" class=\"fusion-lightbox\"><img decoding=\"async\" src=\"https:\/\/liceofrancestenerife.es\/nuevaweb\/wp-content\/uploads\/2019\/06\/IMG-20190613-WA0008_web.jpg\" data-orig-src=\"https:\/\/liceofrancestenerife.es\/nuevaweb\/wp-content\/uploads\/2019\/06\/IMG-20190613-WA0008_web.jpg\" width=\"1300\" height=\"731\" alt=\"\" title=\"IMG-20190613-WA0008_web\" aria-label=\"IMG-20190613-WA0008_web\" class=\"lazyload img-responsive wp-image-27470\" srcset=\"data:image\/svg+xml,%3Csvg%20xmlns%3D%27http%3A%2F%2Fwww.w3.org%2F2000%2Fsvg%27%20width%3D%271300%27%20height%3D%27731%27%20viewBox%3D%270%200%201300%20731%27%3E%3Crect%20width%3D%271300%27%20height%3D%27731%27%20fill-opacity%3D%220%22%2F%3E%3C%2Fsvg%3E\" data-srcset=\"https:\/\/liceofrancestenerife.es\/nuevaweb\/wp-content\/uploads\/2019\/06\/IMG-20190613-WA0008_web-200x112.jpg 200w, https:\/\/liceofrancestenerife.es\/nuevaweb\/wp-content\/uploads\/2019\/06\/IMG-20190613-WA0008_web-400x225.jpg 400w, https:\/\/liceofrancestenerife.es\/nuevaweb\/wp-content\/uploads\/2019\/06\/IMG-20190613-WA0008_web-600x337.jpg 600w, https:\/\/liceofrancestenerife.es\/nuevaweb\/wp-content\/uploads\/2019\/06\/IMG-20190613-WA0008_web-800x450.jpg 800w, https:\/\/liceofrancestenerife.es\/nuevaweb\/wp-content\/uploads\/2019\/06\/IMG-20190613-WA0008_web-1200x675.jpg 1200w, https:\/\/liceofrancestenerife.es\/nuevaweb\/wp-content\/uploads\/2019\/06\/IMG-20190613-WA0008_web.jpg 1300w\" data-sizes=\"auto\" data-orig-sizes=\"(min-width: 2200px) 100vw, (min-width: 754px) 598px, (min-width: 640px) 754px, \" \/><\/a><\/div><\/div><div style=\"padding:5px;\" class=\"fusion-grid-column fusion-gallery-column fusion-gallery-column-2 hover-type-none\"><div class=\"fusion-gallery-image\"><a href=\"https:\/\/liceofrancestenerife.es\/nuevaweb\/wp-content\/uploads\/2019\/06\/IMG-20190613-WA0011_web.jpg\" rel=\"noreferrer\" data-rel=\"iLightbox[gallery_image_1]\" class=\"fusion-lightbox\"><img decoding=\"async\" src=\"https:\/\/liceofrancestenerife.es\/nuevaweb\/wp-content\/uploads\/2019\/06\/IMG-20190613-WA0011_web.jpg\" data-orig-src=\"https:\/\/liceofrancestenerife.es\/nuevaweb\/wp-content\/uploads\/2019\/06\/IMG-20190613-WA0011_web.jpg\" width=\"1300\" height=\"731\" alt=\"\" title=\"IMG-20190613-WA0011_web\" aria-label=\"IMG-20190613-WA0011_web\" class=\"lazyload img-responsive wp-image-27467\" srcset=\"data:image\/svg+xml,%3Csvg%20xmlns%3D%27http%3A%2F%2Fwww.w3.org%2F2000%2Fsvg%27%20width%3D%271300%27%20height%3D%27731%27%20viewBox%3D%270%200%201300%20731%27%3E%3Crect%20width%3D%271300%27%20height%3D%27731%27%20fill-opacity%3D%220%22%2F%3E%3C%2Fsvg%3E\" data-srcset=\"https:\/\/liceofrancestenerife.es\/nuevaweb\/wp-content\/uploads\/2019\/06\/IMG-20190613-WA0011_web-200x112.jpg 200w, https:\/\/liceofrancestenerife.es\/nuevaweb\/wp-content\/uploads\/2019\/06\/IMG-20190613-WA0011_web-400x225.jpg 400w, https:\/\/liceofrancestenerife.es\/nuevaweb\/wp-content\/uploads\/2019\/06\/IMG-20190613-WA0011_web-600x337.jpg 600w, https:\/\/liceofrancestenerife.es\/nuevaweb\/wp-content\/uploads\/2019\/06\/IMG-20190613-WA0011_web-800x450.jpg 800w, https:\/\/liceofrancestenerife.es\/nuevaweb\/wp-content\/uploads\/2019\/06\/IMG-20190613-WA0011_web-1200x675.jpg 1200w, https:\/\/liceofrancestenerife.es\/nuevaweb\/wp-content\/uploads\/2019\/06\/IMG-20190613-WA0011_web.jpg 1300w\" data-sizes=\"auto\" data-orig-sizes=\"(min-width: 2200px) 100vw, (min-width: 754px) 598px, (min-width: 640px) 754px, \" \/><\/a><\/div><\/div><div class=\"clearfix\"><\/div><div style=\"padding:5px;\" class=\"fusion-grid-column fusion-gallery-column fusion-gallery-column-2 hover-type-none\"><div class=\"fusion-gallery-image\"><a href=\"https:\/\/liceofrancestenerife.es\/nuevaweb\/wp-content\/uploads\/2019\/06\/IMG-20190613-WA0010_web.jpg\" rel=\"noreferrer\" data-rel=\"iLightbox[gallery_image_1]\" class=\"fusion-lightbox\"><img decoding=\"async\" src=\"https:\/\/liceofrancestenerife.es\/nuevaweb\/wp-content\/uploads\/2019\/06\/IMG-20190613-WA0010_web.jpg\" data-orig-src=\"https:\/\/liceofrancestenerife.es\/nuevaweb\/wp-content\/uploads\/2019\/06\/IMG-20190613-WA0010_web.jpg\" width=\"1300\" height=\"731\" alt=\"\" title=\"IMG-20190613-WA0010_web\" aria-label=\"IMG-20190613-WA0010_web\" class=\"lazyload img-responsive wp-image-27464\" srcset=\"data:image\/svg+xml,%3Csvg%20xmlns%3D%27http%3A%2F%2Fwww.w3.org%2F2000%2Fsvg%27%20width%3D%271300%27%20height%3D%27731%27%20viewBox%3D%270%200%201300%20731%27%3E%3Crect%20width%3D%271300%27%20height%3D%27731%27%20fill-opacity%3D%220%22%2F%3E%3C%2Fsvg%3E\" data-srcset=\"https:\/\/liceofrancestenerife.es\/nuevaweb\/wp-content\/uploads\/2019\/06\/IMG-20190613-WA0010_web-200x112.jpg 200w, https:\/\/liceofrancestenerife.es\/nuevaweb\/wp-content\/uploads\/2019\/06\/IMG-20190613-WA0010_web-400x225.jpg 400w, https:\/\/liceofrancestenerife.es\/nuevaweb\/wp-content\/uploads\/2019\/06\/IMG-20190613-WA0010_web-600x337.jpg 600w, https:\/\/liceofrancestenerife.es\/nuevaweb\/wp-content\/uploads\/2019\/06\/IMG-20190613-WA0010_web-800x450.jpg 800w, https:\/\/liceofrancestenerife.es\/nuevaweb\/wp-content\/uploads\/2019\/06\/IMG-20190613-WA0010_web-1200x675.jpg 1200w, https:\/\/liceofrancestenerife.es\/nuevaweb\/wp-content\/uploads\/2019\/06\/IMG-20190613-WA0010_web.jpg 1300w\" data-sizes=\"auto\" data-orig-sizes=\"(min-width: 2200px) 100vw, (min-width: 754px) 598px, (min-width: 640px) 754px, \" \/><\/a><\/div><\/div><div style=\"padding:5px;\" class=\"fusion-grid-column fusion-gallery-column fusion-gallery-column-2 hover-type-none\"><div class=\"fusion-gallery-image\"><a href=\"https:\/\/liceofrancestenerife.es\/nuevaweb\/wp-content\/uploads\/2019\/06\/IMG-20190613-WA0009_web.jpg\" rel=\"noreferrer\" data-rel=\"iLightbox[gallery_image_1]\" class=\"fusion-lightbox\"><img decoding=\"async\" src=\"https:\/\/liceofrancestenerife.es\/nuevaweb\/wp-content\/uploads\/2019\/06\/IMG-20190613-WA0009_web.jpg\" data-orig-src=\"https:\/\/liceofrancestenerife.es\/nuevaweb\/wp-content\/uploads\/2019\/06\/IMG-20190613-WA0009_web.jpg\" width=\"1300\" height=\"731\" alt=\"\" title=\"IMG-20190613-WA0009_web\" aria-label=\"IMG-20190613-WA0009_web\" class=\"lazyload img-responsive wp-image-27461\" srcset=\"data:image\/svg+xml,%3Csvg%20xmlns%3D%27http%3A%2F%2Fwww.w3.org%2F2000%2Fsvg%27%20width%3D%271300%27%20height%3D%27731%27%20viewBox%3D%270%200%201300%20731%27%3E%3Crect%20width%3D%271300%27%20height%3D%27731%27%20fill-opacity%3D%220%22%2F%3E%3C%2Fsvg%3E\" data-srcset=\"https:\/\/liceofrancestenerife.es\/nuevaweb\/wp-content\/uploads\/2019\/06\/IMG-20190613-WA0009_web-200x112.jpg 200w, https:\/\/liceofrancestenerife.es\/nuevaweb\/wp-content\/uploads\/2019\/06\/IMG-20190613-WA0009_web-400x225.jpg 400w, https:\/\/liceofrancestenerife.es\/nuevaweb\/wp-content\/uploads\/2019\/06\/IMG-20190613-WA0009_web-600x337.jpg 600w, https:\/\/liceofrancestenerife.es\/nuevaweb\/wp-content\/uploads\/2019\/06\/IMG-20190613-WA0009_web-800x450.jpg 800w, https:\/\/liceofrancestenerife.es\/nuevaweb\/wp-content\/uploads\/2019\/06\/IMG-20190613-WA0009_web-1200x675.jpg 1200w, https:\/\/liceofrancestenerife.es\/nuevaweb\/wp-content\/uploads\/2019\/06\/IMG-20190613-WA0009_web.jpg 1300w\" data-sizes=\"auto\" data-orig-sizes=\"(min-width: 2200px) 100vw, (min-width: 754px) 598px, (min-width: 640px) 754px, \" \/><\/a><\/div><\/div><div class=\"clearfix\"><\/div><\/div><div class=\"fusion-clearfix\"><\/div><\/div><\/div><\/div><\/div><\/p>\n","protected":false},"excerpt":{"rendered":"","protected":false},"author":282,"featured_media":27475,"comment_status":"open","ping_status":"open","sticky":false,"template":"","format":"standard","meta":{"footnotes":""},"categories":[2],"tags":[],"class_list":["post-27479","post","type-post","status-publish","format-standard","has-post-thumbnail","hentry","category-non-classifiee"],"jetpack_featured_media_url":"https:\/\/liceofrancestenerife.es\/nuevaweb\/wp-content\/uploads\/2019\/06\/IMG-20190613-WA0012_web.jpg","_links":{"self":[{"href":"https:\/\/liceofrancestenerife.es\/fr\/wp-json\/wp\/v2\/posts\/27479","targetHints":{"allow":["GET"]}}],"collection":[{"href":"https:\/\/liceofrancestenerife.es\/fr\/wp-json\/wp\/v2\/posts"}],"about":[{"href":"https:\/\/liceofrancestenerife.es\/fr\/wp-json\/wp\/v2\/types\/post"}],"author":[{"embeddable":true,"href":"https:\/\/liceofrancestenerife.es\/fr\/wp-json\/wp\/v2\/users\/282"}],"replies":[{"embeddable":true,"href":"https:\/\/liceofrancestenerife.es\/fr\/wp-json\/wp\/v2\/comments?post=27479"}],"version-history":[{"count":3,"href":"https:\/\/liceofrancestenerife.es\/fr\/wp-json\/wp\/v2\/posts\/27479\/revisions"}],"predecessor-version":[{"id":27480,"href":"https:\/\/liceofrancestenerife.es\/fr\/wp-json\/wp\/v2\/posts\/27479\/revisions\/27480"}],"wp:featuredmedia":[{"embeddable":true,"href":"https:\/\/liceofrancestenerife.es\/fr\/wp-json\/wp\/v2\/media\/27475"}],"wp:attachment":[{"href":"https:\/\/liceofrancestenerife.es\/fr\/wp-json\/wp\/v2\/media?parent=27479"}],"wp:term":[{"taxonomy":"category","embeddable":true,"href":"https:\/\/liceofrancestenerife.es\/fr\/wp-json\/wp\/v2\/categories?post=27479"},{"taxonomy":"post_tag","embeddable":true,"href":"https:\/\/liceofrancestenerife.es\/fr\/wp-json\/wp\/v2\/tags?post=27479"}],"curies":[{"name":"wp","href":"https:\/\/api.w.org\/{rel}","templated":true}]}}