{"id":31606,"date":"2020-06-29T20:14:55","date_gmt":"2020-06-29T19:14:55","guid":{"rendered":"https:\/\/liceofrancestenerife.es\/%f0%9f%92%a1-padlets-llenos-de-ideas-de-actividades-para-pasar-el-verano\/"},"modified":"2020-07-07T13:07:11","modified_gmt":"2020-07-07T12:07:11","slug":"%f0%9f%92%a1-padlets-llenos-de-ideas-de-actividades-para-pasar-el-verano","status":"publish","type":"post","link":"https:\/\/liceofrancestenerife.es\/fr\/%f0%9f%92%a1-padlets-llenos-de-ideas-de-actividades-para-pasar-el-verano\/","title":{"rendered":"? Padlets pleins d&#8217;id\u00e9es d&#8217;activit\u00e9s pour passer l&#8217;\u00e9t\u00e9"},"content":{"rendered":"<p><div class=\"fusion-fullwidth fullwidth-box fusion-builder-row-1 nonhundred-percent-fullwidth non-hundred-percent-height-scrolling\" style=\"background-color: rgba(255,255,255,0);background-position: center center;background-repeat: no-repeat;padding-top:0px;padding-right:0px;padding-bottom:0px;padding-left:0px;margin-bottom: 0px;margin-top: 0px;border-width: 0px 0px 0px 0px;border-color:#eae9e9;border-style:solid;\" ><div class=\"fusion-builder-row fusion-row\"><div class=\"fusion-layout-column fusion_builder_column fusion-builder-column-0 fusion_builder_column_1_1 1_1 fusion-one-full fusion-column-first fusion-column-last\" style=\"margin-top:0px;margin-bottom:20px;\"><div class=\"fusion-column-wrapper fusion-flex-column-wrapper-legacy\" style=\"background-position:left top;background-repeat:no-repeat;-webkit-background-size:cover;-moz-background-size:cover;-o-background-size:cover;background-size:cover;padding: 0px 0px 0px 0px;\"><div class=\"fusion-text fusion-text-1\"><p>Pour passer l&#8217;\u00e9t\u00e9, nous vous avons pr\u00e9par\u00e9 <strong>deux padlets pleins d&#8217;id\u00e9es d&#8217;activit\u00e9s: livres audio, musique, visites virtuelles, livres \u00e9lectroniques<\/strong>\u2026<\/p>\n<div class=\"fusion-text\">\n<p>Le premier est dirig\u00e9 aux enfants de primaire: <a href=\"https:\/\/padlet.com\/bcdtenerifeverne\/RessourcesEnfants\" target=\"_blank\" rel=\"noopener noreferrer\">padlet_activites_primaire<\/a><\/p>\n<\/div>\n<div class=\"fusion-clearfix\"><\/div>\n<\/div><div class=\"fusion-clearfix\"><\/div><\/div><\/div><\/div><\/div><div class=\"fusion-fullwidth fullwidth-box fusion-builder-row-2 nonhundred-percent-fullwidth non-hundred-percent-height-scrolling\" style=\"background-color: rgba(255,255,255,0);background-position: center center;background-repeat: no-repeat;padding-top:0px;padding-right:0px;padding-bottom:0px;padding-left:0px;margin-bottom: 0px;margin-top: 0px;border-width: 0px 0px 0px 0px;border-color:#eae9e9;border-style:solid;\" ><div class=\"fusion-builder-row fusion-row\"><div class=\"fusion-layout-column fusion_builder_column fusion-builder-column-1 fusion_builder_column_1_1 1_1 fusion-one-full fusion-column-first fusion-column-last\" style=\"margin-top:0px;margin-bottom:20px;\"><div class=\"fusion-column-wrapper fusion-flex-column-wrapper-legacy\" style=\"background-position:left top;background-repeat:no-repeat;-webkit-background-size:cover;-moz-background-size:cover;-o-background-size:cover;background-size:cover;padding: 0px 0px 0px 0px;\"><span class=\" fusion-imageframe imageframe-none imageframe-1 hover-type-none\"><img decoding=\"async\" width=\"1500\" height=\"844\" alt=\"Padlet activit\u00e9s primaire\" title=\"Padlet_primaire\" src=\"https:\/\/liceofrancestenerife.es\/nuevaweb\/wp-content\/uploads\/2020\/04\/Padlet_primaire.png\" data-orig-src=\"https:\/\/liceofrancestenerife.es\/nuevaweb\/wp-content\/uploads\/2020\/04\/Padlet_primaire.png\" class=\"lazyload img-responsive wp-image-30504\" srcset=\"data:image\/svg+xml,%3Csvg%20xmlns%3D%27http%3A%2F%2Fwww.w3.org%2F2000%2Fsvg%27%20width%3D%271500%27%20height%3D%27844%27%20viewBox%3D%270%200%201500%20844%27%3E%3Crect%20width%3D%271500%27%20height%3D%27844%27%20fill-opacity%3D%220%22%2F%3E%3C%2Fsvg%3E\" data-srcset=\"https:\/\/liceofrancestenerife.es\/nuevaweb\/wp-content\/uploads\/2020\/04\/Padlet_primaire-200x113.png 200w, https:\/\/liceofrancestenerife.es\/nuevaweb\/wp-content\/uploads\/2020\/04\/Padlet_primaire-400x225.png 400w, https:\/\/liceofrancestenerife.es\/nuevaweb\/wp-content\/uploads\/2020\/04\/Padlet_primaire-600x338.png 600w, https:\/\/liceofrancestenerife.es\/nuevaweb\/wp-content\/uploads\/2020\/04\/Padlet_primaire-800x450.png 800w, https:\/\/liceofrancestenerife.es\/nuevaweb\/wp-content\/uploads\/2020\/04\/Padlet_primaire-1200x675.png 1200w, https:\/\/liceofrancestenerife.es\/nuevaweb\/wp-content\/uploads\/2020\/04\/Padlet_primaire.png 1500w\" data-sizes=\"auto\" data-orig-sizes=\"(max-width: 800px) 100vw, 1500px\" \/><\/span><div class=\"fusion-clearfix\"><\/div><\/div><\/div><\/div><\/div><div class=\"fusion-fullwidth fullwidth-box fusion-builder-row-3 nonhundred-percent-fullwidth non-hundred-percent-height-scrolling\" style=\"background-color: rgba(255,255,255,0);background-position: center center;background-repeat: no-repeat;padding-top:0px;padding-right:0px;padding-bottom:0px;padding-left:0px;margin-bottom: 0px;margin-top: 0px;border-width: 0px 0px 0px 0px;border-color:#eae9e9;border-style:solid;\" ><div class=\"fusion-builder-row fusion-row\"><div class=\"fusion-layout-column fusion_builder_column fusion-builder-column-2 fusion_builder_column_1_1 1_1 fusion-one-full fusion-column-first fusion-column-last\" style=\"margin-top:0px;margin-bottom:20px;\"><div class=\"fusion-column-wrapper fusion-flex-column-wrapper-legacy\" style=\"background-position:left top;background-repeat:no-repeat;-webkit-background-size:cover;-moz-background-size:cover;-o-background-size:cover;background-size:cover;padding: 0px 0px 0px 0px;\"><div class=\"fusion-text fusion-text-2\"><p>Le second est dirig\u00e9 aux enfants du secondaire: <a href=\"https:\/\/padlet.com\/cdi_tenerife_verne\/RessourcesAdos\" target=\"_blank\" rel=\"noopener noreferrer\">padlet_jules_verne_activit\u00e9s_ados<\/a><\/p>\n<\/div><div class=\"fusion-clearfix\"><\/div><\/div><\/div><\/div><\/div><div class=\"fusion-fullwidth fullwidth-box fusion-builder-row-4 nonhundred-percent-fullwidth non-hundred-percent-height-scrolling\" style=\"background-color: rgba(255,255,255,0);background-position: center center;background-repeat: no-repeat;padding-top:0px;padding-right:0px;padding-bottom:0px;padding-left:0px;margin-bottom: 0px;margin-top: 0px;border-width: 0px 0px 0px 0px;border-color:#eae9e9;border-style:solid;\" ><div class=\"fusion-builder-row fusion-row\"><div class=\"fusion-layout-column fusion_builder_column fusion-builder-column-3 fusion_builder_column_1_1 1_1 fusion-one-full fusion-column-first fusion-column-last\" style=\"margin-top:0px;margin-bottom:20px;\"><div class=\"fusion-column-wrapper fusion-flex-column-wrapper-legacy\" style=\"background-position:left top;background-repeat:no-repeat;-webkit-background-size:cover;-moz-background-size:cover;-o-background-size:cover;background-size:cover;padding: 0px 0px 0px 0px;\"><span class=\" fusion-imageframe imageframe-none imageframe-2 hover-type-none\"><img decoding=\"async\" width=\"1500\" height=\"693\" alt=\"Aper\u00e7u padlet\" title=\"padlet_apercu\" src=\"https:\/\/liceofrancestenerife.es\/nuevaweb\/wp-content\/uploads\/2020\/04\/padlet_apercu.png\" data-orig-src=\"https:\/\/liceofrancestenerife.es\/nuevaweb\/wp-content\/uploads\/2020\/04\/padlet_apercu.png\" class=\"lazyload img-responsive wp-image-30492\" srcset=\"data:image\/svg+xml,%3Csvg%20xmlns%3D%27http%3A%2F%2Fwww.w3.org%2F2000%2Fsvg%27%20width%3D%271500%27%20height%3D%27693%27%20viewBox%3D%270%200%201500%20693%27%3E%3Crect%20width%3D%271500%27%20height%3D%27693%27%20fill-opacity%3D%220%22%2F%3E%3C%2Fsvg%3E\" data-srcset=\"https:\/\/liceofrancestenerife.es\/nuevaweb\/wp-content\/uploads\/2020\/04\/padlet_apercu-200x92.png 200w, https:\/\/liceofrancestenerife.es\/nuevaweb\/wp-content\/uploads\/2020\/04\/padlet_apercu-400x185.png 400w, https:\/\/liceofrancestenerife.es\/nuevaweb\/wp-content\/uploads\/2020\/04\/padlet_apercu-600x277.png 600w, https:\/\/liceofrancestenerife.es\/nuevaweb\/wp-content\/uploads\/2020\/04\/padlet_apercu-800x370.png 800w, https:\/\/liceofrancestenerife.es\/nuevaweb\/wp-content\/uploads\/2020\/04\/padlet_apercu-1200x555.png 1200w, https:\/\/liceofrancestenerife.es\/nuevaweb\/wp-content\/uploads\/2020\/04\/padlet_apercu.png 1500w\" data-sizes=\"auto\" data-orig-sizes=\"(max-width: 800px) 100vw, 1500px\" \/><\/span><div class=\"fusion-clearfix\"><\/div><\/div><\/div><\/div><\/div><\/p>\n","protected":false},"excerpt":{"rendered":"","protected":false},"author":282,"featured_media":31603,"comment_status":"open","ping_status":"open","sticky":false,"template":"","format":"standard","meta":{"footnotes":""},"categories":[2],"tags":[],"class_list":["post-31606","post","type-post","status-publish","format-standard","has-post-thumbnail","hentry","category-non-classifiee"],"jetpack_featured_media_url":"https:\/\/liceofrancestenerife.es\/nuevaweb\/wp-content\/uploads\/2020\/07\/padlets_verano.png","_links":{"self":[{"href":"https:\/\/liceofrancestenerife.es\/fr\/wp-json\/wp\/v2\/posts\/31606","targetHints":{"allow":["GET"]}}],"collection":[{"href":"https:\/\/liceofrancestenerife.es\/fr\/wp-json\/wp\/v2\/posts"}],"about":[{"href":"https:\/\/liceofrancestenerife.es\/fr\/wp-json\/wp\/v2\/types\/post"}],"author":[{"embeddable":true,"href":"https:\/\/liceofrancestenerife.es\/fr\/wp-json\/wp\/v2\/users\/282"}],"replies":[{"embeddable":true,"href":"https:\/\/liceofrancestenerife.es\/fr\/wp-json\/wp\/v2\/comments?post=31606"}],"version-history":[{"count":2,"href":"https:\/\/liceofrancestenerife.es\/fr\/wp-json\/wp\/v2\/posts\/31606\/revisions"}],"predecessor-version":[{"id":31608,"href":"https:\/\/liceofrancestenerife.es\/fr\/wp-json\/wp\/v2\/posts\/31606\/revisions\/31608"}],"wp:featuredmedia":[{"embeddable":true,"href":"https:\/\/liceofrancestenerife.es\/fr\/wp-json\/wp\/v2\/media\/31603"}],"wp:attachment":[{"href":"https:\/\/liceofrancestenerife.es\/fr\/wp-json\/wp\/v2\/media?parent=31606"}],"wp:term":[{"taxonomy":"category","embeddable":true,"href":"https:\/\/liceofrancestenerife.es\/fr\/wp-json\/wp\/v2\/categories?post=31606"},{"taxonomy":"post_tag","embeddable":true,"href":"https:\/\/liceofrancestenerife.es\/fr\/wp-json\/wp\/v2\/tags?post=31606"}],"curies":[{"name":"wp","href":"https:\/\/api.w.org\/{rel}","templated":true}]}}