{"id":31664,"date":"2020-08-26T10:08:35","date_gmt":"2020-08-26T09:08:35","guid":{"rendered":"https:\/\/liceofrancestenerife.es\/26-08-2020-informacion-sobre-la-vuelta-al-colegio\/"},"modified":"2020-08-26T10:14:44","modified_gmt":"2020-08-26T09:14:44","slug":"26-08-2020-informacion-sobre-la-vuelta-al-colegio","status":"publish","type":"post","link":"https:\/\/liceofrancestenerife.es\/fr\/26-08-2020-informacion-sobre-la-vuelta-al-colegio\/","title":{"rendered":"26\/08\/2020: Informations sur la rentr\u00e9e"},"content":{"rendered":"<div class=\"fusion-fullwidth fullwidth-box fusion-builder-row-1 nonhundred-percent-fullwidth non-hundred-percent-height-scrolling\" style=\"background-color: rgba(255,255,255,0);background-position: center center;background-repeat: no-repeat;padding-top:0px;padding-right:0px;padding-bottom:0px;padding-left:0px;margin-bottom: 0px;margin-top: 0px;border-width: 0px 0px 0px 0px;border-color:#eae9e9;border-style:solid;\" ><div class=\"fusion-builder-row fusion-row\"><div class=\"fusion-layout-column fusion_builder_column fusion-builder-column-0 fusion_builder_column_1_1 1_1 fusion-one-full fusion-column-first fusion-column-last\" style=\"margin-top:0px;margin-bottom:20px;\"><div class=\"fusion-column-wrapper fusion-flex-column-wrapper-legacy\" style=\"background-position:left top;background-repeat:no-repeat;-webkit-background-size:cover;-moz-background-size:cover;-o-background-size:cover;background-size:cover;padding: 0px 0px 0px 0px;\"><div class=\"fusion-text fusion-text-1\"><div>\n<div>\n<p>Madame, monsieur, chers parents,<\/p>\n<p>Nous esp\u00e9rons tout d&#8217;abord que vous avez pu passer un bel \u00e9t\u00e9 et que vous \u00eates en bonne sant\u00e9 ainsi que vos proches.<\/p>\n<p>Nous souhaitons vous indiquer que nous attendons les derni\u00e8res pr\u00e9cisions des autorit\u00e9s locales qui devraient nous parvenir en fin de cette semaine. <strong>Pour l&#8217;heure<\/strong>, nous nous pr\u00e9parons \u00e0 accueillir vos enfants en pr\u00e9sentiel le jeudi 03 septembre 2020, <strong>sauf avis contraire des autorit\u00e9s locales<\/strong>.<\/p>\n<p>Nous reviendrons vers vous en d\u00e9but de semaine prochaine pour vous donner toutes les pr\u00e9cisions n\u00e9cessaires: jour et heure d&#8217;accueil pour les diff\u00e9rentes classes, conditions d&#8217;accueil et protocole sanitaire selon les diff\u00e9rents niveaux.<\/p>\n<p>Nous vivons toutes et tous de moments complexes, merci de votre patience et votre confiance, nous faisons le maximum pour retrouver une &#8220;nouvelle normalit\u00e9&#8221;.<\/p>\n<p>Prenez soin de vous, bien cordialement.<\/p>\n<p>Herv\u00e9 Saint M\u00e9zard<br \/>\nProviseur<\/p>\n<\/div>\n<\/div>\n<\/div><div class=\"fusion-clearfix\"><\/div><\/div><\/div><\/div><\/div>\n","protected":false},"excerpt":{"rendered":"","protected":false},"author":282,"featured_media":0,"comment_status":"open","ping_status":"open","sticky":false,"template":"","format":"standard","meta":{"footnotes":""},"categories":[418],"tags":[],"class_list":["post-31664","post","type-post","status-publish","format-standard","hentry","category-slider-fr-2"],"jetpack_featured_media_url":"","_links":{"self":[{"href":"https:\/\/liceofrancestenerife.es\/fr\/wp-json\/wp\/v2\/posts\/31664","targetHints":{"allow":["GET"]}}],"collection":[{"href":"https:\/\/liceofrancestenerife.es\/fr\/wp-json\/wp\/v2\/posts"}],"about":[{"href":"https:\/\/liceofrancestenerife.es\/fr\/wp-json\/wp\/v2\/types\/post"}],"author":[{"embeddable":true,"href":"https:\/\/liceofrancestenerife.es\/fr\/wp-json\/wp\/v2\/users\/282"}],"replies":[{"embeddable":true,"href":"https:\/\/liceofrancestenerife.es\/fr\/wp-json\/wp\/v2\/comments?post=31664"}],"version-history":[{"count":2,"href":"https:\/\/liceofrancestenerife.es\/fr\/wp-json\/wp\/v2\/posts\/31664\/revisions"}],"predecessor-version":[{"id":31666,"href":"https:\/\/liceofrancestenerife.es\/fr\/wp-json\/wp\/v2\/posts\/31664\/revisions\/31666"}],"wp:attachment":[{"href":"https:\/\/liceofrancestenerife.es\/fr\/wp-json\/wp\/v2\/media?parent=31664"}],"wp:term":[{"taxonomy":"category","embeddable":true,"href":"https:\/\/liceofrancestenerife.es\/fr\/wp-json\/wp\/v2\/categories?post=31664"},{"taxonomy":"post_tag","embeddable":true,"href":"https:\/\/liceofrancestenerife.es\/fr\/wp-json\/wp\/v2\/tags?post=31664"}],"curies":[{"name":"wp","href":"https:\/\/api.w.org\/{rel}","templated":true}]}}