{"id":31746,"date":"2020-09-02T16:09:03","date_gmt":"2020-09-02T15:09:03","guid":{"rendered":"https:\/\/liceofrancestenerife.es\/02-09-2020-informacion-sobre-la-vuelta-al-colegio\/"},"modified":"2020-09-04T10:18:59","modified_gmt":"2020-09-04T09:18:59","slug":"02-09-2020-informacion-sobre-la-vuelta-al-colegio","status":"publish","type":"post","link":"https:\/\/liceofrancestenerife.es\/fr\/02-09-2020-informacion-sobre-la-vuelta-al-colegio\/","title":{"rendered":"02\/09\/2020: informations sur la rentr\u00e9e"},"content":{"rendered":"<div class=\"fusion-fullwidth fullwidth-box fusion-builder-row-1 fusion-flex-container nonhundred-percent-fullwidth non-hundred-percent-height-scrolling\" style=\"background-color: rgba(255,255,255,0);background-position: center center;background-repeat: no-repeat;border-width: 0px 0px 0px 0px;border-color:#eae9e9;border-style:solid;\" ><div class=\"fusion-builder-row fusion-row fusion-flex-align-items-flex-start\" style=\"max-width:1248px;margin-left: calc(-4% \/ 2 );margin-right: calc(-4% \/ 2 );\"><div class=\"fusion-layout-column fusion_builder_column fusion-builder-column-0 fusion_builder_column_1_1 1_1 fusion-flex-column\"><div class=\"fusion-column-wrapper fusion-flex-justify-content-flex-start fusion-content-layout-column\" style=\"background-position:left top;background-repeat:no-repeat;-webkit-background-size:cover;-moz-background-size:cover;-o-background-size:cover;background-size:cover;padding: 0px 0px 0px 0px;\"><div class=\"fusion-text fusion-text-1\"><p>Chers parents,<\/p>\n<p>Suite \u00e0 mon message pr\u00e9c\u00e9dent et apr\u00e8s consultation des diff\u00e9rentes instances,<br \/>\nmardi 1er septembre, je vous annonce que:<\/p>\n<p>&#8211; nous allons rattrapper, en pr\u00e9sentiel et pour tous les \u00e9l\u00e8ves, la semaine du 08\/09\/2020<br \/>\nau 11\/09\/2020 pendant la semaine du 26\/10\/2020 au 30\/10\/2020, ainsi nous disposerons<br \/>\nd&#8217;un m\u00eame calendrier pour l&#8217;ensemble de nos niveaux (primaire et secondaire) en privil\u00e9giant<br \/>\nun accueil pr\u00e9sentiel, si important en ce d\u00e9but d&#8217;ann\u00e9e.<br \/>\nSi nous ne pouvions accueillir physiquement vos enfants durant cette semaine d&#8217;octobre,<br \/>\n\u00e0 ce moment l\u00e0 nous assurerons en enseignement \u00e0 distance;<\/p>\n<p>&#8211; des activit\u00e9s de r\u00e9visions, en autonomie, vont \u00eatre propos\u00e9es via Pronote durant la semaine<br \/>\nprochaine du 08\/09\/2020 au 14\/09\/2020, pour les niveaux allant de la 5\u00e8me \u00e0 la Terminale<br \/>\n(les codes d&#8217;acc\u00e8s vous seront communiqu\u00e9s vendredi 04\/09\/2020);<\/p>\n<p>&#8211; jeudi 03\/09\/2020, la vie scolaire et le professeur principal de la classe de votre enfant<br \/>\nvont entrer en contact avec vous, pour vous communiquer toutes les informations sur: la rentr\u00e9e<br \/>\nen pr\u00e9sentiel (horaires) l&#8217;emploi du temps, la liste de la classe, le protocole sanitaire \u00e9l\u00e8ve<br \/>\n(entr\u00e9e au lyc\u00e9e, r\u00e9cr\u00e9ations, service restauration, lavages des mains&#8230;).<\/p>\n<p>Enfin, il est pr\u00e9vu deux jours de rentr\u00e9e, \u00e9chelonn\u00e9e, avec les enfants : le mardi 15\/09 et<br \/>\nmercredi 16\/09 afin de prendre le temps de bien d\u00e9couvrir notre nouvelle organisation et<br \/>\nd&#8217;accueillir sereinement nos \u00e9l\u00e8ves.<\/p>\n<p>Nous vous confirmons que la demi pension de la 1\u00e8re quinzaine de septembre ne sera pas pr\u00e9lev\u00e9e.<br \/>\nComptant sur votre compr\u00e9hension.<\/p>\n<p>Bien cordialement.,<\/p>\n<p>Herv\u00e9 Saint M\u00e9zard<br \/>\nProviseur du Lyc\u00e9e Fran\u00e7ais\u00a0International\u00a0de Tenerife<\/p>\n<\/div><\/div><style type=\"text\/css\">.fusion-body .fusion-builder-column-0{width:100% !important;margin-top : 0px;margin-bottom : 20px;}.fusion-builder-column-0 > .fusion-column-wrapper {padding-top : 0px !important;padding-right : 0px !important;margin-right : 1.92%;padding-bottom : 0px !important;padding-left : 0px !important;margin-left : 1.92%;}@media only screen and (max-width:850px) {.fusion-body .fusion-builder-column-0{width:100% !important;order : 0;}.fusion-builder-column-0 > .fusion-column-wrapper {margin-right : 1.92%;margin-left : 1.92%;}}@media only screen and (max-width:490px) {.fusion-body .fusion-builder-column-0{width:100% !important;order : 0;}.fusion-builder-column-0 > .fusion-column-wrapper {margin-right : 1.92%;margin-left : 1.92%;}}<\/style><\/div><\/div><style type=\"text\/css\">.fusion-body .fusion-flex-container.fusion-builder-row-1{ padding-top : 0px;margin-top : 0px;padding-right : 0px;padding-bottom : 0px;margin-bottom : 0px;padding-left : 0px;}<\/style><\/div>\n","protected":false},"excerpt":{"rendered":"","protected":false},"author":282,"featured_media":31736,"comment_status":"open","ping_status":"open","sticky":false,"template":"","format":"standard","meta":{"footnotes":""},"categories":[2],"tags":[],"class_list":["post-31746","post","type-post","status-publish","format-standard","has-post-thumbnail","hentry","category-non-classifiee"],"jetpack_featured_media_url":"https:\/\/liceofrancestenerife.es\/nuevaweb\/wp-content\/uploads\/2020\/09\/Mensaje_vuelta_es.jpg","_links":{"self":[{"href":"https:\/\/liceofrancestenerife.es\/fr\/wp-json\/wp\/v2\/posts\/31746","targetHints":{"allow":["GET"]}}],"collection":[{"href":"https:\/\/liceofrancestenerife.es\/fr\/wp-json\/wp\/v2\/posts"}],"about":[{"href":"https:\/\/liceofrancestenerife.es\/fr\/wp-json\/wp\/v2\/types\/post"}],"author":[{"embeddable":true,"href":"https:\/\/liceofrancestenerife.es\/fr\/wp-json\/wp\/v2\/users\/282"}],"replies":[{"embeddable":true,"href":"https:\/\/liceofrancestenerife.es\/fr\/wp-json\/wp\/v2\/comments?post=31746"}],"version-history":[{"count":3,"href":"https:\/\/liceofrancestenerife.es\/fr\/wp-json\/wp\/v2\/posts\/31746\/revisions"}],"predecessor-version":[{"id":31790,"href":"https:\/\/liceofrancestenerife.es\/fr\/wp-json\/wp\/v2\/posts\/31746\/revisions\/31790"}],"wp:featuredmedia":[{"embeddable":true,"href":"https:\/\/liceofrancestenerife.es\/fr\/wp-json\/wp\/v2\/media\/31736"}],"wp:attachment":[{"href":"https:\/\/liceofrancestenerife.es\/fr\/wp-json\/wp\/v2\/media?parent=31746"}],"wp:term":[{"taxonomy":"category","embeddable":true,"href":"https:\/\/liceofrancestenerife.es\/fr\/wp-json\/wp\/v2\/categories?post=31746"},{"taxonomy":"post_tag","embeddable":true,"href":"https:\/\/liceofrancestenerife.es\/fr\/wp-json\/wp\/v2\/tags?post=31746"}],"curies":[{"name":"wp","href":"https:\/\/api.w.org\/{rel}","templated":true}]}}