{"id":32391,"date":"2020-11-25T11:08:17","date_gmt":"2020-11-25T11:08:17","guid":{"rendered":"https:\/\/liceofrancestenerife.es\/25n-dia-internacional-contra-la-violencia-de-genero\/"},"modified":"2020-11-25T11:12:09","modified_gmt":"2020-11-25T11:12:09","slug":"25n-dia-internacional-contra-la-violencia-de-genero","status":"publish","type":"post","link":"https:\/\/liceofrancestenerife.es\/fr\/25n-dia-internacional-contra-la-violencia-de-genero\/","title":{"rendered":"25 novembre: journ\u00e9e internationale contre les violences faites aux femmes"},"content":{"rendered":"<div class=\"fusion-fullwidth fullwidth-box fusion-builder-row-1 fusion-flex-container nonhundred-percent-fullwidth non-hundred-percent-height-scrolling\" style=\"background-color: rgba(255,255,255,0);background-position: center center;background-repeat: no-repeat;border-width: 0px 0px 0px 0px;border-color:#eae9e9;border-style:solid;\" ><div class=\"fusion-builder-row fusion-row fusion-flex-align-items-flex-start\" style=\"max-width:1248px;margin-left: calc(-4% \/ 2 );margin-right: calc(-4% \/ 2 );\"><div class=\"fusion-layout-column fusion_builder_column fusion-builder-column-0 fusion_builder_column_1_1 1_1 fusion-flex-column\"><div class=\"fusion-column-wrapper fusion-flex-justify-content-flex-start fusion-content-layout-column\" style=\"background-position:left top;background-repeat:no-repeat;-webkit-background-size:cover;-moz-background-size:cover;-o-background-size:cover;background-size:cover;padding: 0px 0px 0px 0px;\"><div class=\"fusion-text fusion-text-1\"><p><a href=\"https:\/\/liceofrancestenerife.es\/nuevaweb\/wp-content\/uploads\/2020\/11\/Orangez_le_monde.png\" rel=\"attachment wp-att-32383\"><img decoding=\"async\" class=\"lazyload aligncenter size-full wp-image-32383\" src=\"https:\/\/liceofrancestenerife.es\/nuevaweb\/wp-content\/uploads\/2020\/11\/Orangez_le_monde.png\" data-orig-src=\"https:\/\/liceofrancestenerife.es\/nuevaweb\/wp-content\/uploads\/2020\/11\/Orangez_le_monde.png\" alt=\"D\u00eda internacional contra la violencia de g\u00e9nero\" width=\"1500\" height=\"500\" srcset=\"data:image\/svg+xml,%3Csvg%20xmlns%3D%27http%3A%2F%2Fwww.w3.org%2F2000%2Fsvg%27%20width%3D%271500%27%20height%3D%27500%27%20viewBox%3D%270%200%201500%20500%27%3E%3Crect%20width%3D%271500%27%20height%3D%27500%27%20fill-opacity%3D%220%22%2F%3E%3C%2Fsvg%3E\" data-srcset=\"https:\/\/liceofrancestenerife.es\/nuevaweb\/wp-content\/uploads\/2020\/11\/Orangez_le_monde-200x67.png 200w, https:\/\/liceofrancestenerife.es\/nuevaweb\/wp-content\/uploads\/2020\/11\/Orangez_le_monde-300x100.png 300w, https:\/\/liceofrancestenerife.es\/nuevaweb\/wp-content\/uploads\/2020\/11\/Orangez_le_monde-400x133.png 400w, https:\/\/liceofrancestenerife.es\/nuevaweb\/wp-content\/uploads\/2020\/11\/Orangez_le_monde-600x200.png 600w, https:\/\/liceofrancestenerife.es\/nuevaweb\/wp-content\/uploads\/2020\/11\/Orangez_le_monde-768x256.png 768w, https:\/\/liceofrancestenerife.es\/nuevaweb\/wp-content\/uploads\/2020\/11\/Orangez_le_monde-800x267.png 800w, https:\/\/liceofrancestenerife.es\/nuevaweb\/wp-content\/uploads\/2020\/11\/Orangez_le_monde-1024x341.png 1024w, https:\/\/liceofrancestenerife.es\/nuevaweb\/wp-content\/uploads\/2020\/11\/Orangez_le_monde-1200x400.png 1200w, https:\/\/liceofrancestenerife.es\/nuevaweb\/wp-content\/uploads\/2020\/11\/Orangez_le_monde.png 1500w\" data-sizes=\"auto\" data-orig-sizes=\"(max-width: 1500px) 100vw, 1500px\" \/><\/a><\/p>\n<\/div><div class=\"fusion-text fusion-text-2\"><div>\n<div>\n<p>\u00c9duquer les filles et les gar\u00e7ons \u00e0 l\u2019\u00e9galit\u00e9 et au respect mutuel, c\u2019est travailler \u00e0 un monde o\u00f9 les femmes seront moins victimes de violence \u00e0 tous les stades de leur vie.<\/p>\n<p>L\u2019ensemble des lyc\u00e9es fran\u00e7ais du monde s\u2019engage \u00e0 mettre en \u0153uvre l\u2019\u00e9galit\u00e9 entre les filles et les gar\u00e7ons dans les \u00e9tablissements du r\u00e9seau pour contribuer \u00e0 l\u2019\u00e9galit\u00e9 entre les femmes et les hommes, notamment d\u2019un point de vue professionnel.<\/p>\n<\/div>\n<\/div>\n<\/div><\/div><style type=\"text\/css\">.fusion-body .fusion-builder-column-0{width:100% !important;margin-top : 0px;margin-bottom : 20px;}.fusion-builder-column-0 > .fusion-column-wrapper {padding-top : 0px !important;padding-right : 0px !important;margin-right : 1.92%;padding-bottom : 0px !important;padding-left : 0px !important;margin-left : 1.92%;}@media only screen and (max-width:850px) {.fusion-body .fusion-builder-column-0{width:100% !important;order : 0;}.fusion-builder-column-0 > .fusion-column-wrapper {margin-right : 1.92%;margin-left : 1.92%;}}@media only screen and (max-width:490px) {.fusion-body .fusion-builder-column-0{width:100% !important;order : 0;}.fusion-builder-column-0 > .fusion-column-wrapper {margin-right : 1.92%;margin-left : 1.92%;}}<\/style><\/div><\/div><style type=\"text\/css\">.fusion-body .fusion-flex-container.fusion-builder-row-1{ padding-top : 0px;margin-top : 0px;padding-right : 0px;padding-bottom : 0px;margin-bottom : 0px;padding-left : 0px;}<\/style><\/div>\n","protected":false},"excerpt":{"rendered":"","protected":false},"author":282,"featured_media":32384,"comment_status":"open","ping_status":"open","sticky":false,"template":"","format":"standard","meta":{"footnotes":""},"categories":[2],"tags":[],"class_list":["post-32391","post","type-post","status-publish","format-standard","has-post-thumbnail","hentry","category-non-classifiee"],"jetpack_featured_media_url":"https:\/\/liceofrancestenerife.es\/nuevaweb\/wp-content\/uploads\/2020\/11\/Orangez_le_monde_portada.jpg","_links":{"self":[{"href":"https:\/\/liceofrancestenerife.es\/fr\/wp-json\/wp\/v2\/posts\/32391","targetHints":{"allow":["GET"]}}],"collection":[{"href":"https:\/\/liceofrancestenerife.es\/fr\/wp-json\/wp\/v2\/posts"}],"about":[{"href":"https:\/\/liceofrancestenerife.es\/fr\/wp-json\/wp\/v2\/types\/post"}],"author":[{"embeddable":true,"href":"https:\/\/liceofrancestenerife.es\/fr\/wp-json\/wp\/v2\/users\/282"}],"replies":[{"embeddable":true,"href":"https:\/\/liceofrancestenerife.es\/fr\/wp-json\/wp\/v2\/comments?post=32391"}],"version-history":[{"count":2,"href":"https:\/\/liceofrancestenerife.es\/fr\/wp-json\/wp\/v2\/posts\/32391\/revisions"}],"predecessor-version":[{"id":32393,"href":"https:\/\/liceofrancestenerife.es\/fr\/wp-json\/wp\/v2\/posts\/32391\/revisions\/32393"}],"wp:featuredmedia":[{"embeddable":true,"href":"https:\/\/liceofrancestenerife.es\/fr\/wp-json\/wp\/v2\/media\/32384"}],"wp:attachment":[{"href":"https:\/\/liceofrancestenerife.es\/fr\/wp-json\/wp\/v2\/media?parent=32391"}],"wp:term":[{"taxonomy":"category","embeddable":true,"href":"https:\/\/liceofrancestenerife.es\/fr\/wp-json\/wp\/v2\/categories?post=32391"},{"taxonomy":"post_tag","embeddable":true,"href":"https:\/\/liceofrancestenerife.es\/fr\/wp-json\/wp\/v2\/tags?post=32391"}],"curies":[{"name":"wp","href":"https:\/\/api.w.org\/{rel}","templated":true}]}}