{"id":32603,"date":"2021-01-12T13:30:55","date_gmt":"2021-01-12T13:30:55","guid":{"rendered":"https:\/\/liceofrancestenerife.es\/palmun-debatir-sobre-los-retos-del-mundo\/"},"modified":"2021-01-12T13:53:57","modified_gmt":"2021-01-12T13:53:57","slug":"palmun-debatir-sobre-los-retos-del-mundo","status":"publish","type":"post","link":"https:\/\/liceofrancestenerife.es\/fr\/palmun-debatir-sobre-los-retos-del-mundo\/","title":{"rendered":"Palmun: debattre sur les enjeux du monde"},"content":{"rendered":"<div class=\"fusion-fullwidth fullwidth-box fusion-builder-row-1 fusion-flex-container nonhundred-percent-fullwidth non-hundred-percent-height-scrolling\" style=\"background-color: rgba(255,255,255,0);background-position: center center;background-repeat: no-repeat;border-width: 0px 0px 0px 0px;border-color:#eae9e9;border-style:solid;\" ><div class=\"fusion-builder-row fusion-row fusion-flex-align-items-flex-start\" style=\"max-width:1248px;margin-left: calc(-4% \/ 2 );margin-right: calc(-4% \/ 2 );\"><div class=\"fusion-layout-column fusion_builder_column fusion-builder-column-0 fusion_builder_column_1_1 1_1 fusion-flex-column\"><div class=\"fusion-column-wrapper fusion-flex-justify-content-flex-start fusion-content-layout-column\" style=\"background-position:left top;background-repeat:no-repeat;-webkit-background-size:cover;-moz-background-size:cover;-o-background-size:cover;background-size:cover;padding: 0px 0px 0px 0px;\"><div class=\"fusion-text fusion-text-1\"><p>Les \u00e9l\u00e8ves de seconde ont particip\u00e9 \u00e0 la troisi\u00e8me conf\u00e9rence <strong>Palmun, simulation de mod\u00e9lisation des Nations Unies<\/strong> qui a eu lieu du 14 au 16 d\u00e9cembre.<\/p>\n<p>Ce sont plus de 220 \u00e9l\u00e8ves de 15 \u00e9tablissements qui se sont r\u00e9unis virtuellement pendant trois jours pour <strong>d\u00e9battre sur les enjeux du monde<\/strong>. Apr\u00e8s avoir r\u00e9dig\u00e9 des r\u00e9solutions sur des probl\u00e9matiques mondiales actuelles au niveau \u00e9conomique, environnemental et social, ils ont d\u00fb r\u00e9diger des amendements et voter en ligne.<\/p>\n<p>Ci-dessous l&#8217;intervention de Francisco durant la c\u00e9r\u00e9monie d&#8217;ouverture:<\/p>\n<div class=\"video-shortcode\"><iframe title=\"3\u00e8me Conf\u00e9rence du PALMUN - Jour 1\" width=\"1200\" height=\"675\" src=\"https:\/\/www.youtube.com\/embed\/TWB0We3oZxA?start=4656&#038;feature=oembed\" frameborder=\"0\" allow=\"accelerometer; autoplay; clipboard-write; encrypted-media; gyroscope; picture-in-picture\" allowfullscreen><\/iframe><\/div>\n<p><strong>F\u00e9licitations \u00e0 eux pour leur implication en tant qu\u00b4ambassadeurs et diplomates.<\/strong><\/p>\n<\/div><\/div><style type=\"text\/css\">.fusion-body .fusion-builder-column-0{width:100% !important;margin-top : 0px;margin-bottom : 20px;}.fusion-builder-column-0 > .fusion-column-wrapper {padding-top : 0px !important;padding-right : 0px !important;margin-right : 1.92%;padding-bottom : 0px !important;padding-left : 0px !important;margin-left : 1.92%;}@media only screen and (max-width:850px) {.fusion-body .fusion-builder-column-0{width:100% !important;order : 0;}.fusion-builder-column-0 > .fusion-column-wrapper {margin-right : 1.92%;margin-left : 1.92%;}}@media only screen and (max-width:490px) {.fusion-body .fusion-builder-column-0{width:100% !important;order : 0;}.fusion-builder-column-0 > .fusion-column-wrapper {margin-right : 1.92%;margin-left : 1.92%;}}<\/style><\/div><\/div><style type=\"text\/css\">.fusion-body .fusion-flex-container.fusion-builder-row-1{ padding-top : 0px;margin-top : 0px;padding-right : 0px;padding-bottom : 0px;margin-bottom : 0px;padding-left : 0px;}<\/style><\/div>\n","protected":false},"excerpt":{"rendered":"","protected":false},"author":282,"featured_media":32598,"comment_status":"open","ping_status":"open","sticky":false,"template":"","format":"standard","meta":{"footnotes":""},"categories":[2],"tags":[],"class_list":["post-32603","post","type-post","status-publish","format-standard","has-post-thumbnail","hentry","category-non-classifiee"],"jetpack_featured_media_url":"https:\/\/liceofrancestenerife.es\/nuevaweb\/wp-content\/uploads\/2021\/01\/palmun.jpg","_links":{"self":[{"href":"https:\/\/liceofrancestenerife.es\/fr\/wp-json\/wp\/v2\/posts\/32603","targetHints":{"allow":["GET"]}}],"collection":[{"href":"https:\/\/liceofrancestenerife.es\/fr\/wp-json\/wp\/v2\/posts"}],"about":[{"href":"https:\/\/liceofrancestenerife.es\/fr\/wp-json\/wp\/v2\/types\/post"}],"author":[{"embeddable":true,"href":"https:\/\/liceofrancestenerife.es\/fr\/wp-json\/wp\/v2\/users\/282"}],"replies":[{"embeddable":true,"href":"https:\/\/liceofrancestenerife.es\/fr\/wp-json\/wp\/v2\/comments?post=32603"}],"version-history":[{"count":2,"href":"https:\/\/liceofrancestenerife.es\/fr\/wp-json\/wp\/v2\/posts\/32603\/revisions"}],"predecessor-version":[{"id":32605,"href":"https:\/\/liceofrancestenerife.es\/fr\/wp-json\/wp\/v2\/posts\/32603\/revisions\/32605"}],"wp:featuredmedia":[{"embeddable":true,"href":"https:\/\/liceofrancestenerife.es\/fr\/wp-json\/wp\/v2\/media\/32598"}],"wp:attachment":[{"href":"https:\/\/liceofrancestenerife.es\/fr\/wp-json\/wp\/v2\/media?parent=32603"}],"wp:term":[{"taxonomy":"category","embeddable":true,"href":"https:\/\/liceofrancestenerife.es\/fr\/wp-json\/wp\/v2\/categories?post=32603"},{"taxonomy":"post_tag","embeddable":true,"href":"https:\/\/liceofrancestenerife.es\/fr\/wp-json\/wp\/v2\/tags?post=32603"}],"curies":[{"name":"wp","href":"https:\/\/api.w.org\/{rel}","templated":true}]}}