{"id":38781,"date":"2023-06-12T14:20:37","date_gmt":"2023-06-12T13:20:37","guid":{"rendered":"https:\/\/liceofrancestenerife.es\/una-semana-en-el-sur-de-francia\/"},"modified":"2023-06-12T14:25:37","modified_gmt":"2023-06-12T13:25:37","slug":"una-semana-en-el-sur-de-francia","status":"publish","type":"post","link":"https:\/\/liceofrancestenerife.es\/fr\/una-semana-en-el-sur-de-francia\/","title":{"rendered":"Leur semaine dans le sud de la France"},"content":{"rendered":"<p><div class=\"fusion-fullwidth fullwidth-box fusion-builder-row-1 fusion-flex-container nonhundred-percent-fullwidth non-hundred-percent-height-scrolling\" style=\"background-color: rgba(255,255,255,0);background-position: center center;background-repeat: no-repeat;border-width: 0px 0px 0px 0px;border-color:#eae9e9;border-style:solid;\" ><div class=\"fusion-builder-row fusion-row fusion-flex-align-items-flex-start\" style=\"max-width:1248px;margin-left: calc(-4% \/ 2 );margin-right: calc(-4% \/ 2 );\"><div class=\"fusion-layout-column fusion_builder_column fusion-builder-column-0 fusion_builder_column_1_1 1_1 fusion-flex-column\"><div class=\"fusion-column-wrapper fusion-flex-justify-content-flex-start fusion-content-layout-column\" style=\"background-position:left top;background-repeat:no-repeat;-webkit-background-size:cover;-moz-background-size:cover;-o-background-size:cover;background-size:cover;padding: 0px 0px 0px 0px;\"><div class=\"fusion-text fusion-text-1\"><div dir=\"auto\">23 \u00e9l\u00e8ves de seconde viennent de passer une semaine riche en d\u00e9couvertes dans le sud de la France. Au programme: d\u00e9couverte du patrimoine romain \u00e0 travers la visite de monuments impressionnants tels que la Maison Carr\u00e9e et les ar\u00e8nes de N\u00eemes sans oublier l&#8217;imposant palais des Papes , t\u00e9moignage de la grandeur de la cit\u00e9 d&#8217;Avigon au Moyen -\u00c2ge.<\/div>\n<div dir=\"auto\">Les sensations fortes ont aussi \u00e9t\u00e9 au rendez-vous lors de la descente en kayak sous le Pont du Gard. Un parcours de 24 km en v\u00e9lo a \u00e9galement permis aux \u00e9l\u00e8ves de d\u00e9couvrir le parc naturel de Camargue, avant de partir en excursion en bateau pour explorer les Calanques.<\/div>\n<div dir=\"auto\">Ce s\u00e9jour a surtout \u00e9t\u00e9 synonyme de partage et de rencontres avec leurs correspondants pendant les moments de vie quotidienne en immersion dans les familles. Nos \u00e9l\u00e8ves ont en effet pu approfondir leur connaissance de la culture et de la langue fran\u00e7aise et faire le plein de souvenirs. Cette exp\u00e9rience va se prolonger \u00e0 l&#8217;occasion de la venue des correspondants \u00e0 partir du 12 juin \u00e0 Tenerife&#8230;.O\u00f9 ils seront attendus de pied ferme par leurs homologues du LFIT !<\/div>\n<\/div><\/div><style type=\"text\/css\">.fusion-body .fusion-builder-column-0{width:100% !important;margin-top : 0px;margin-bottom : 20px;}.fusion-builder-column-0 > .fusion-column-wrapper {padding-top : 0px !important;padding-right : 0px !important;margin-right : 1.92%;padding-bottom : 0px !important;padding-left : 0px !important;margin-left : 1.92%;}@media only screen and (max-width:850px) {.fusion-body .fusion-builder-column-0{width:100% !important;order : 0;}.fusion-builder-column-0 > .fusion-column-wrapper {margin-right : 1.92%;margin-left : 1.92%;}}@media only screen and (max-width:490px) {.fusion-body .fusion-builder-column-0{width:100% !important;order : 0;}.fusion-builder-column-0 > .fusion-column-wrapper {margin-right : 1.92%;margin-left : 1.92%;}}<\/style><\/div><\/div><style type=\"text\/css\">.fusion-body .fusion-flex-container.fusion-builder-row-1{ padding-top : 0px;margin-top : 0px;padding-right : 0px;padding-bottom : 0px;margin-bottom : 0px;padding-left : 0px;}<\/style><\/div><div class=\"fusion-fullwidth fullwidth-box fusion-builder-row-2 fusion-flex-container nonhundred-percent-fullwidth non-hundred-percent-height-scrolling\" style=\"background-color: rgba(255,255,255,0);background-position: center center;background-repeat: no-repeat;border-width: 0px 0px 0px 0px;border-color:#eae9e9;border-style:solid;\" ><div class=\"fusion-builder-row fusion-row fusion-flex-align-items-flex-start\" style=\"max-width:1248px;margin-left: calc(-4% \/ 2 );margin-right: calc(-4% \/ 2 );\"><div class=\"fusion-layout-column fusion_builder_column fusion-builder-column-1 fusion_builder_column_1_1 1_1 fusion-flex-column\"><div class=\"fusion-column-wrapper fusion-flex-justify-content-flex-start fusion-content-layout-column\" style=\"background-position:left top;background-repeat:no-repeat;-webkit-background-size:cover;-moz-background-size:cover;-o-background-size:cover;background-size:cover;padding: 0px 0px 0px 0px;\"><style type=\"text\/css\">.fusion-gallery-1 .fusion-gallery-image {border:0px solid #f6f6f6;}<\/style><div class=\"fusion-gallery fusion-gallery-container fusion-grid-2 fusion-columns-total-4 fusion-gallery-layout-masonry fusion-gallery-1\" style=\"margin:-5px;\"><div class=\"fusion-grid-column fusion-gallery-column fusion-gallery-column-2 hover-type-none fusion-grid-sizer\"><\/div><div style=\"padding:5px;\" class=\"fusion-grid-column fusion-gallery-column fusion-gallery-column-2 hover-type-none fusion-element-grid\"><div class=\"fusion-gallery-image\"><a href=\"https:\/\/liceofrancestenerife.es\/nuevaweb\/wp-content\/uploads\/2023\/06\/352370186_919604455808948_5258283183190484251_n.jpg\" rel=\"noreferrer\" data-rel=\"iLightbox[gallery_image_1]\" class=\"fusion-lightbox\" target=\"_self\"><div style=\"padding-top:calc((100% + 10px) * 0.8 - 5px);\" class=\"fusion-masonry-element-container lazyload\" data-bg=\"https:\/\/liceofrancestenerife.es\/nuevaweb\/wp-content\/uploads\/2023\/06\/352370186_919604455808948_5258283183190484251_n.jpg\"><img decoding=\"async\" src=\"https:\/\/liceofrancestenerife.es\/nuevaweb\/wp-content\/uploads\/2023\/06\/352370186_919604455808948_5258283183190484251_n.jpg\" data-orig-src=\"https:\/\/liceofrancestenerife.es\/nuevaweb\/wp-content\/uploads\/2023\/06\/352370186_919604455808948_5258283183190484251_n.jpg\" width=\"960\" height=\"833\" alt=\"\" title=\"352370186_919604455808948_5258283183190484251_n\" aria-label=\"352370186_919604455808948_5258283183190484251_n\" class=\"lazyload img-responsive wp-image-38766\" srcset=\"data:image\/svg+xml,%3Csvg%20xmlns%3D%27http%3A%2F%2Fwww.w3.org%2F2000%2Fsvg%27%20width%3D%27960%27%20height%3D%27833%27%20viewBox%3D%270%200%20960%20833%27%3E%3Crect%20width%3D%27960%27%20height%3D%27833%27%20fill-opacity%3D%220%22%2F%3E%3C%2Fsvg%3E\" data-srcset=\"https:\/\/liceofrancestenerife.es\/nuevaweb\/wp-content\/uploads\/2023\/06\/352370186_919604455808948_5258283183190484251_n-200x174.jpg 200w, https:\/\/liceofrancestenerife.es\/nuevaweb\/wp-content\/uploads\/2023\/06\/352370186_919604455808948_5258283183190484251_n-400x347.jpg 400w, https:\/\/liceofrancestenerife.es\/nuevaweb\/wp-content\/uploads\/2023\/06\/352370186_919604455808948_5258283183190484251_n-600x521.jpg 600w, https:\/\/liceofrancestenerife.es\/nuevaweb\/wp-content\/uploads\/2023\/06\/352370186_919604455808948_5258283183190484251_n-800x694.jpg 800w, https:\/\/liceofrancestenerife.es\/nuevaweb\/wp-content\/uploads\/2023\/06\/352370186_919604455808948_5258283183190484251_n.jpg 960w\" data-sizes=\"auto\" data-orig-sizes=\"(min-width: 2200px) 100vw, (min-width: 754px) 598px, (min-width: 640px) 754px, \" \/><\/div><\/a><\/div><\/div><div style=\"padding:5px;\" class=\"fusion-grid-column fusion-gallery-column fusion-gallery-column-2 hover-type-none fusion-element-portrait\"><div class=\"fusion-gallery-image\"><a href=\"https:\/\/liceofrancestenerife.es\/nuevaweb\/wp-content\/uploads\/2023\/06\/352522831_517955777089137_6882883523237298613_n.jpg\" rel=\"noreferrer\" data-rel=\"iLightbox[gallery_image_1]\" class=\"fusion-lightbox\" target=\"_self\"><div style=\"padding-top:calc((100% + 10px) * 1.6);\" class=\"fusion-masonry-element-container lazyload\" data-bg=\"https:\/\/liceofrancestenerife.es\/nuevaweb\/wp-content\/uploads\/2023\/06\/352522831_517955777089137_6882883523237298613_n.jpg\"><img decoding=\"async\" src=\"https:\/\/liceofrancestenerife.es\/nuevaweb\/wp-content\/uploads\/2023\/06\/352522831_517955777089137_6882883523237298613_n.jpg\" data-orig-src=\"https:\/\/liceofrancestenerife.es\/nuevaweb\/wp-content\/uploads\/2023\/06\/352522831_517955777089137_6882883523237298613_n.jpg\" width=\"720\" height=\"1073\" alt=\"\" title=\"352522831_517955777089137_6882883523237298613_n\" aria-label=\"352522831_517955777089137_6882883523237298613_n\" class=\"lazyload img-responsive wp-image-38769\" srcset=\"data:image\/svg+xml,%3Csvg%20xmlns%3D%27http%3A%2F%2Fwww.w3.org%2F2000%2Fsvg%27%20width%3D%27720%27%20height%3D%271073%27%20viewBox%3D%270%200%20720%201073%27%3E%3Crect%20width%3D%27720%27%20height%3D%271073%27%20fill-opacity%3D%220%22%2F%3E%3C%2Fsvg%3E\" data-srcset=\"https:\/\/liceofrancestenerife.es\/nuevaweb\/wp-content\/uploads\/2023\/06\/352522831_517955777089137_6882883523237298613_n-200x298.jpg 200w, https:\/\/liceofrancestenerife.es\/nuevaweb\/wp-content\/uploads\/2023\/06\/352522831_517955777089137_6882883523237298613_n-400x596.jpg 400w, https:\/\/liceofrancestenerife.es\/nuevaweb\/wp-content\/uploads\/2023\/06\/352522831_517955777089137_6882883523237298613_n-600x894.jpg 600w, https:\/\/liceofrancestenerife.es\/nuevaweb\/wp-content\/uploads\/2023\/06\/352522831_517955777089137_6882883523237298613_n.jpg 720w\" data-sizes=\"auto\" data-orig-sizes=\"(min-width: 2200px) 100vw, (min-width: 754px) 598px, (min-width: 640px) 754px, \" \/><\/div><\/a><\/div><\/div><div style=\"padding:5px;\" class=\"fusion-grid-column fusion-gallery-column fusion-gallery-column-2 hover-type-none fusion-element-grid\"><div class=\"fusion-gallery-image\"><a href=\"https:\/\/liceofrancestenerife.es\/nuevaweb\/wp-content\/uploads\/2023\/06\/352530466_3446099928989727_2898875618410757011_n.jpg\" rel=\"noreferrer\" data-rel=\"iLightbox[gallery_image_1]\" class=\"fusion-lightbox\" target=\"_self\"><div style=\"padding-top:calc((100% + 10px) * 0.8 - 5px);\" class=\"fusion-masonry-element-container lazyload\" data-bg=\"https:\/\/liceofrancestenerife.es\/nuevaweb\/wp-content\/uploads\/2023\/06\/352530466_3446099928989727_2898875618410757011_n.jpg\"><img decoding=\"async\" src=\"https:\/\/liceofrancestenerife.es\/nuevaweb\/wp-content\/uploads\/2023\/06\/352530466_3446099928989727_2898875618410757011_n.jpg\" data-orig-src=\"https:\/\/liceofrancestenerife.es\/nuevaweb\/wp-content\/uploads\/2023\/06\/352530466_3446099928989727_2898875618410757011_n.jpg\" width=\"960\" height=\"833\" alt=\"\" title=\"352530466_3446099928989727_2898875618410757011_n\" aria-label=\"352530466_3446099928989727_2898875618410757011_n\" class=\"lazyload img-responsive wp-image-38772\" srcset=\"data:image\/svg+xml,%3Csvg%20xmlns%3D%27http%3A%2F%2Fwww.w3.org%2F2000%2Fsvg%27%20width%3D%27960%27%20height%3D%27833%27%20viewBox%3D%270%200%20960%20833%27%3E%3Crect%20width%3D%27960%27%20height%3D%27833%27%20fill-opacity%3D%220%22%2F%3E%3C%2Fsvg%3E\" data-srcset=\"https:\/\/liceofrancestenerife.es\/nuevaweb\/wp-content\/uploads\/2023\/06\/352530466_3446099928989727_2898875618410757011_n-200x174.jpg 200w, https:\/\/liceofrancestenerife.es\/nuevaweb\/wp-content\/uploads\/2023\/06\/352530466_3446099928989727_2898875618410757011_n-400x347.jpg 400w, https:\/\/liceofrancestenerife.es\/nuevaweb\/wp-content\/uploads\/2023\/06\/352530466_3446099928989727_2898875618410757011_n-600x521.jpg 600w, https:\/\/liceofrancestenerife.es\/nuevaweb\/wp-content\/uploads\/2023\/06\/352530466_3446099928989727_2898875618410757011_n-800x694.jpg 800w, https:\/\/liceofrancestenerife.es\/nuevaweb\/wp-content\/uploads\/2023\/06\/352530466_3446099928989727_2898875618410757011_n.jpg 960w\" data-sizes=\"auto\" data-orig-sizes=\"(min-width: 2200px) 100vw, (min-width: 754px) 598px, (min-width: 640px) 754px, \" \/><\/div><\/a><\/div><\/div><div style=\"padding:5px;\" class=\"fusion-grid-column fusion-gallery-column fusion-gallery-column-2 hover-type-none fusion-element-portrait\"><div class=\"fusion-gallery-image\"><a href=\"https:\/\/liceofrancestenerife.es\/nuevaweb\/wp-content\/uploads\/2023\/06\/352550996_1182664022515310_6532702770283126842_n.jpg\" rel=\"noreferrer\" data-rel=\"iLightbox[gallery_image_1]\" class=\"fusion-lightbox\" target=\"_self\"><div style=\"padding-top:calc((100% + 10px) * 1.6);\" class=\"fusion-masonry-element-container lazyload\" data-bg=\"https:\/\/liceofrancestenerife.es\/nuevaweb\/wp-content\/uploads\/2023\/06\/352550996_1182664022515310_6532702770283126842_n.jpg\"><img decoding=\"async\" src=\"https:\/\/liceofrancestenerife.es\/nuevaweb\/wp-content\/uploads\/2023\/06\/352550996_1182664022515310_6532702770283126842_n.jpg\" data-orig-src=\"https:\/\/liceofrancestenerife.es\/nuevaweb\/wp-content\/uploads\/2023\/06\/352550996_1182664022515310_6532702770283126842_n.jpg\" width=\"720\" height=\"1073\" alt=\"\" title=\"352550996_1182664022515310_6532702770283126842_n\" aria-label=\"352550996_1182664022515310_6532702770283126842_n\" class=\"lazyload img-responsive wp-image-38775\" srcset=\"data:image\/svg+xml,%3Csvg%20xmlns%3D%27http%3A%2F%2Fwww.w3.org%2F2000%2Fsvg%27%20width%3D%27720%27%20height%3D%271073%27%20viewBox%3D%270%200%20720%201073%27%3E%3Crect%20width%3D%27720%27%20height%3D%271073%27%20fill-opacity%3D%220%22%2F%3E%3C%2Fsvg%3E\" data-srcset=\"https:\/\/liceofrancestenerife.es\/nuevaweb\/wp-content\/uploads\/2023\/06\/352550996_1182664022515310_6532702770283126842_n-200x298.jpg 200w, https:\/\/liceofrancestenerife.es\/nuevaweb\/wp-content\/uploads\/2023\/06\/352550996_1182664022515310_6532702770283126842_n-400x596.jpg 400w, https:\/\/liceofrancestenerife.es\/nuevaweb\/wp-content\/uploads\/2023\/06\/352550996_1182664022515310_6532702770283126842_n-600x894.jpg 600w, https:\/\/liceofrancestenerife.es\/nuevaweb\/wp-content\/uploads\/2023\/06\/352550996_1182664022515310_6532702770283126842_n.jpg 720w\" data-sizes=\"auto\" data-orig-sizes=\"(min-width: 2200px) 100vw, (min-width: 754px) 598px, (min-width: 640px) 754px, \" \/><\/div><\/a><\/div><\/div><\/div><\/div><style type=\"text\/css\">.fusion-body .fusion-builder-column-1{width:100% !important;margin-top : 0px;margin-bottom : 20px;}.fusion-builder-column-1 > .fusion-column-wrapper {padding-top : 0px !important;padding-right : 0px !important;margin-right : 1.92%;padding-bottom : 0px !important;padding-left : 0px !important;margin-left : 1.92%;}@media only screen and (max-width:850px) {.fusion-body .fusion-builder-column-1{width:100% !important;order : 0;}.fusion-builder-column-1 > .fusion-column-wrapper {margin-right : 1.92%;margin-left : 1.92%;}}@media only screen and (max-width:490px) {.fusion-body .fusion-builder-column-1{width:100% !important;order : 0;}.fusion-builder-column-1 > .fusion-column-wrapper {margin-right : 1.92%;margin-left : 1.92%;}}<\/style><\/div><\/div><style type=\"text\/css\">.fusion-body .fusion-flex-container.fusion-builder-row-2{ padding-top : 0px;margin-top : 0px;padding-right : 0px;padding-bottom : 0px;margin-bottom : 0px;padding-left : 0px;}<\/style><\/div><\/p>\n","protected":false},"excerpt":{"rendered":"","protected":false},"author":282,"featured_media":38768,"comment_status":"open","ping_status":"open","sticky":false,"template":"","format":"standard","meta":{"footnotes":""},"categories":[2],"tags":[],"class_list":["post-38781","post","type-post","status-publish","format-standard","has-post-thumbnail","hentry","category-non-classifiee"],"jetpack_featured_media_url":"https:\/\/liceofrancestenerife.es\/nuevaweb\/wp-content\/uploads\/2023\/06\/352370186_919604455808948_5258283183190484251_n.jpg","_links":{"self":[{"href":"https:\/\/liceofrancestenerife.es\/fr\/wp-json\/wp\/v2\/posts\/38781","targetHints":{"allow":["GET"]}}],"collection":[{"href":"https:\/\/liceofrancestenerife.es\/fr\/wp-json\/wp\/v2\/posts"}],"about":[{"href":"https:\/\/liceofrancestenerife.es\/fr\/wp-json\/wp\/v2\/types\/post"}],"author":[{"embeddable":true,"href":"https:\/\/liceofrancestenerife.es\/fr\/wp-json\/wp\/v2\/users\/282"}],"replies":[{"embeddable":true,"href":"https:\/\/liceofrancestenerife.es\/fr\/wp-json\/wp\/v2\/comments?post=38781"}],"version-history":[{"count":2,"href":"https:\/\/liceofrancestenerife.es\/fr\/wp-json\/wp\/v2\/posts\/38781\/revisions"}],"predecessor-version":[{"id":38783,"href":"https:\/\/liceofrancestenerife.es\/fr\/wp-json\/wp\/v2\/posts\/38781\/revisions\/38783"}],"wp:featuredmedia":[{"embeddable":true,"href":"https:\/\/liceofrancestenerife.es\/fr\/wp-json\/wp\/v2\/media\/38768"}],"wp:attachment":[{"href":"https:\/\/liceofrancestenerife.es\/fr\/wp-json\/wp\/v2\/media?parent=38781"}],"wp:term":[{"taxonomy":"category","embeddable":true,"href":"https:\/\/liceofrancestenerife.es\/fr\/wp-json\/wp\/v2\/categories?post=38781"},{"taxonomy":"post_tag","embeddable":true,"href":"https:\/\/liceofrancestenerife.es\/fr\/wp-json\/wp\/v2\/tags?post=38781"}],"curies":[{"name":"wp","href":"https:\/\/api.w.org\/{rel}","templated":true}]}}