{"id":42641,"date":"2025-06-24T10:05:40","date_gmt":"2025-06-24T09:05:40","guid":{"rendered":"https:\/\/liceofrancestenerife.es\/?p=42641"},"modified":"2025-11-24T09:59:19","modified_gmt":"2025-11-24T09:59:19","slug":"le-80journal-4","status":"publish","type":"post","link":"https:\/\/liceofrancestenerife.es\/fr\/le-80journal-4\/","title":{"rendered":"Le 80JOURnal !"},"content":{"rendered":"<div class=\"fusion-fullwidth fullwidth-box fusion-builder-row-1 fusion-flex-container nonhundred-percent-fullwidth non-hundred-percent-height-scrolling\" style=\"background-color: rgba(255,255,255,0);background-position: center center;background-repeat: no-repeat;border-width: 0px 0px 0px 0px;border-color:#eae9e9;border-style:solid;\" ><div class=\"fusion-builder-row fusion-row fusion-flex-align-items-flex-start\" style=\"max-width:1248px;margin-left: calc(-4% \/ 2 );margin-right: calc(-4% \/ 2 );\"><div class=\"fusion-layout-column fusion_builder_column fusion-builder-column-0 fusion_builder_column_1_1 1_1 fusion-flex-column\"><div class=\"fusion-column-wrapper fusion-flex-justify-content-flex-start fusion-content-layout-column\" style=\"background-position:left top;background-repeat:no-repeat;-webkit-background-size:cover;-moz-background-size:cover;-o-background-size:cover;background-size:cover;padding: 0px 0px 0px 0px;\"><div class=\"fusion-text fusion-text-1\"><div>\n<h1 class=\"entry-title fusion-post-title\">Le 80JOURnal #6<\/h1>\n<p>Nous avons le plaisir de vous annoncer la parution d\u2019une nouvelle \u00e9dition du \u00ab 80 Journal \u00bb, le journal scolaire enti\u00e8rement r\u00e9dig\u00e9 par<br \/>\nnos \u00e9l\u00e8ves. Cette \u00e9dition est le fruit d\u2019un travail rigoureux, cr\u00e9atif et de grande qualit\u00e9, dans lequel nos \u00e9l\u00e8ves ont recherch\u00e9, r\u00e9dig\u00e9, r\u00e9vis\u00e9 et mis en page chaque contenu avec s\u00e9rieux et engagement. Le \u00ab 80 Journal \u00bb est une v\u00e9ritable d\u00e9monstration du talent, de l\u2019effort et de l\u2019implication de notre alumnado dans la communication et l\u2019esprit critique. Nous vous invitons \u00e0 lire, appr\u00e9cier et valoriser cette nouvelle publication, qui refl\u00e8te non seulement l\u2019actualit\u00e9 de notre<br \/>\n\u00e9tablissement, mais aussi la voix et les pr\u00e9occupations de celles et ceux qui le font vivre au quotidien.<br \/>\nNous remercions tous les \u00e9l\u00e8ves impliqu\u00e9s ainsi que les enseignants qui ont accompagn\u00e9 ce projet pour leur enthousiasme et la qualit\u00e9 remarquable de leur travail.<br \/>\nNous esp\u00e9rons que vous appr\u00e9cierez cette \u00e9dition !<\/p>\n<\/div>\n<p><a href=\"https:\/\/drive.google.com\/file\/d\/1fx_xpAt7aP5qH8noesJK0HKoXIX6b5f3\/view?usp=sharing\">https:\/\/drive.google.com\/file\/d\/1fx_xpAt7aP5qH8noesJK0HKoXIX6b5f3\/view?usp=sharing<\/a><\/p>\n<h1 class=\"entry-title fusion-post-title\">Le 80JOURnal #5<\/h1>\n<p>C\u2019est un plaisir de partager avec vous le 5 \u00e8me num\u00e9ro du journal <strong><em>Le\u00a0 80JOURnal<\/em><\/strong>, enti\u00e8rement con\u00e7u et produit par nos \u00e9l\u00e8ves du Conseil de Vie \u00c9tudiante: Yann Favier, Sof\u00eda Tom\u00e1s, Mario Rodr\u00edguez, Rita Guillam\u00f3n et Thais Moreno.<\/p>\n<\/div><div class=\"fusion-text fusion-text-2\"><p><a href=\"https:\/\/drive.google.com\/file\/d\/1wxfs8RKLNn9YkpW3z0jl74crncapPUis\/preview\">https:\/\/drive.google.com\/file\/d\/1wxfs8RKLNn9YkpW3z0jl74crncapPUis\/preview<\/a><\/p>\n<\/div><\/div><style type=\"text\/css\">.fusion-body .fusion-builder-column-0{width:100% !important;margin-top : 0px;margin-bottom : 20px;}.fusion-builder-column-0 > .fusion-column-wrapper {padding-top : 0px !important;padding-right : 0px !important;margin-right : 1.92%;padding-bottom : 0px !important;padding-left : 0px !important;margin-left : 1.92%;}@media only screen and (max-width:850px) {.fusion-body .fusion-builder-column-0{width:100% !important;order : 0;}.fusion-builder-column-0 > .fusion-column-wrapper {margin-right : 1.92%;margin-left : 1.92%;}}@media only screen and (max-width:490px) {.fusion-body .fusion-builder-column-0{width:100% !important;order : 0;}.fusion-builder-column-0 > .fusion-column-wrapper {margin-right : 1.92%;margin-left : 1.92%;}}<\/style><\/div><\/div><style type=\"text\/css\">.fusion-body .fusion-flex-container.fusion-builder-row-1{ padding-top : 0px;margin-top : 0px;padding-right : 0px;padding-bottom : 0px;margin-bottom : 0px;padding-left : 0px;}<\/style><\/div>\n","protected":false},"excerpt":{"rendered":"","protected":false},"author":282,"featured_media":42645,"comment_status":"open","ping_status":"open","sticky":false,"template":"","format":"standard","meta":{"footnotes":""},"categories":[2],"tags":[],"class_list":["post-42641","post","type-post","status-publish","format-standard","has-post-thumbnail","hentry","category-non-classifiee"],"jetpack_featured_media_url":"https:\/\/liceofrancestenerife.es\/nuevaweb\/wp-content\/uploads\/2025\/06\/JOURNAL-4.jpg","_links":{"self":[{"href":"https:\/\/liceofrancestenerife.es\/fr\/wp-json\/wp\/v2\/posts\/42641","targetHints":{"allow":["GET"]}}],"collection":[{"href":"https:\/\/liceofrancestenerife.es\/fr\/wp-json\/wp\/v2\/posts"}],"about":[{"href":"https:\/\/liceofrancestenerife.es\/fr\/wp-json\/wp\/v2\/types\/post"}],"author":[{"embeddable":true,"href":"https:\/\/liceofrancestenerife.es\/fr\/wp-json\/wp\/v2\/users\/282"}],"replies":[{"embeddable":true,"href":"https:\/\/liceofrancestenerife.es\/fr\/wp-json\/wp\/v2\/comments?post=42641"}],"version-history":[{"count":9,"href":"https:\/\/liceofrancestenerife.es\/fr\/wp-json\/wp\/v2\/posts\/42641\/revisions"}],"predecessor-version":[{"id":42972,"href":"https:\/\/liceofrancestenerife.es\/fr\/wp-json\/wp\/v2\/posts\/42641\/revisions\/42972"}],"wp:featuredmedia":[{"embeddable":true,"href":"https:\/\/liceofrancestenerife.es\/fr\/wp-json\/wp\/v2\/media\/42645"}],"wp:attachment":[{"href":"https:\/\/liceofrancestenerife.es\/fr\/wp-json\/wp\/v2\/media?parent=42641"}],"wp:term":[{"taxonomy":"category","embeddable":true,"href":"https:\/\/liceofrancestenerife.es\/fr\/wp-json\/wp\/v2\/categories?post=42641"},{"taxonomy":"post_tag","embeddable":true,"href":"https:\/\/liceofrancestenerife.es\/fr\/wp-json\/wp\/v2\/tags?post=42641"}],"curies":[{"name":"wp","href":"https:\/\/api.w.org\/{rel}","templated":true}]}}